{"id":473,"date":"2018-12-11T20:24:47","date_gmt":"2018-12-11T20:24:47","guid":{"rendered":"https:\/\/gerec.fi\/2018\/12\/11\/life-space-mobility-in-older-people-lispe-d1\/"},"modified":"2018-12-11T20:24:47","modified_gmt":"2018-12-11T20:24:47","slug":"","status":"publish","type":"post","link":"https:\/\/www.gerec.fi\/en\/life-space-mobility-in-older-people-lispe-d1\/","title":{"rendered":"","raw":""},"content":{"rendered":"","protected":false,"raw":""},"excerpt":{"rendered":"I\u00e4kk\u00e4iden ihmisten liikkumiskyky ja elinpiiri (LISPE) I\u00e4kk\u00e4iden ihmisten liikkumiskyky ja elinpiiri (LISPE)LISPE on pitkitt\u00e4istutkimus jonka k\u00e4ynnistettiin vuonna 2011. Tutkimuksen tavoitteena on tarkastella, miten i\u00e4kk\u00e4iden ihmisten koti- ja l\u00e4hiymp\u00e4rist\u00f6n piirteet ja henkil\u00f6n toimintakyky yhdess\u00e4 muokkaavat elinpiirin laajuutta ja el\u00e4m\u00e4nlaatua. P\u00e4\u00e4vastemittarina toimii&hellip;","protected":false,"raw":""},"author":1,"featured_media":0,"comment_status":"open","ping_status":"open","sticky":false,"template":"","format":"standard","meta":{"_mi_skip_tracking":false,"_fi_post_content":"<div id=\"articleHeader\"><h1>                    I\u00e4kk\u00e4iden ihmisten liikkumiskyky ja elinpiiri (LISPE)                <\/h1><\/div>                                                                                                                                                                                                                                                                                                                                                                                                             <p style=\"text-align: left; \"><b><span style=\"text-decoration: underline;\">I\u00e4kk\u00e4iden ihmisten liikkumiskyky ja elinpiiri (LISPE)<\/span><\/b><\/p><p>LISPE on pitkitt\u00e4istutkimus jonka k\u00e4ynnistettiin vuonna 2011. Tutkimuksen tavoitteena on tarkastella, miten i\u00e4kk\u00e4iden ihmisten koti- ja l\u00e4hiymp\u00e4rist\u00f6n piirteet ja henkil\u00f6n toimintakyky yhdess\u00e4 muokkaavat elinpiirin laajuutta ja el\u00e4m\u00e4nlaatua. P\u00e4\u00e4vastemittarina toimii The Life-Space Assessment -mittari (Elinpiirin arviointi).<\/p><p>Tutkimus kest\u00e4\u00e4 kaksi vuotta jona aikana henkil\u00f6it\u00e4 haastatellaan kolme kertaa; alkutilanteessa, vuoden kuluttua sek\u00e4 kahden vuoden kuluttua. Tutkimuksen osallistujat ovat 75-90-vuotiaita Jyv\u00e4skyl\u00e4n ja Muuramen alueella itsen\u00e4isesti asuvia henkil\u00f6it\u00e4. Hankkeeseen otettiin mukaan 848 henkil\u00f6\u00e4. \u00a0Kotihaastattelusta ker\u00e4ttiin tietoja elinpiirist\u00e4, koetusta ymp\u00e4rist\u00f6 esteist\u00e4 ja liikkumaan houkuttelevista tekij\u00f6ist\u00e4, terveydest\u00e4, liikkumiskyvyst\u00e4, toimintakyvyst\u00e4, osallistumisesta, fyysisest\u00e4 aktiivisuudesta, henkil\u00f6kohtaisista tavoitteista ja el\u00e4m\u00e4nlaadusta.\u00a0 Lis\u00e4ksi arvioitiin kodin l\u00e4hiymp\u00e4rist\u00f6\u00e4 sek\u00e4 mitattiin tutkittavien liikkumiskyky\u00e4. Kuolleisuus- ja sairaalahoitotietoja ker\u00e4t\u00e4\u00e4n rekistereist\u00e4.<\/p><p>Tutkittavista valittiin lis\u00e4ksi 174 henkil\u00f6n ryhm\u00e4, joka k\u00e4yttiv\u00e4t seitsem\u00e4n p\u00e4iv\u00e4n ajan askelmittaria (kiihtyvyysmittaria) sek\u00e4 t\u00e4yttiv\u00e4t liikuntap\u00e4iv\u00e4kirjaa. Lis\u00e4ksi 360 henkil\u00f6\u00e4 t\u00e4ytti liikuntap\u00e4iv\u00e4kirjaa seitsem\u00e4n p\u00e4iv\u00e4n aikana. K\u00e4velytutkimuksen tarkoituksena on selvitt\u00e4\u00e4 ik\u00e4\u00e4ntyneiden ihmisten liikkumista ja fyysist\u00e4 aktiivisuutta. Lis\u00e4ksi voidaan tutkia liikunnan m\u00e4\u00e4r\u00e4n ja elinpiirin koon yhteytt\u00e4.<\/p><p>Tutkimuksella saadaan lis\u00e4tietoa miten yksil\u00f6n ja ymp\u00e4rist\u00f6n ominaisuudet vaikuttavat ik\u00e4\u00e4ntyneiden fyysiseen aktiivisuuteen ja liikkumiseen. Tutkimuksen tuottamaa uutta tietoa voidaan hy\u00f6dynt\u00e4\u00e4 esimerkiksi kaupunkisuunnittelussa, jotta voidaan kehitt\u00e4\u00e4 ymp\u00e4rist\u00f6\u00e4 kaiken ik\u00e4isille sopivaksi ja houkuttelevaksi liikkumiseen.<\/p><p style=\"text-align: left; \"><b>Tutkimuksen rahoittaja<\/b><\/p><p>Suomen Akatemia - Asumisen tulevaisuus tutkimusohjelma, Opetus- ja Kulttuuriministeri\u00f6, Jyv\u00e4skyl\u00e4n yliopisto.<\/p><p style=\"text-align: left; \"><b>Tutkijaryhm\u00e4<\/b><\/p><p style=\"text-align: left; \"><b><i>Vastuullinen tutkija<\/i><\/b><\/p><p style=\"text-align: left; \">Prof. Taina Rantanen taina.rantanen [at] jyu.fi, terveystieteiden laitos, Jyv\u00e4skyl\u00e4n yliopisto<\/p><p style=\"text-align: left; \"><b><i>Tutkijatohtorit <\/i><\/b><\/p><p style=\"text-align: left; \">Merja Rantakokko merja.rantakokko[at]jyu.fi, terveystieteiden laitos, Jyv\u00e4skyl\u00e4n yliopisto\u00a0<span><a href=\"http:\/\/www.gerec.fi\/tutkimus\/Aging%20and%20physical%20activity\/ulkoymparisto-osallisuuden-autonomian-ja-hyvinvoinnin-ennustajana-vanhuudessa\"  target=\"_blank\">Ulkoymp\u00e4rist\u00f6 osallisuuden, autonomian ja hyvinvoinnin ennustajana vanhuudessa<\/a><\/span><\/p><p>Erja Portegijs erja.portegijs[at]jyu.fi, terveystieteiden laitos, Jyv\u00e4skyl\u00e4n yliopisto \u00a0 <a href=\"http:\/\/www.gerec.fi\/tutkimus\/aging-and-physical-activity\/henkilossa-ja-ymparistossa-esiintyvat-esteet-ja-houkutukset-jotka-vaikuttavat-iakkaiden-ihmisten-elinpiiriin-ja-liikkumiseen\"  target=\"_blank\">Individual and environmental barriers and facilitators for life-space mobility and physical activity in old age<\/a><\/p><p style=\"text-align: left; \"><b><i>Tohtoriopiskelijat<\/i><\/b><\/p><p>Johanna Eronen Johanna.eronen[at]jyu.fi, terveystieteiden laitos, Jyv\u00e4skyl\u00e4n yliopisto\u00a0 I\u00e4kk\u00e4iden henkil\u00f6iden eriarvoisuus liikunnassa<\/p><p style=\"text-align: left; \">Milla Saajanaho milla.saajanaho[at]jyu.fi, terveystieteiden laitos, Jyv\u00e4skyl\u00e4n yliopisto Ik\u00e4\u00e4ntyneiden henkil\u00f6kohtaisten tavoitteiden yhteys fyysiseen aktiivisuuteen, toimintakykyyn ja elinpiiriin<\/p><p>Li-Tang Tsai li-tang.tsai[at]jyu.fi, terveystieteiden laitos, Jyv\u00e4skyl\u00e4n yliopisto\u00a0 Kotona asuvien i\u00e4kk\u00e4iden henkil\u00f6iden k\u00e4velyaktiivisuus ja elinpiiri<\/p><p style=\"text-align: left; \"><b>Keskeisimm\u00e4t julkaisut <\/b><\/p><p style=\"text-align: left; \">Rantakokko M, Iwarsson S, M\u00e4nty M, Leinonen R, Rantanen T. Perceived barriers to mobility in the outdoor environment and development of walking difficulty in older people. Age and Ageing 2012;41(1):118-21.<\/p><p style=\"text-align: left; \">Rantakokko, M, Iwarsson S,\u00a0 Kauppinen M, Leinonen R, Heikkinen E, Rantanen T.Quality of Life and Barriers in the Outdoor Environment in Old Age. J Am Geriatr Soc 2010;58(11):2154-9.<\/p><p style=\"text-align: left; \">Eronen J, von Bonsdorff MB, Rantakokko M, Rantanen T. Accumulation of disparity in physical activity in old age. <i>Aging, Clinical Experimental Research<\/i> Epub ahead of print 2012 Apr 23, doi: 10.3275\/8389<\/p><p style=\"text-align: left; \"><span>Rantanen T, Portegijs E, Viljanen A, Eronen J, Saajanaho M, Tsai L-T, Kauppinen M, Palonen E-M, Sipil\u00e4 S, Iwarsson S, Rantakokko M. Individual and Environmental Factors Underlying Life-Space of Older People \u2013 Study Protocol and Design of a Cohort Study on Life Space Mobility in Old Age (LISPE). BMC Public Health 2012, 12:1018. DOI: 10.1186\/1471-2458-12-1018.<\/span><\/p><p style=\"text-align: left; \"><b>Yhteisty\u00f6tahot<\/b><\/p><p style=\"text-align: left; \">Lundin yliopisto, Center for Supportive Environments (Prof. Susanne Iwarsson)<\/p>                    ","_fi_post_name":"life-space-mobility-in-older-people-lispe-d1","_fi_post_excerpt":"","_fi_post_title":"I\u00e4kk\u00e4iden ihmisten liikkumiskyky ja elinpiiri (LISPE)","_en_post_content":"","_en_post_name":"","_en_post_excerpt":"","_en_post_title":"","edit_language":"en","footnotes":""},"categories":[1],"tags":[],"class_list":["post-473","post","type-post","status-publish","format-standard","hentry","category-yleinen","entry","no-media"],"_links":{"self":[{"href":"https:\/\/www.gerec.fi\/en\/wp-json\/wp\/v2\/posts\/473","targetHints":{"allow":["GET"]}}],"collection":[{"href":"https:\/\/www.gerec.fi\/en\/wp-json\/wp\/v2\/posts"}],"about":[{"href":"https:\/\/www.gerec.fi\/en\/wp-json\/wp\/v2\/types\/post"}],"author":[{"embeddable":true,"href":"https:\/\/www.gerec.fi\/en\/wp-json\/wp\/v2\/users\/1"}],"replies":[{"embeddable":true,"href":"https:\/\/www.gerec.fi\/en\/wp-json\/wp\/v2\/comments?post=473"}],"version-history":[{"count":0,"href":"https:\/\/www.gerec.fi\/en\/wp-json\/wp\/v2\/posts\/473\/revisions"}],"wp:attachment":[{"href":"https:\/\/www.gerec.fi\/en\/wp-json\/wp\/v2\/media?parent=473"}],"wp:term":[{"taxonomy":"category","embeddable":true,"href":"https:\/\/www.gerec.fi\/en\/wp-json\/wp\/v2\/categories?post=473"},{"taxonomy":"post_tag","embeddable":true,"href":"https:\/\/www.gerec.fi\/en\/wp-json\/wp\/v2\/tags?post=473"}],"curies":[{"name":"wp","href":"https:\/\/api.w.org\/{rel}","templated":true}]}}