{"id":467,"date":"2018-12-11T20:24:47","date_gmt":"2018-12-11T20:24:47","guid":{"rendered":"https:\/\/gerec.fi\/2018\/12\/11\/elinpiiri-liikkuminen-ja-aistitoiminnot-iakkailla-ihmisilla-limo\/"},"modified":"2018-12-11T20:24:47","modified_gmt":"2018-12-11T20:24:47","slug":"","status":"publish","type":"post","link":"https:\/\/www.gerec.fi\/en\/elinpiiri-liikkuminen-ja-aistitoiminnot-iakkailla-ihmisilla-limo\/","title":{"rendered":"","raw":""},"content":{"rendered":"","protected":false,"raw":""},"excerpt":{"rendered":"Elinpiiri, liikkuminen ja aistitoiminnot i\u00e4kk\u00e4ill\u00e4 ihmisill\u00e4 (LIMO) Elinpiiri, liikkuminen ja aistitoiminnot i\u00e4kk\u00e4ill\u00e4 ihmisill\u00e4 (LIMO) Tutkimuksen tarkoituksena on selvitt\u00e4\u00e4 aistitoimintojen osuutta liikkumiskyvyn ongelmiin ja elinpiirin pienenemiseen i\u00e4kk\u00e4ill\u00e4 henkil\u00f6ill\u00e4. Kyky liikkua ulkona omassa elinpiiriss\u00e4\u00e4n jalkaisin ja\/tai erilaisia kulkuv\u00e4lineit\u00e4 k\u00e4ytt\u00e4en mahdollistaa i\u00e4kk\u00e4iden henkil\u00f6iden&hellip;","protected":false,"raw":""},"author":1,"featured_media":0,"comment_status":"open","ping_status":"open","sticky":false,"template":"","format":"standard","meta":{"_mi_skip_tracking":false,"_fi_post_content":"<div id=\"articleHeader\"><h1>                    Elinpiiri, liikkuminen ja aistitoiminnot i\u00e4kk\u00e4ill\u00e4 ihmisill\u00e4 (LIMO)                 <\/h1><\/div>                                                                                                                                                                                                                                                                                                                                            <div id=\"content-core\">                                                     <div id=\"parent-fieldname-text-92b0cd63-7c88-48d5-8115-8cd21efa59ee\">            <p style=\"text-align: left; \"><b><span style=\"text-decoration: underline;\">Elinpiiri, liikkuminen ja aistitoiminnot i\u00e4kk\u00e4ill\u00e4 ihmisill\u00e4 (LIMO) <\/span><\/b><\/p><p style=\"text-align: left; \">Tutkimuksen tarkoituksena on selvitt\u00e4\u00e4 aistitoimintojen osuutta liikkumiskyvyn ongelmiin ja elinpiirin pienenemiseen i\u00e4kk\u00e4ill\u00e4 henkil\u00f6ill\u00e4. Kyky liikkua ulkona omassa elinpiiriss\u00e4\u00e4n jalkaisin ja\/tai erilaisia kulkuv\u00e4lineit\u00e4 k\u00e4ytt\u00e4en mahdollistaa i\u00e4kk\u00e4iden henkil\u00f6iden itsen\u00e4isen asumisen ollen siten t\u00e4rke\u00e4 hyv\u00e4n el\u00e4m\u00e4nlaadun osatekij\u00e4. Elinpiirill\u00e4 tarkoitetaan sit\u00e4 alueellista tilaa, jossa ihminen liikkuu sek\u00e4 eri et\u00e4isyyksille tehtyjen matkojen yleisyytt\u00e4. Liikkumiskyky arjen erilaajuisissa elinpiireiss\u00e4 kuvaa yksil\u00f6n resurssien ja ymp\u00e4rist\u00f6n vaateiden v\u00e4list\u00e4 tasapainoa. Heikentyneet aistitoiminnot vaikeuttavat ymp\u00e4rist\u00f6n havainnointia ja saattavat siten vaikeuttaa i\u00e4kk\u00e4iden henkil\u00f6iden ulkona liikkumista. Jotta i\u00e4kk\u00e4iden henkil\u00f6iden liikkumiskyvyn ongelmia voitaisiin mahdollisimman tehokkaasti ehk\u00e4ist\u00e4, tarvitaan lis\u00e4\u00e4 tietoa liikkumiskyvyn heikkenemisen eri vaiheista sek\u00e4 i\u00e4kk\u00e4iden henkil\u00f6iden k\u00e4ytt\u00e4mist\u00e4 kompensatorisista mekanismeista, joiden avulla he selviytyv\u00e4t elinpiiriss\u00e4\u00e4n. Tutkimuksessa hy\u00f6dynnet\u00e4\u00e4n <a title=\"FITSA\" href=\"https:\/\/www.jyu.fi\/sport\/laitokset\/tutkimusyksikot\/sgt\/Tutkimus\/fitsa\"  target=\"_blank\">FITSA<\/a> ja <a title=\"LISPE\" href=\"https:\/\/www.jyu.fi\/sport\/laitokset\/tutkimusyksikot\/sgt\/Tutkimus\/LISPE\"  target=\"_blank\">LISPE<\/a> aineistoja sek\u00e4 tanskalaista Longitudinal Study of Aging of Danish Twins (LSADT) aineistoa.<\/p><p style=\"text-align: left; \"><b>Tutkimuksen rahoittajat<\/b><\/p><p style=\"text-align: left; \">Suomen Akatemia, Suomen Kulttuurirahasto<\/p><p style=\"text-align: left; \"><b>Tutkimusryhm\u00e4<\/b><\/p><p style=\"text-align: left; \"><i>Tutkijatohtori <\/i><\/p><p style=\"text-align: left; \">Anne Viljanen, anne.viljanen[at]jyu.fi, terveystieteiden laitos, Jyv\u00e4skyl\u00e4n yliopisto<\/p><p style=\"text-align: left; \"><b>Yhteisty\u00f6tahoja<\/b><\/p><p style=\"text-align: left; \">Helsingin yliopisto (Prof. Jaakko Kaprio)<\/p><p style=\"text-align: left; \">University of Southern Denmark (Prof. Kaare Christensen)<\/p><p style=\"text-align: left; \"><b>Keskeiset julkaisut<\/b><\/p><p style=\"text-align: left; \">Viljanen A, Kulmala J, Rantakokko M, Koskenvuo M, Kaprio J, Rantanen T. Fear of falling and coexisting sensory difficultiees as predictors of mobility decline in older women. J Gerontol A Biol Sci Med Sci 2012;67:1230-7.<\/p>                    <\/div>                                                                                                                          ","_fi_post_name":"elinpiiri-liikkuminen-ja-aistitoiminnot-iakkailla-ihmisilla-limo","_fi_post_excerpt":"","_fi_post_title":"Elinpiiri, liikkuminen ja aistitoiminnot i\u00e4kk\u00e4ill\u00e4 ihmisill\u00e4 (LIMO)","_en_post_content":"","_en_post_name":"","_en_post_excerpt":"","_en_post_title":"","edit_language":"en","footnotes":""},"categories":[1],"tags":[],"class_list":["post-467","post","type-post","status-publish","format-standard","hentry","category-yleinen","entry","no-media"],"_links":{"self":[{"href":"https:\/\/www.gerec.fi\/en\/wp-json\/wp\/v2\/posts\/467","targetHints":{"allow":["GET"]}}],"collection":[{"href":"https:\/\/www.gerec.fi\/en\/wp-json\/wp\/v2\/posts"}],"about":[{"href":"https:\/\/www.gerec.fi\/en\/wp-json\/wp\/v2\/types\/post"}],"author":[{"embeddable":true,"href":"https:\/\/www.gerec.fi\/en\/wp-json\/wp\/v2\/users\/1"}],"replies":[{"embeddable":true,"href":"https:\/\/www.gerec.fi\/en\/wp-json\/wp\/v2\/comments?post=467"}],"version-history":[{"count":0,"href":"https:\/\/www.gerec.fi\/en\/wp-json\/wp\/v2\/posts\/467\/revisions"}],"wp:attachment":[{"href":"https:\/\/www.gerec.fi\/en\/wp-json\/wp\/v2\/media?parent=467"}],"wp:term":[{"taxonomy":"category","embeddable":true,"href":"https:\/\/www.gerec.fi\/en\/wp-json\/wp\/v2\/categories?post=467"},{"taxonomy":"post_tag","embeddable":true,"href":"https:\/\/www.gerec.fi\/en\/wp-json\/wp\/v2\/tags?post=467"}],"curies":[{"name":"wp","href":"https:\/\/api.w.org\/{rel}","templated":true}]}}