{"id":466,"date":"2018-12-11T20:24:47","date_gmt":"2018-12-11T20:24:47","guid":{"rendered":"https:\/\/gerec.fi\/2018\/12\/11\/mediators-of-psychosocial-risk-factors-and-adverse-health-events-in-older-people-mesh\/"},"modified":"2018-12-11T20:24:47","modified_gmt":"2018-12-11T20:24:47","slug":"","status":"publish","type":"post","link":"https:\/\/www.gerec.fi\/en\/mediators-of-psychosocial-risk-factors-and-adverse-health-events-in-older-people-mesh\/","title":{"rendered":"","raw":""},"content":{"rendered":"","protected":false,"raw":""},"excerpt":{"rendered":"Psykososiaalisten riskitekij\u00f6iden ja terveyden heikkenemisen v\u00e4litt\u00e4j\u00e4t vanhuudessa (MESH) Psykososiaalisten riskitekij\u00f6iden ja terveyden heikkenemisen v\u00e4litt\u00e4j\u00e4t vanhuudessa (MESH) Tavoitteena on tarkastella psykososiaalisten tekij\u00f6iden ja terveyden heikkenemisen v\u00e4lisi\u00e4 mekanismeja hy\u00f6dynt\u00e4m\u00e4ll\u00e4 olemassa olevia pitkitt\u00e4isaineistoja ja kehitt\u00e4m\u00e4ll\u00e4 edelleen elinaikamallinnuksia. Aikaisemmat tutkimukset ovat osoittaneet vahvan yhteyden&hellip;","protected":false,"raw":""},"author":1,"featured_media":0,"comment_status":"open","ping_status":"open","sticky":false,"template":"","format":"standard","meta":{"_mi_skip_tracking":false,"_fi_post_content":"<div id=\"articleHeader\"><h1>                    Psykososiaalisten riskitekij\u00f6iden ja terveyden heikkenemisen v\u00e4litt\u00e4j\u00e4t vanhuudessa (MESH)                <\/h1><\/div>                                                                                                                                                                                                                                                                                                                                                                                                             <p style=\"text-align: left; \"><span style=\"text-decoration: underline;\"><b>Psykososiaalisten riskitekij\u00f6iden ja terveyden heikkenemisen v\u00e4litt\u00e4j\u00e4t vanhuudessa (MESH)<\/b> <\/span><\/p><p style=\"text-align: left; \">Tavoitteena on tarkastella psykososiaalisten tekij\u00f6iden ja terveyden heikkenemisen v\u00e4lisi\u00e4 mekanismeja hy\u00f6dynt\u00e4m\u00e4ll\u00e4 olemassa olevia pitkitt\u00e4isaineistoja ja kehitt\u00e4m\u00e4ll\u00e4 edelleen elinaikamallinnuksia. Aikaisemmat tutkimukset ovat osoittaneet vahvan yhteyden psykososiaalisten tekij\u00f6iden ja terveyden v\u00e4lill\u00e4. Vaikka joitain teorioita on esitetty yhteyden taustalla olevista mekanismeista, niit\u00e4 ei ole kuitenkaan kyetty testaamaan monitieteisiss\u00e4 ja geneettisesti kontrolloiduissa pitkitt\u00e4isaineistoissa. T\u00e4m\u00e4 tutkimusprojekti mahdollistaa niiden psykologisten, biologisten ja geneettisten mekanismien tarkemman tutkimuksen, jotka ovat psykososiaalisten tekij\u00f6iden, kuten esimerkiksi sosiaalisen tuen, sosiaalisen aktiivisuuden, depressiivisyyden, el\u00e4m\u00e4\u00e4ntyytyv\u00e4isyyden ja yksin\u00e4isyyden ja kuolleisuuden riskin v\u00e4lill\u00e4 erityisesti i\u00e4kk\u00e4\u00e4ss\u00e4 v\u00e4est\u00f6ss\u00e4.<\/p><p style=\"text-align: left; \">Ty\u00f6ss\u00e4 k\u00e4ytet\u00e4\u00e4n hyv\u00e4ksi ainutlaatuisia, jo olemassa olevia kaksos- ja muita aineistoja Suomesta, Ruotsista, Hollannista ja Isosta-Britanniasta. Kansainv\u00e4linen ja monitieteinen tutkijaryhm\u00e4 koostuu epidemiologian, psykologian, tilastotieteen ja vanhenemisen asiantuntijoista. Projektissa k\u00e4ytett\u00e4v\u00e4t aineistot ovat: The Finnish Twin Cohort Study, Longitudinal Aging Study of Amsterdam (LASA), Swedish Twin Studies on Aging (Swedish Adoption\/Twin Study of Aging and OCTO-Twin), Women\u00b4s Health and Aging Study, The Finnish Twin Study of Aging, National Child Developement Study (NCDS) ja English Longitudinal Study of Ageing (ELSA).\u00a0Nordic Research on Aging -tutkimus ja Ikivihre\u00e4t -projekti. Yhteens\u00e4 haastatteluihin ja mittauksiin on osallistunut yli 30 000 tutkittavaa. Psykososiaalisten tekij\u00f6iden ja terveyteen liittyvien mittausten ohella saatavilla on kuolintiedot sek\u00e4 osassa tiedot laitoshoidosta. Tutkimuksen tulokset mahdollistavat erilaisten riskiryhmien tunnistamisen edesauttaen n\u00e4in terveyden ja toimintakyvyn heikkenemist\u00e4 ennaltaehk\u00e4isevien toimien kehitt\u00e4mist\u00e4 esimerkiksi erilaisten interventiotutkimusten avulla. Projektin puitteissa tehd\u00e4\u00e4n my\u00f6s tutkimusvierailuja Hollantiin ja Iso-Britanniaan.<\/p><p style=\"text-align: left; \"><b>Tutkimuksen rahoittaja<\/b><\/p><p style=\"text-align: left; \">Suomen Akatemia<\/p><p style=\"text-align: left; \"><b>Tutkimusryhm\u00e4<\/b><\/p><p style=\"text-align: left; \"><b><i>Vastuullinen tutkija<\/i><\/b><\/p><p style=\"text-align: left; \">Dosentti Tiina-Mari Lyyra, tiina-mari.lyyra[at]jyu.fi, terveystieteiden laitos, Jyv\u00e4skyl\u00e4n yliopisto<\/p><p style=\"text-align: left; \"><b><i>Tutkijat<\/i><\/b><\/p><p style=\"text-align: left; \">Sanna Read, sanna.read[at]lshtm.ac.uk<\/p><p style=\"text-align: left; \">Timo T\u00f6rm\u00e4kangas, timo.tormakangas[at]jyu.fi terveystieteiden laitos, Jyv\u00e4skyl\u00e4n yliopisto<\/p><p style=\"text-align: left; \"><b><i>Tohtoriopiskelijat <\/i><\/b><\/p><p>Heidi Hietanen, heidi.hietanen[at]jyu.fi, terveystieteiden laitos, Jyv\u00e4skyl\u00e4n yliopisto\u00a0 My\u00f6hemm\u00e4in i\u00e4n sosiaalisen kanssak\u00e4ymisen ennustajat - el\u00e4m\u00e4nkulun n\u00e4k\u00f6kulma<\/p><p style=\"text-align: left; \">Katja Pynn\u00f6nen,katja.pynnonen[at]jyu.fi, terveystieteiden laitos, Jyv\u00e4skyl\u00e4n yliopisto\u00a0 Sosiaalisen aktiivisuuden yhteys i\u00e4kk\u00e4iden ihmisten terveyteen<\/p><p style=\"text-align: left; \"><b>Keskeiset julkaisut <\/b><\/p><p style=\"text-align: left; \">Lyyra T-M, Lyyra A-L, Lumme-Sandt K,\u00a0 Heikkinen R-L: Social relations in older adults: Secular trends and longitudinal changes over a 16-year follow-up. Arch Gerontol Geriatr. 2010 Nov-Dec;51(3):e133-8. Epub 2010 Jun 17.<\/p><p style=\"text-align: left; \"><span>Pynn\u00f6nen, K., T\u00f6rm\u00e4kangas, T., Heikkinen, R-L., Rantanen, T. & Lyyra. T-M.  (2012). <\/span><span>Does social activity decrease risk for institutionalization and  mortality in older people? The Journals of Gerontology, Series B: Psychological  and Social Sciences, 67 (6), 765-774. doi: 10.1093\/geronb\/gbs076.<\/span><\/p><p style=\"text-align: left; \"><b>Yhteisty\u00f6tahoja<\/b><\/p><p style=\"text-align: left; \">Vrije University Amsterdam (Dorly Deeg)<\/p><p style=\"text-align: left; \">J\u00f6nk\u00f6ping University (Bo Malmberg)<\/p>                    ","_fi_post_name":"mediators-of-psychosocial-risk-factors-and-adverse-health-events-in-older-people-mesh","_fi_post_excerpt":"","_fi_post_title":"Psykososiaalisten riskitekij\u00f6iden ja terveyden heikkenemisen v\u00e4litt\u00e4j\u00e4t vanhuudessa (MESH)","_en_post_content":"","_en_post_name":"","_en_post_excerpt":"","_en_post_title":"","edit_language":"en","footnotes":""},"categories":[1],"tags":[],"class_list":["post-466","post","type-post","status-publish","format-standard","hentry","category-yleinen","entry","no-media"],"_links":{"self":[{"href":"https:\/\/www.gerec.fi\/en\/wp-json\/wp\/v2\/posts\/466","targetHints":{"allow":["GET"]}}],"collection":[{"href":"https:\/\/www.gerec.fi\/en\/wp-json\/wp\/v2\/posts"}],"about":[{"href":"https:\/\/www.gerec.fi\/en\/wp-json\/wp\/v2\/types\/post"}],"author":[{"embeddable":true,"href":"https:\/\/www.gerec.fi\/en\/wp-json\/wp\/v2\/users\/1"}],"replies":[{"embeddable":true,"href":"https:\/\/www.gerec.fi\/en\/wp-json\/wp\/v2\/comments?post=466"}],"version-history":[{"count":0,"href":"https:\/\/www.gerec.fi\/en\/wp-json\/wp\/v2\/posts\/466\/revisions"}],"wp:attachment":[{"href":"https:\/\/www.gerec.fi\/en\/wp-json\/wp\/v2\/media?parent=466"}],"wp:term":[{"taxonomy":"category","embeddable":true,"href":"https:\/\/www.gerec.fi\/en\/wp-json\/wp\/v2\/categories?post=466"},{"taxonomy":"post_tag","embeddable":true,"href":"https:\/\/www.gerec.fi\/en\/wp-json\/wp\/v2\/tags?post=466"}],"curies":[{"name":"wp","href":"https:\/\/api.w.org\/{rel}","templated":true}]}}