{"id":464,"date":"2018-12-11T20:24:47","date_gmt":"2018-12-11T20:24:47","guid":{"rendered":"https:\/\/gerec.fi\/2018\/12\/11\/the-finnish-twin-study-on-ageing-fitsa\/"},"modified":"2018-12-11T20:24:47","modified_gmt":"2018-12-11T20:24:47","slug":"","status":"publish","type":"post","link":"https:\/\/www.gerec.fi\/en\/the-finnish-twin-study-on-ageing-fitsa\/","title":{"rendered":"","raw":""},"content":{"rendered":"","protected":false,"raw":""},"excerpt":{"rendered":"The Finnish Twin Study on Ageing (FITSA) Tutkimuksen tarkoituksena on selvitt\u00e4\u00e4, mik\u00e4 on ymp\u00e4rist\u00f6tekij\u00f6iden (esimerkiksi elintapojen) ja mik\u00e4 geneettisten tekij\u00f6iden osuus vanhuuden toiminnanvajausten synnyss\u00e4. Tutkimuksen aineisto koostuu FITSA \u2013tutkimuksen alkumittausten aikaan 63-76-vuotiaista naiskaksosista (103 MZ ja 114 DZ paria), jotka&hellip;","protected":false,"raw":""},"author":1,"featured_media":0,"comment_status":"open","ping_status":"open","sticky":false,"template":"","format":"standard","meta":{"_mi_skip_tracking":false,"_fi_post_content":"<div id=\"articleHeader\"><h1>                    The Finnish Twin Study on Ageing (FITSA)                <\/h1><\/div>                                                                                                                                                                                                                                                                                                                                            <div id=\"content-core\">                                                     <div id=\"parent-fieldname-text-d15ecc9e-af94-435b-ab60-d2d188010d54\"><p>Tutkimuksen tarkoituksena on selvitt\u00e4\u00e4, mik\u00e4 on ymp\u00e4rist\u00f6tekij\u00f6iden (esimerkiksi elintapojen) ja mik\u00e4 geneettisten tekij\u00f6iden osuus vanhuuden toiminnanvajausten synnyss\u00e4. Tutkimuksen aineisto koostuu FITSA \u2013tutkimuksen alkumittausten aikaan 63-76-vuotiaista naiskaksosista (103 MZ ja 114 DZ paria), jotka ovat osallistuneet Suomen kaksoskohorttitutkimukseen vuodesta 1975 l\u00e4htien. N\u00e4in ollen k\u00e4yt\u00f6ss\u00e4 on runsaasti elintapa ja terveystietoja 35 vuoden takaa, mik\u00e4 tekee asetelmasta eritt\u00e4in tehokkaan vanhenemisilmi\u00f6iden tutkimisen kannalta<\/p><p>FITSAn laboratoriomittaukset toteutettiin Jyv\u00e4skyl\u00e4n yliopiston Liikunta- ja terveyslaboratoriossa 2000-2001 ja seurantamittaukset talvella 2003-2004. Kolmas tutkimuskierros toteutettiin postikyselyn\u00e4 vuonna 2011. Alkumittauksiin osallistui 434 henkil\u00f6\u00e4 ja vuonna 2011 kutsu kyselytutkimukseen l\u00e4hetettiin 381:lle yh\u00e4 elossa olevalle tutkittavalle. Tutkittavilta on mitattu standardoiduilla menetelmill\u00e4 mm. lihasvoima, kehon koostumus, biokemiallisia indikaattoreita, luun mineraalitiheys, aistitoiminnot (n\u00e4\u00f6n tarkkuus, kuulo, tasapaino, v\u00e4rin\u00e4tuntoherkkyys), psykomotorinen nopeus, k\u00e4velynopeus, dual task suoriutuvuus ja muisti. Toiminnanvajauksia tutkittiin kysym\u00e4ll\u00e4 koettuja vaikeuksia eri p\u00e4ivitt\u00e4istoimintojen tekemisess\u00e4. Kaatumisia seurattiin kalenterimenetelm\u00e4ll\u00e4 vuoden ajan ensimm\u00e4isen laboratoriok\u00e4ynnin j\u00e4lkeen. Kuolleisuutta seurataan rekisteritietojen perusteella.<\/p><p><b>Rahoittajat<\/b><\/p><p>Suomen Akatemia ja Opetusministeri\u00f6<\/p><p><b>Tutkijaryhm\u00e4<\/b><\/p><p><i>Vastuullinen tutkija<\/i><\/p><p>Prof. Taina Rantanen; taina.rantanen[at]jyu.fi, terveystieteiden laitos, Jyv\u00e4skyl\u00e4n yliopisto<\/p><p style=\"text-align: left; \"><i>Tutkijatohtorit<\/i><\/p><p>Tutkijatohtori Anne Viljanen; anne.viljanen[at]jyu.fi<i>, <\/i>terveystieteiden laitos, Jyv\u00e4skyl\u00e4n yliopisto\u00a0<a href=\"http:\/\/www.gerec.fi\/tutkimus\/terveys-toimintakyky\/elinpiiri-liikkuminen-ja-aistitoiminnot-iakkailla-ihmisilla-limo\"  target=\"_blank\">Elinpiiri, liikkuminen ja aistitoiminnot i\u00e4kk\u00e4ill\u00e4 ihmisill\u00e4 (LIMO)<\/a><\/p><p>Elina\u00a0Sillanp\u00e4\u00e4, elina.sillanpaa[at]jyu.fi, terveystieteiden laitos, Jyv\u00e4skyl\u00e4n yliopisto <a href=\"http:\/\/www.gerec.fi\/tutkimus\/terveys-toimintakyky\/telomeerien-pituus-ja-fyysinen-toimintakyky-iakkailla-naisilla\"  target=\"_blank\">Telomeerien pituus ja fyysinen toimintakyky i\u00e4kk\u00e4ill\u00e4 naisilla<\/a><\/p><p><a href=\"http:\/\/www.gerec.fi\/tutkimus\/terveys-toimintakyky\/vaitoskirjat-fitsa\"  target=\"_blank\"><b>V\u00e4it\u00f6skirjat<\/b><\/a><\/p><p><b>Yhteisty\u00f6tahoja<\/b><\/p><p>Helsingin yliopisto (Jaakko Kaprio, Markku Koskenvuo)<\/p><p>Keski-Suomen Keskussairaala (Olavi P\u00e4rssinen)<\/p><p>ENGAGE -konsortio<\/p><\/div>                                                                                                                          ","_fi_post_name":"the-finnish-twin-study-on-ageing-fitsa","_fi_post_excerpt":"","_fi_post_title":"The Finnish Twin Study on Ageing (FITSA)","_en_post_content":"","_en_post_name":"","_en_post_excerpt":"","_en_post_title":"","edit_language":"en","footnotes":""},"categories":[1],"tags":[],"class_list":["post-464","post","type-post","status-publish","format-standard","hentry","category-yleinen","entry","no-media"],"_links":{"self":[{"href":"https:\/\/www.gerec.fi\/en\/wp-json\/wp\/v2\/posts\/464","targetHints":{"allow":["GET"]}}],"collection":[{"href":"https:\/\/www.gerec.fi\/en\/wp-json\/wp\/v2\/posts"}],"about":[{"href":"https:\/\/www.gerec.fi\/en\/wp-json\/wp\/v2\/types\/post"}],"author":[{"embeddable":true,"href":"https:\/\/www.gerec.fi\/en\/wp-json\/wp\/v2\/users\/1"}],"replies":[{"embeddable":true,"href":"https:\/\/www.gerec.fi\/en\/wp-json\/wp\/v2\/comments?post=464"}],"version-history":[{"count":0,"href":"https:\/\/www.gerec.fi\/en\/wp-json\/wp\/v2\/posts\/464\/revisions"}],"wp:attachment":[{"href":"https:\/\/www.gerec.fi\/en\/wp-json\/wp\/v2\/media?parent=464"}],"wp:term":[{"taxonomy":"category","embeddable":true,"href":"https:\/\/www.gerec.fi\/en\/wp-json\/wp\/v2\/categories?post=464"},{"taxonomy":"post_tag","embeddable":true,"href":"https:\/\/www.gerec.fi\/en\/wp-json\/wp\/v2\/tags?post=464"}],"curies":[{"name":"wp","href":"https:\/\/api.w.org\/{rel}","templated":true}]}}