{"id":448,"date":"2018-12-11T20:24:47","date_gmt":"2018-12-11T20:24:47","guid":{"rendered":"https:\/\/gerec.fi\/2018\/12\/11\/wraca\/"},"modified":"2018-12-11T20:24:47","modified_gmt":"2018-12-11T20:24:47","slug":"","status":"publish","type":"post","link":"https:\/\/www.gerec.fi\/en\/wraca\/","title":{"rendered":"","raw":""},"content":{"rendered":"","protected":false,"raw":""},"excerpt":{"rendered":"Work, retirement and active aging (WRACA) The aim is to study how work, work ability, transitioning into retirement and life style predict active aging, wellbeing in old age and need of care in old age. This project utilizes pre-existing population-based&hellip;","protected":false,"raw":""},"author":1,"featured_media":0,"comment_status":"open","ping_status":"open","sticky":false,"template":"","format":"standard","meta":{"_mi_skip_tracking":false,"_fi_post_content":"<div id=\"articleHeader\"><h1>                    Work, retirement and active aging (WRACA)                <\/h1><\/div>                                                                                                                                                                                                                                                                                                                                                                                                             <p>The aim is to study how work, work ability, transitioning into retirement and life style predict active aging, wellbeing in old age and need of care in old age. This project utilizes pre-existing population-based datasets, with interview, clinical examination or postal questionnaire data available for several decades. In addition, register-based data on retirement, use of reimbursable medication, health services and mortality is available. This project is done in collaboration with the Finnish Institute of Occupational Health (FIOH).<\/p><p>FIOH launched in 1981 a survey on the work ability and health of middle-aged municipal workers and the latest follow-up was completed in 2009. This project will also utilize data of the Evergreen-project, which was launched in 1988 among 65-85-year old people living in Jyv\u00e4skyl\u00e4. Almost all participants have died, and consequently we plan to use these data to study predictors of need of care in the last year of life.<\/p><p>This study will produce new knowledge about the long-term effect that the work career has on old age health and functioning. We will investigate e.g. how influences during earlier life, such as work and work ability, predict old age health, physical functioning, participation, care need and disability. The research will produce unique information on the effects of work on old age wellbeing, which has thus far been little studied. The study will contribute to research knowledge in the area of occupational gerontology.<\/p><p><b>Funding<\/b><\/p><p>Academy of Finland<\/p><p><b>Research group<\/b><\/p><p><i>Principal investigator<\/i><\/p><p>Professor Taina Rantanen, taina.rantanen[at]sport.jyu.fi, Deparment of Health Sciences, University of Jyv\u00e4skyl\u00e4<\/p><p><i>Postdoctoral researchers<\/i><\/p><p>Mikaela von Bonsdorff, mikaela.vonbonsdorff[at]jyu.fi Deparment of Health Sciences, University of Jyv\u00e4skyl\u00e4 <a href=\"http:\/\/www.gerec.fi\/en\/research\/work-and-life-course\/early-physical-development-and-growth-and-work-career-as-determinants-of-old-age-health-and-functioning-2013-a-life-course-epidemiology-approach-dewoage\"  target=\"_blank\">Early physical development, growth and work career as determinants of old age health and functioning \u2013 Life course epidemiology<\/a><\/p><p>Monika von Bonsdorff, monika.bonsdorff[at]jyu.fi Deparment of Health Sciences, University of Jyv\u00e4skyl\u00e4 <a href=\"http:\/\/www.gerec.fi\/en\/research\/work-and-life-course\/individual-and-work-related-predictors-of-dynamic-retirement-and-active-ageing-dynamo\"  target=\"_blank\">Individual and work-related predictors of dynamic retirement and active ageing (Dynamo)<\/a><\/p><p>Jenni Kulmala, jenni.kulmala[at]jyu.fi Deparment of Health Sciences, University of Jyv\u00e4skyl\u00e4\u00a0 <a href=\"http:\/\/www.gerec.fi\/en\/research\/work-and-life-course\/are-psychosocial-symptoms-and-self-rated-health-early-and-shared-risk-factors-for-physical-disability-and-cognitive-decline-in-old-age-pscog\"  target=\"_blank\">Are psychosocial symptoms and self-rated health early and shared risk factors for physical disability and cognitive decline in old age? (PSCog)<\/a><\/p><p><i>Statistical expert<\/i><\/p><p>Timo T\u00f6rm\u00e4kangas, PhD, timo.tormakangas[at]jyu.fi Deparment of Health Sciences, University of Jyv\u00e4skyl\u00e4<\/p><p><b>Selected publications<\/b><\/p><p>von Bonsdorff MB, Seitsamo J, Ilmarinen J, Nyg\u00e5rd CH, von Bonsdorff ME, Rantanen T. Work ability in midlife as a predictor of mortality and disability in later life: a 28-year prospective follow-up study. <i>Canadian Medical Association Journal<\/i> 2011;183:E235-42.<\/p><p>von Bonsdorff ME, Kokko K, Seitsamo J, von Bonsdorff MB, Nyg\u00e5rd CH, Ilmarinen J, Rantanen T. Work strain in midlife and 28-year work ability trajectories. <i>Scandinavian Journal of Work, Environment & Health<\/i> 2011;37:455-63.<\/p><p>von Bonsdorff MB, Seitsamo J, Ilmarinen J, Nyg\u00e5rd CH, von Bonsdorff ME, Rantanen T<i>. <\/i>Job strain among blue-collar and white-collar employees as a determinant of total mortality: A 28-year population-based follow-up.<i>BMJ Open<\/i> 2012;2:e000860.<\/p><p>Kulmala J, von Bonsdorff MB, Stenholm S, T\u00f6rm\u00e4kangas      T, von Bonsdorff ME, Nyg\u00e5rd CH, Klockars M, Seitsamo J, Ilmarinen J,      Rantanen T. Perceived stress symptoms in midlife predict disability in old      age. A 28-year prospective cohort study. Journal of Gerontology Series A: Biological Sciences and Medical      Sciences 2013;68:984-91.<\/p><p><b>Collaborators<\/b><\/p><p>Finnish Institute of Occupational Health (Jorma Seitsamo)<\/p><p>Juhani Ilmarinen Consulting Oy (Juhani Ilmarinen)<\/p><p>University of Tampere (Clas-H\u00e5kan Nyg\u00e5rd)<\/p>                    ","_fi_post_name":"wraca","_fi_post_excerpt":"","_fi_post_title":"Work, retirement and active aging (WRACA)","_en_post_content":"","_en_post_name":"","_en_post_excerpt":"","_en_post_title":"","edit_language":"en","footnotes":""},"categories":[1],"tags":[],"class_list":["post-448","post","type-post","status-publish","format-standard","hentry","category-yleinen","entry","no-media"],"_links":{"self":[{"href":"https:\/\/www.gerec.fi\/en\/wp-json\/wp\/v2\/posts\/448","targetHints":{"allow":["GET"]}}],"collection":[{"href":"https:\/\/www.gerec.fi\/en\/wp-json\/wp\/v2\/posts"}],"about":[{"href":"https:\/\/www.gerec.fi\/en\/wp-json\/wp\/v2\/types\/post"}],"author":[{"embeddable":true,"href":"https:\/\/www.gerec.fi\/en\/wp-json\/wp\/v2\/users\/1"}],"replies":[{"embeddable":true,"href":"https:\/\/www.gerec.fi\/en\/wp-json\/wp\/v2\/comments?post=448"}],"version-history":[{"count":0,"href":"https:\/\/www.gerec.fi\/en\/wp-json\/wp\/v2\/posts\/448\/revisions"}],"wp:attachment":[{"href":"https:\/\/www.gerec.fi\/en\/wp-json\/wp\/v2\/media?parent=448"}],"wp:term":[{"taxonomy":"category","embeddable":true,"href":"https:\/\/www.gerec.fi\/en\/wp-json\/wp\/v2\/categories?post=448"},{"taxonomy":"post_tag","embeddable":true,"href":"https:\/\/www.gerec.fi\/en\/wp-json\/wp\/v2\/tags?post=448"}],"curies":[{"name":"wp","href":"https:\/\/api.w.org\/{rel}","templated":true}]}}