{"id":434,"date":"2018-12-11T20:21:28","date_gmt":"2018-12-11T20:21:28","guid":{"rendered":"https:\/\/gerec.fi\/2018\/12\/11\/proactive-support-of-work-well-being-during-structural-changes-in-the-work\/"},"modified":"2018-12-11T20:21:28","modified_gmt":"2018-12-11T20:21:28","slug":"","status":"publish","type":"post","link":"https:\/\/www.gerec.fi\/en\/proactive-support-of-work-well-being-during-structural-changes-in-the-work\/","title":{"rendered":"","raw":""},"content":{"rendered":"","protected":false,"raw":""},"excerpt":{"rendered":"The three-year study (Mets\u00e4-project) begun in the beginning of 2016.\u00a0 Its aim is to promote work ability and work well-being among employees and entrepreneurs of forest machine and logging companies. The research evaluates the effectiveness of work wellbeing investments and&hellip;","protected":false,"raw":""},"author":1,"featured_media":0,"comment_status":"open","ping_status":"open","sticky":false,"template":"","format":"standard","meta":{"_mi_skip_tracking":false,"_fi_post_content":"<div id=\"articleHeader\"><\/div>                                                                                                                                                                                                                                                                                                                                            <div id=\"content-core\">                                                     <div id=\"parent-fieldname-text-2c330294eb444136b788e705d26d2d4b\">            <p>The three-year study (Mets\u00e4-project) begun in the beginning of 2016.\u00a0 Its aim is to promote work ability and work well-being among employees and entrepreneurs of forest machine and logging companies. <br \/> The research evaluates the effectiveness of work wellbeing investments and health promotion activities on improving work ability and work wellbeing and their impact on companies\u2019 success.<\/p><p><b>Research group<\/b><i><br \/>Responsible researcher<\/i><br \/>Professor Clas-H\u00e5kan Nyg\u00e5rd, clas-hakan.nygard(at)uta.fi, Faculty of Social Sciences, University of Tampere<\/p><p><i>Researchers<\/i><br \/> Anna Siukola, anna.siukola(at)uta.fi, University of Tampere<br \/>Heikki Karinen, heikki.karinen(at)uta.fi, University of Tampere<br \/>Hannu Pursio<\/p><p>Co-operation partners<br \/> Faculty of Medicine and Life Sciences, University of Tampere (Jukka Uitti, Virpi Liukkonen)<br \/>Tampere University of Applied Sciences (Kimmo V\u00e4nni)<\/p><p>The study is financed by The Finnish Work Environment Fund and by Mets\u00e4miesten S\u00e4\u00e4ti\u00f6 Foundation. The Trade Association of Finnish Forestry and Earth Moving Contractors and the Woodworker\u2019s Union are partners in the project.<\/p>                    <\/div>                                                                                                                      ","_fi_post_name":"proactive-support-of-work-well-being-during-structural-changes-in-the-work","_fi_post_excerpt":"","_fi_post_title":"Proactive support of work well-being during structural changes in the work \/ Clas-H\u00e5kan Nyg\u00e5rd","_en_post_content":"","_en_post_name":"","_en_post_excerpt":"","_en_post_title":"","edit_language":"en","footnotes":""},"categories":[1],"tags":[],"class_list":["post-434","post","type-post","status-publish","format-standard","hentry","category-yleinen","entry","no-media"],"_links":{"self":[{"href":"https:\/\/www.gerec.fi\/en\/wp-json\/wp\/v2\/posts\/434","targetHints":{"allow":["GET"]}}],"collection":[{"href":"https:\/\/www.gerec.fi\/en\/wp-json\/wp\/v2\/posts"}],"about":[{"href":"https:\/\/www.gerec.fi\/en\/wp-json\/wp\/v2\/types\/post"}],"author":[{"embeddable":true,"href":"https:\/\/www.gerec.fi\/en\/wp-json\/wp\/v2\/users\/1"}],"replies":[{"embeddable":true,"href":"https:\/\/www.gerec.fi\/en\/wp-json\/wp\/v2\/comments?post=434"}],"version-history":[{"count":0,"href":"https:\/\/www.gerec.fi\/en\/wp-json\/wp\/v2\/posts\/434\/revisions"}],"wp:attachment":[{"href":"https:\/\/www.gerec.fi\/en\/wp-json\/wp\/v2\/media?parent=434"}],"wp:term":[{"taxonomy":"category","embeddable":true,"href":"https:\/\/www.gerec.fi\/en\/wp-json\/wp\/v2\/categories?post=434"},{"taxonomy":"post_tag","embeddable":true,"href":"https:\/\/www.gerec.fi\/en\/wp-json\/wp\/v2\/tags?post=434"}],"curies":[{"name":"wp","href":"https:\/\/api.w.org\/{rel}","templated":true}]}}