{"id":42,"date":"2018-12-11T20:10:13","date_gmt":"2018-12-11T20:10:13","guid":{"rendered":"https:\/\/gerec.fi\/2018\/12\/11\/gerontologian-tutkimuskeskus-gerec\/"},"modified":"2018-12-11T20:10:13","modified_gmt":"2018-12-11T20:10:13","slug":"","status":"publish","type":"post","link":"https:\/\/www.gerec.fi\/en\/gerontologian-tutkimuskeskus-gerec\/","title":{"rendered":"","raw":""},"content":{"rendered":"","protected":false,"raw":""},"excerpt":{"rendered":"Ik\u00e4\u00e4ntymisen tutkimusta Suomessa GEREC tuottaa uutta tieteellist\u00e4 tietoa ik\u00e4\u00e4ntymisest\u00e4, osallistuu yliopistokoulutukseen ja vahvistaa alan asiantuntemusta, lue t\u00e4st\u00e4 lis\u00e4\u00e4. Ajankohtaista: uutisia, v\u00e4it\u00f6ksi\u00e4 ja julkaisuja Tutkimusuutinen: Sin\u00adnik\u00adkyys ja jous\u00adta\u00advuus omien ta\u00advoit\u00adtei\u00adden suh\u00adteen saa ik\u00e4\u00e4n\u00adty\u00adneet liik\u00adkeel\u00adleSinnik\u00e4s tavoitteisiin pyrkiminen ja joustava tavoitteiden muokkaaminen ovat&hellip;","protected":false,"raw":""},"author":1,"featured_media":0,"comment_status":"open","ping_status":"open","sticky":false,"template":"","format":"standard","meta":{"_mi_skip_tracking":false,"_fi_post_content":"<div id=\"articleHeader\"><\/div>                <p>Ik\u00e4\u00e4ntymisen tutkimusta Suomessa<\/p>                <div><p><b>GEREC tuottaa uutta tieteellist\u00e4 tietoa ik\u00e4\u00e4ntymisest\u00e4, osallistuu yliopistokoulutukseen ja vahvistaa alan asiantuntemusta, <a href=\"http:\/\/www.gerec.fi\/tervetuloa\"  target=\"_blank\">lue t\u00e4st\u00e4 lis\u00e4\u00e4<\/a>.<\/b><\/p><br \/><br \/><\/div>                            <div>                  <p>Ajankohtaista: uutisia, v\u00e4it\u00f6ksi\u00e4 ja julkaisuja<\/p>    <\/div>    <ul><li>        <a href=\"http:\/\/www.gerec.fi\/ajankohtaista\/tutkimusuutinen-sinnikkyys-ja-joustavuus-omien-tavoitteiden-suhteen-saa-ikaantyneet-liikkeelle\"  target=\"_blank\">Tutkimusuutinen: Sin\u00adnik\u00adkyys ja jous\u00adta\u00advuus omien ta\u00advoit\u00adtei\u00adden suh\u00adteen saa ik\u00e4\u00e4n\u00adty\u00adneet liik\u00adkeel\u00adle<\/a><br \/><span>Sinnik\u00e4s tavoitteisiin pyrkiminen ja joustava tavoitteiden muokkaaminen ovat keinoja yll\u00e4pit\u00e4\u00e4 mielen hyvinvointia ik\u00e4\u00e4ntymisen tuomista haasteista huolimatta. Tuore tutkimus osoittaa, ett\u00e4 sinnikkyys ja joustavuus omien tavoitteiden suhteen on hy\u00f6dyllist\u00e4 my\u00f6s ik\u00e4ihmisten ulkona liikkumisen kannalta.<\/span>      <\/li>      <li>        <a href=\"http:\/\/www.gerec.fi\/ajankohtaista\/gerecin-tutkijat-osallistuvat-talla-viikolla-aktiivisesti-alan-kansainvalisiin-ja-kansallisiin-tapahtumiin\"  target=\"_blank\">GERECin tutkijat osallistuvat t\u00e4ll\u00e4 viikolla aktiivisesti alan kansainv\u00e4lisiin ja kansallisiin tapahtumiin<\/a><br \/><span>Bostonissa 14.-18.11.2018 j\u00e4rjestett\u00e4v\u00e4\u00e4n Amerikan gerontologiayhdistyksen kongressiin osallistuu seitsem\u00e4n GERECin tutkijaa Jyv\u00e4skyl\u00e4st\u00e4 ja Tampereelta. Bostonissa esitell\u00e4\u00e4n mm. ensimm\u00e4isi\u00e4 Agnes-tutkimuksen tuloksia, tuoretta tutkimusta sosioekonomisista terveyseroista 75+ -vuotiailla Pohjoismaissa sek\u00e4 itse arvioidun terveyden biologisesta perustasta. Yhdeks\u00e4n GEREC-tutkijaa suuntaa Helsinkiin Liikuntal\u00e4\u00e4ketieteen p\u00e4iville 14.-15.11., ja siell\u00e4 esill\u00e4 ovat erityisesti ERMA-tutkimuksen tulokset.<\/span>      <\/li>      <li>        <a href=\"http:\/\/www.gerec.fi\/ajankohtaista\/mita-on-ikaantyvan-ihmisen-hyvinvointi-keskustelutilaisuus-uudesta-tutkimuksesta\"  target=\"_blank\">Mit\u00e4 on ik\u00e4\u00e4ntyv\u00e4n ihmisen hyvinvointi? Keskustelutilaisuus uudesta tutkimuksesta<\/a><br \/><span>Tervetuloa keskustelemaan hyvinvoinnista!<\/span>      <\/li>      <li>        <a href=\"http:\/\/www.gerec.fi\/ajankohtaista\/ikaantyminen-tampereella-2013-tuloksia-t60-ja-tervaskannot-90-tutkimuksista\"  target=\"_blank\">Ik\u00e4\u00e4ntyminen Tampereella: tuloksia T60- ja Tervaskannot 90+ -tutkimuksista<\/a><br \/><span>Tervetuloa kuuntelemaan ja keskustelemaan tamperelaisten ik\u00e4\u00e4ntymisest\u00e4 Kulttuuritalo Laikun Musiikkisaliin! Tampereen yliopiston ja Gerontologian tutkimuskeskus GERECin ik\u00e4\u00e4ntymisen ja vanhuuden tutkijat kertovat perjantaina 9.11. klo 12 T60- ja Tervaskannot 90+ -tutkimusten tuoreista tuloksista. Tilaisuuteen on vapaa ja esteet\u00f6n p\u00e4\u00e4sy!<\/span>      <\/li>      <li>        <a href=\"http:\/\/www.gerec.fi\/ajankohtaista\/artikkelijulkaisu-pitkaaikaishoidon-filosofisesta-perustasta\"  target=\"_blank\">Artikkelijulkaisu: Pitk\u00e4aikaishoidon filosofisesta perustasta<\/a><br \/><span>Tunnustamisen ulottuvuudet perustana vanhojen ihmisten hyv\u00e4lle el\u00e4m\u00e4lle pitk\u00e4aikaishoidossa<\/span>      <\/li>      <li>        <a href=\"http:\/\/www.gerec.fi\/ajankohtaista\/vaitos-26.10.2018-teknologiset-apuvalineet-parantavat-muistisairaan-arkea-oikein-kaytettyna\"  target=\"_blank\">V\u00e4it\u00f6s 26.10.2018: Tek\u00adno\u00adlo\u00adgi\u00adset apu\u00adv\u00e4\u00adli\u00adneet pa\u00adran\u00adta\u00advat muis\u00adti\u00adsai\u00adraan ar\u00adkea oi\u00adkein k\u00e4y\u00adtet\u00adty\u00adn\u00e4 <\/a><br \/><span>FM Merja Riikosen gerontologian ja kansanterveyden v\u00e4it\u00f6skirja \u201dMuistisairaan ihmisen kokemukset teknologiasta osana arkea - turvaa vai tunkeilevuutta?\u201d tarkastetaan Jyv\u00e4skyl\u00e4n yliopistossa 26.10.2018. Vastav\u00e4itt\u00e4j\u00e4n\u00e4 toimii dosentti P\u00e4ivi Topo (Ik\u00e4instituutti, Helsinki) ja kustoksena professori Taina Rantanen (Jyv\u00e4skyl\u00e4n yliopisto). V\u00e4it\u00f6stilaisuuden kieli on suomi.<\/span>      <\/li>      <li>        <a href=\"http:\/\/www.gerec.fi\/ajankohtaista\/vaitos-19.10.-liikkumiskyky-edellyttaa-fyysisen-toimintakyvyn-lisaksi-myos-tiedonkasittelya\"  target=\"_blank\">V\u00e4it\u00f6s 19.10.: Liikkumiskyky edellytt\u00e4\u00e4 fyysisen toimintakyvyn lis\u00e4ksi my\u00f6s tiedonk\u00e4sittely\u00e4<\/a><br \/><span>TtM Taina Poranen-Clarkin gerontologian ja kansanterveyden v\u00e4it\u00f6skirja \"Relationship between cognitive performance and mobility over the life course\" tarkastetaan Jyv\u00e4skyl\u00e4n yliopistossa 19.10.2018. Vastav\u00e4itt\u00e4j\u00e4n\u00e4 toimii professori Eija L\u00f6nnroos (It\u00e4-Suomen yliopisto) ja kustoksena professori Taina Rantanen (Jyv\u00e4skyl\u00e4n yliopisto). V\u00e4it\u00f6stilaisuuden kieli on suomi.<\/span>      <\/li>      <li>        <a href=\"http:\/\/www.gerec.fi\/ajankohtaista\/tutkimusuutinen-tampereen-yliopistossa-tehdyn-tutkimuksen-mukaan-ymparivuorokautinen-pitkaaikaishoito-keskittyy-enenevassa-maarin-viimeisia-vuosia-elaviin\"  target=\"_blank\">Tutkimusuutinen: Tampereen yliopistossa tehdyn tutkimuksen mukaan ymp\u00e4rivuorokautinen pitk\u00e4aikaishoito keskittyy enenev\u00e4ss\u00e4 m\u00e4\u00e4rin viimeisi\u00e4 vuosia el\u00e4viin.<\/a><br \/><span>Kun suomalaiset el\u00e4v\u00e4t yh\u00e4 vanhemmiksi, yh\u00e4 useampi viett\u00e4\u00e4 viimeiset elinvuotensa pitk\u00e4aikaishoidossa. Koko viimeisen elinvuotensa ymp\u00e4rivuorokautisessa hoidossa oli 15 prosenttia 70-79-vuotiaista, 31 prosenttia 80-89-vuotiaista ja 48 prosenttia 90-vuotiaista ja sit\u00e4 vanhemmista vuonna 2011 kuolleista. Sen sijaan ne hyvin vanhat ihmiset, joilla oli edess\u00e4\u00e4n viel\u00e4 ainakin kaksi elinvuotta, olivat pitk\u00e4aikaishoidossa entist\u00e4 harvemmin. Hoito siis keskittyy entist\u00e4 enemm\u00e4n hyvin vanhoille ihmisille ja heid\u00e4n viimeisiin elinvuosiinsa. <\/span>      <\/li>    <\/ul>","_fi_post_name":"gerontologian-tutkimuskeskus-gerec","_fi_post_excerpt":"","_fi_post_title":"Gerontologian tutkimuskeskus, GEREC","_en_post_content":"","_en_post_name":"","_en_post_excerpt":"","_en_post_title":"","edit_language":"en","footnotes":""},"categories":[1],"tags":[],"class_list":["post-42","post","type-post","status-publish","format-standard","hentry","category-yleinen","entry","no-media"],"_links":{"self":[{"href":"https:\/\/www.gerec.fi\/en\/wp-json\/wp\/v2\/posts\/42","targetHints":{"allow":["GET"]}}],"collection":[{"href":"https:\/\/www.gerec.fi\/en\/wp-json\/wp\/v2\/posts"}],"about":[{"href":"https:\/\/www.gerec.fi\/en\/wp-json\/wp\/v2\/types\/post"}],"author":[{"embeddable":true,"href":"https:\/\/www.gerec.fi\/en\/wp-json\/wp\/v2\/users\/1"}],"replies":[{"embeddable":true,"href":"https:\/\/www.gerec.fi\/en\/wp-json\/wp\/v2\/comments?post=42"}],"version-history":[{"count":0,"href":"https:\/\/www.gerec.fi\/en\/wp-json\/wp\/v2\/posts\/42\/revisions"}],"wp:attachment":[{"href":"https:\/\/www.gerec.fi\/en\/wp-json\/wp\/v2\/media?parent=42"}],"wp:term":[{"taxonomy":"category","embeddable":true,"href":"https:\/\/www.gerec.fi\/en\/wp-json\/wp\/v2\/categories?post=42"},{"taxonomy":"post_tag","embeddable":true,"href":"https:\/\/www.gerec.fi\/en\/wp-json\/wp\/v2\/tags?post=42"}],"curies":[{"name":"wp","href":"https:\/\/api.w.org\/{rel}","templated":true}]}}