{"id":417,"date":"2018-12-11T20:21:28","date_gmt":"2018-12-11T20:21:28","guid":{"rendered":"https:\/\/gerec.fi\/2018\/12\/11\/tutkimusuutisia-liikkumiskyky-selittaa-osaltaan-iakkaiden-ihmisten-sosiaalinen-aktiivisuuden-ja-kuolleisuuden-valista-yhteytta\/"},"modified":"2019-02-21T16:39:46","modified_gmt":"2019-02-21T14:39:46","slug":"","status":"publish","type":"post","link":"https:\/\/www.gerec.fi\/en\/tutkimusuutisia-liikkumiskyky-selittaa-osaltaan-iakkaiden-ihmisten-sosiaalinen-aktiivisuuden-ja-kuolleisuuden-valista-yhteytta\/","title":{"rendered":"","raw":""},"content":{"rendered":"","protected":false,"raw":""},"excerpt":{"rendered":"Sosiaalista osallistumista pidet\u00e4\u00e4n terveytt\u00e4 yll\u00e4pit\u00e4v\u00e4n\u00e4 toimintana, mutta on ep\u00e4selv\u00e4\u00e4 miksi n\u00e4in on. Lis\u00e4selvyytt\u00e4 asiaan saatiin Gerontologian tutkimuskeskuksessa tohtorikoulutettava Katja Pynn\u00f6sen toteuttamassa tutkimuksessa, jossa todettiin liikkumiskyvyn selitt\u00e4v\u00e4n osaltaan sosiaalisen aktiivisuuden ja kuolleisuuden v\u00e4list\u00e4 yhteytt\u00e4 i\u00e4kk\u00e4ill\u00e4 miehill\u00e4 ja naisilla. Sosiaalista osallistumista pidet\u00e4\u00e4n&hellip;","protected":false,"raw":""},"author":1,"featured_media":0,"comment_status":"open","ping_status":"open","sticky":false,"template":"","format":"standard","meta":{"_mi_skip_tracking":false,"_fi_post_content":"<div id=\"articleHeader\"><\/div>                                                                                                                                                                                                                     <div id=\"parent-fieldname-description\">                   Sosiaalista osallistumista pidet\u00e4\u00e4n terveytt\u00e4 yll\u00e4pit\u00e4v\u00e4n\u00e4 toimintana, mutta on ep\u00e4selv\u00e4\u00e4 miksi n\u00e4in on. Lis\u00e4selvyytt\u00e4 asiaan saatiin Gerontologian tutkimuskeskuksessa tohtorikoulutettava Katja Pynn\u00f6sen toteuttamassa tutkimuksessa, jossa todettiin liikkumiskyvyn selitt\u00e4v\u00e4n osaltaan sosiaalisen aktiivisuuden ja kuolleisuuden v\u00e4list\u00e4 yhteytt\u00e4 i\u00e4kk\u00e4ill\u00e4 miehill\u00e4 ja naisilla.                <\/div>                                                                                                                       <div id=\"content-core\">                                                             <div id=\"parent-fieldname-text\">            <p>Sosiaalista osallistumista pidet\u00e4\u00e4n terveytt\u00e4 yll\u00e4pit\u00e4v\u00e4n\u00e4 toimintana, mutta on ep\u00e4selv\u00e4\u00e4 miksi n\u00e4in on. Lis\u00e4selvyytt\u00e4 asiaan saatiin Gerontologian tutkimuskeskuksessa toteutetussa tutkimuksessa, jossa todettiin liikkumiskyvyn selitt\u00e4v\u00e4n osaltaan sosiaalisen aktiivisuuden ja kuolleisuuden v\u00e4list\u00e4 yhteytt\u00e4 i\u00e4kk\u00e4ill\u00e4 miehill\u00e4 ja naisilla. Muista mahdollisista yhteytt\u00e4 v\u00e4litt\u00e4vist\u00e4 tekij\u00f6ist\u00e4 depressiivisten oireiden v\u00e4h\u00e4isempi m\u00e4\u00e4r\u00e4 ja parempi kognitiivinen kyvykkyys toimivat ennemminkin resursseina sosiaaliselle osallistumiselle.<\/p><p>\u2013 Sosiaalisesti aktiivisemmilla ik\u00e4ihmisill\u00e4 saattaa olla parempi liikkumiskyky kuin v\u00e4hemm\u00e4n aktiivisilla. Toisaalta sek\u00e4 kollektiivinen ett\u00e4 produktiivinen sosiaalinen aktiivisuus voivat yll\u00e4pit\u00e4\u00e4 hyv\u00e4\u00e4 liikkumiskyky\u00e4, sill\u00e4 useat sosiaalisen aktiivisuuden muodot sis\u00e4lt\u00e4v\u00e4t my\u00f6s fyysist\u00e4 aktiivisuutta, kertoo Jyv\u00e4skyl\u00e4n yliopiston tohtorikoulutettava Katja Pynn\u00f6nen.<\/p><p>T\u00e4ss\u00e4 tutkimuksessa tarkasteltuja kollektiivisen sosiaalisen osallistumisen muotoja olivat mm. erilaiset kulttuuriharrastukset, j\u00e4rjest\u00f6toiminta, matkustaminen, ryhm\u00e4liikunta ja tanssiminen, joissa ihmiset tekev\u00e4t itselleen mielekk\u00e4it\u00e4 asioita yhdess\u00e4 toisten kanssa ja voivat kokea yhteenkuuluvuutta, hyv\u00e4ksyttyn\u00e4 ja pidettyn\u00e4 olemista. Produktiivista sosiaalista aktiivisuutta on esimerkiksi toisten ihmisten auttaminen erilaisissa arkip\u00e4iv\u00e4n asioissa ja sen my\u00f6t\u00e4 ik\u00e4\u00e4ntyv\u00e4 ja ik\u00e4\u00e4ntynyt voi kokea tekev\u00e4ns\u00e4 hy\u00f6dyllisi\u00e4 asioita ja olevansa tarpeellinen.<\/p><p>\u2013 Parempi kognitiivinen kyvykkyys ja v\u00e4h\u00e4isempi depressiivisten oireiden m\u00e4\u00e4r\u00e4 n\u00e4yttiv\u00e4t selitt\u00e4v\u00e4n aktiivisempaa osallistumista sosiaalisiin toimintoihin. Siksi onkin t\u00e4rke\u00e4\u00e4 tunnistaa ja ottaa huomioon ik\u00e4ihmiset, jotka tarvitsevat alakulon tai muistiongelmien takia enemm\u00e4n tukea sosiaalisiin toimintoihin osallistumisessa, sanoo Pynn\u00f6nen.<\/p><p>Tutkimus on osa laajempaa Ikivihre\u00e4t-projektia, joka on alkanut Jyv\u00e4skyl\u00e4n yliopistossa jo vuonna 1988. Osallistujat oli haastateltu heid\u00e4n ollessaan 65\u201384-vuotiaita. Kuolleisuutta seurattiin rekistereist\u00e4. T\u00e4ss\u00e4 tutkimuksessa osallistujina oli 406 miest\u00e4 ja 775 naista.<\/p><p>Tutkimustulokset on julkaistu alan kansainv\u00e4lisess\u00e4 tieteellisess\u00e4 aikakauslehdess\u00e4. Pynn\u00f6nen Katja, T\u00f6rm\u00e4kangas Timo, Rantanen Taina, Lyyra Tiina-Mari. (2013). Do mobility, cognitive functioning, and depressive symptoms mediate the association between social activity and mortality risk among older men and women? European Journal of Ageing, doi: 10.1007\/s10433-013-0295-3.<\/p><p>Lis\u00e4tietoja:<\/p><p>Tohtorikoulutettava Katja Pynn\u00f6nen<\/p><p>p. 044 7850 196<\/p><p>katja.pynnonen@jyu.fi<\/p>        <\/div>                                                                                                                  ","_fi_post_name":"tutkimusuutisia-liikkumiskyky-selittaa-osaltaan-iakkaiden-ihmisten-sosiaalinen-aktiivisuuden-ja-kuolleisuuden-valista-yhteytta","_fi_post_excerpt":"","_fi_post_title":"Tutkimusjulkaisu: Liikkumiskyky selitt\u00e4\u00e4 osaltaan i\u00e4kk\u00e4iden ihmisten sosiaalinen aktiivisuuden ja kuolleisuuden v\u00e4list\u00e4 yhteytt\u00e4","_en_post_content":"","_en_post_name":"","_en_post_excerpt":"","_en_post_title":"","edit_language":"en","footnotes":""},"categories":[130,1],"tags":[],"class_list":["post-417","post","type-post","status-publish","format-standard","hentry","category-tiedeuutiset","category-yleinen","entry","no-media"],"_links":{"self":[{"href":"https:\/\/www.gerec.fi\/en\/wp-json\/wp\/v2\/posts\/417","targetHints":{"allow":["GET"]}}],"collection":[{"href":"https:\/\/www.gerec.fi\/en\/wp-json\/wp\/v2\/posts"}],"about":[{"href":"https:\/\/www.gerec.fi\/en\/wp-json\/wp\/v2\/types\/post"}],"author":[{"embeddable":true,"href":"https:\/\/www.gerec.fi\/en\/wp-json\/wp\/v2\/users\/1"}],"replies":[{"embeddable":true,"href":"https:\/\/www.gerec.fi\/en\/wp-json\/wp\/v2\/comments?post=417"}],"version-history":[{"count":1,"href":"https:\/\/www.gerec.fi\/en\/wp-json\/wp\/v2\/posts\/417\/revisions"}],"predecessor-version":[{"id":5505,"href":"https:\/\/www.gerec.fi\/en\/wp-json\/wp\/v2\/posts\/417\/revisions\/5505"}],"wp:attachment":[{"href":"https:\/\/www.gerec.fi\/en\/wp-json\/wp\/v2\/media?parent=417"}],"wp:term":[{"taxonomy":"category","embeddable":true,"href":"https:\/\/www.gerec.fi\/en\/wp-json\/wp\/v2\/categories?post=417"},{"taxonomy":"post_tag","embeddable":true,"href":"https:\/\/www.gerec.fi\/en\/wp-json\/wp\/v2\/tags?post=417"}],"curies":[{"name":"wp","href":"https:\/\/api.w.org\/{rel}","templated":true}]}}