{"id":410,"date":"2018-12-11T20:21:27","date_gmt":"2018-12-11T20:21:27","guid":{"rendered":"https:\/\/gerec.fi\/2018\/12\/11\/tutkimusjulkaisu-selkealla-hoitofilosofialla-voidaan-lisata-asukkaiden-elamanlaatua-vanhojen-ihmisten-pitkaaikaishoidossa\/"},"modified":"2019-02-21T16:39:47","modified_gmt":"2019-02-21T14:39:47","slug":"","status":"publish","type":"post","link":"https:\/\/www.gerec.fi\/en\/tutkimusjulkaisu-selkealla-hoitofilosofialla-voidaan-lisata-asukkaiden-elamanlaatua-vanhojen-ihmisten-pitkaaikaishoidossa\/","title":{"rendered":"","raw":""},"content":{"rendered":"","protected":false,"raw":""},"excerpt":{"rendered":"\u2013 Pitk\u00e4aikaishoidon rakenne on rajussa muutoksessa. Esimerkiksi Tampereella kaupunki muuttaa vauhdilla geriatrisia sairaalapaikkoja tehostetun palveluasumisen paikoiksi. My\u00f6s vanhainkotiosastot on tarkoitus muuttaa tehostetuksi palveluasumiseksi. Samalla kasvaa paine uusien sis\u00e4lt\u00f6jen luomiseen. Palvelutalossa ei yksinkertaisesti voida toimia sairaalan hoitokonseptilla. T\u00e4t\u00e4 on valitettavasti aiemmin&hellip;","protected":false,"raw":""},"author":1,"featured_media":0,"comment_status":"open","ping_status":"open","sticky":false,"template":"","format":"standard","meta":{"_mi_skip_tracking":false,"_fi_post_content":"<div id=\"articleHeader\"><\/div>                                                                                                                                                                                                                     <div id=\"parent-fieldname-description\">                   \u2013 Pitk\u00e4aikaishoidon rakenne on rajussa muutoksessa. Esimerkiksi Tampereella kaupunki muuttaa vauhdilla geriatrisia sairaalapaikkoja tehostetun palveluasumisen paikoiksi. My\u00f6s vanhainkotiosastot on tarkoitus muuttaa tehostetuksi palveluasumiseksi. Samalla kasvaa paine uusien sis\u00e4lt\u00f6jen luomiseen. Palvelutalossa ei yksinkertaisesti voida toimia sairaalan hoitokonseptilla. T\u00e4t\u00e4 on valitettavasti aiemmin yritetty, toteaa gerontologian tohtoriopiskelija Jari Pirhonen Tampereen yliopistosta.                 <\/div>                                                                                                                       <div id=\"content-core\">                                                             <div id=\"parent-fieldname-text\">            <p>\u2013 Nyt on korkea aika mietti\u00e4, mist\u00e4 vanhojen ihmisten tehostetussa palveluasumisessa lopulta on kysymys. Palveluiden piiriss\u00e4 ollaan ennen kaikkea ik\u00e4\u00e4ntymiseen liittyv\u00e4n toimintakyvyn alenemisen vuoksi. Siksi palveluasumisen tarkoitus ei voi olla hoitaminen, sill\u00e4 vanhuutta ei voi hoitaa. J\u00e4rjestelm\u00e4n teht\u00e4v\u00e4 onkin tukea ihmist\u00e4 vanhuuden el\u00e4misess\u00e4, Pirhonen jatkaa.<\/p><p><i>Nursing Philosophy<\/i> -lehdess\u00e4 ilmestyneess\u00e4 artikkelissaan Pirhonen soveltaa arvostetun nykyfilosofin Martha C. Nussbaumin teoriaa hyv\u00e4n el\u00e4m\u00e4n edellytyksist\u00e4 suomalaiseen palvelutalokontekstiin.<\/p><p>Pirhosen mukaan Nussbaumin listaus hyv\u00e4n el\u00e4m\u00e4n edellytyksist\u00e4 on hieno esimerkki siit\u00e4, kuinka filosofiaa voisi suoraan hy\u00f6dynt\u00e4\u00e4 palveluasumisen sis\u00e4ll\u00f6ntuottamisessa. Filosofin listaamia hyv\u00e4n el\u00e4m\u00e4n osatekij\u00f6it\u00e4 voidaan alkaa pohtia jokaisessa palvelutalossa; kuinka me voimme tukea omia asukkaitamme esimerkiksi osallisuuteen ja oman ymp\u00e4rist\u00f6n kontrolliin juuri n\u00e4iss\u00e4 olosuhteissa? T\u00e4ll\u00e4 tavoin sis\u00e4lt\u00f6j\u00e4 tuotettaessa asukas my\u00f6s varmasti pysyy toiminnan kehitt\u00e4misen keski\u00f6ss\u00e4.<\/p><p>\u2013 Pitk\u00e4aikaishoidon rakennemuutos j\u00e4\u00e4 tyhj\u00e4ksi ilman asennemuutosta. Meid\u00e4n pit\u00e4\u00e4 kaikin keinoin pyrki\u00e4 hoitokulttuurista kohti hyvinvointikulttuuria, jossa varsinainen hoito n\u00e4hd\u00e4\u00e4n vain yhten\u00e4 hyvinvoinnin osatekij\u00e4n\u00e4. Siin\u00e4 tarvitaan meit\u00e4 kaikkia. Jokainen voisi harkita vaikkapa palvelutalovapaaehtoiseksi ryhtymist\u00e4, Pirhonen toivottaa.<\/p><p>Alkuper\u00e4inen artikkeli: Dignity and the Capabilities approach in long-term care for old people. <i>Nursing Philosophy.<\/i> doi: 10.1111\/nup.12057. http:\/\/onlinelibrary.wiley.com\/enhanced\/doi\/10.1111\/nup.12057\/<\/p><p>Yhteydenotot: YTM, tohtoriopiskelija Jari Pirhonen, jari.pirhonen@uta.fi, p. 0417885478.<\/p>        <\/div>                                                                                                                  ","_fi_post_name":"tutkimusjulkaisu-selkealla-hoitofilosofialla-voidaan-lisata-asukkaiden-elamanlaatua-vanhojen-ihmisten-pitkaaikaishoidossa","_fi_post_excerpt":"","_fi_post_title":"Tutkimusjulkaisu: Selke\u00e4ll\u00e4 hoitofilosofialla voidaan lis\u00e4t\u00e4 asukkaiden el\u00e4m\u00e4nlaatua vanhojen ihmisten pitk\u00e4aikaishoidossa","_en_post_content":"","_en_post_name":"","_en_post_excerpt":"","_en_post_title":"","edit_language":"en","footnotes":""},"categories":[130,1],"tags":[],"class_list":["post-410","post","type-post","status-publish","format-standard","hentry","category-tiedeuutiset","category-yleinen","entry","no-media"],"_links":{"self":[{"href":"https:\/\/www.gerec.fi\/en\/wp-json\/wp\/v2\/posts\/410","targetHints":{"allow":["GET"]}}],"collection":[{"href":"https:\/\/www.gerec.fi\/en\/wp-json\/wp\/v2\/posts"}],"about":[{"href":"https:\/\/www.gerec.fi\/en\/wp-json\/wp\/v2\/types\/post"}],"author":[{"embeddable":true,"href":"https:\/\/www.gerec.fi\/en\/wp-json\/wp\/v2\/users\/1"}],"replies":[{"embeddable":true,"href":"https:\/\/www.gerec.fi\/en\/wp-json\/wp\/v2\/comments?post=410"}],"version-history":[{"count":1,"href":"https:\/\/www.gerec.fi\/en\/wp-json\/wp\/v2\/posts\/410\/revisions"}],"predecessor-version":[{"id":5431,"href":"https:\/\/www.gerec.fi\/en\/wp-json\/wp\/v2\/posts\/410\/revisions\/5431"}],"wp:attachment":[{"href":"https:\/\/www.gerec.fi\/en\/wp-json\/wp\/v2\/media?parent=410"}],"wp:term":[{"taxonomy":"category","embeddable":true,"href":"https:\/\/www.gerec.fi\/en\/wp-json\/wp\/v2\/categories?post=410"},{"taxonomy":"post_tag","embeddable":true,"href":"https:\/\/www.gerec.fi\/en\/wp-json\/wp\/v2\/tags?post=410"}],"curies":[{"name":"wp","href":"https:\/\/api.w.org\/{rel}","templated":true}]}}