{"id":406,"date":"2018-12-11T20:21:27","date_gmt":"2018-12-11T20:21:27","guid":{"rendered":"https:\/\/gerec.fi\/2018\/12\/11\/tutkimusjulkaisu-kunnissa-suuria-eroja-pitkaaikaishoidon-kaytossa\/"},"modified":"2019-02-21T16:39:47","modified_gmt":"2019-02-21T14:39:47","slug":"","status":"publish","type":"post","link":"https:\/\/www.gerec.fi\/en\/tutkimusjulkaisu-kunnissa-suuria-eroja-pitkaaikaishoidon-kaytossa\/","title":{"rendered":"","raw":""},"content":{"rendered":"","protected":false,"raw":""},"excerpt":{"rendered":"Kunnissa on suuria eroja siin\u00e4, millaisia pitk\u00e4aikaishoidon palveluja vanhat ihmiset k\u00e4ytt\u00e4v\u00e4t viimeisin\u00e4 elinvuosinaan. T\u00e4m\u00e4 selvi\u00e4\u00e4 Tampereen yliopistossa tehdyst\u00e4 tutkimuksesta, jossa selvitettiin pitk\u00e4aikaishoidon k\u00e4ytt\u00f6\u00e4 vanhoilla ihmisill\u00e4 heid\u00e4n kahden viimeisen elinvuoden aikana laajan rekisteriaineiston avulla. Tutkitut pitk\u00e4aikaishoidon muodot olivat julkinen ja yksityinen&hellip;","protected":false,"raw":""},"author":1,"featured_media":0,"comment_status":"open","ping_status":"open","sticky":false,"template":"","format":"standard","meta":{"_mi_skip_tracking":false,"_fi_post_content":"<div id=\"articleHeader\"><\/div>                                                                                                                                                                                                                     <div id=\"parent-fieldname-description\">                   Kunnissa on suuria eroja siin\u00e4, millaisia pitk\u00e4aikaishoidon palveluja vanhat ihmiset k\u00e4ytt\u00e4v\u00e4t viimeisin\u00e4 elinvuosinaan. T\u00e4m\u00e4 selvi\u00e4\u00e4 Tampereen yliopistossa tehdyst\u00e4 tutkimuksesta, jossa selvitettiin pitk\u00e4aikaishoidon k\u00e4ytt\u00f6\u00e4 vanhoilla ihmisill\u00e4 heid\u00e4n kahden viimeisen elinvuoden aikana laajan rekisteriaineiston avulla. Tutkitut pitk\u00e4aikaishoidon muodot olivat julkinen ja yksityinen vanhainkotihoito ja tehostettu palveluasuminen, terveyskeskuksen vuodeosastohoito sek\u00e4 kotihoito. Pitk\u00e4aikaishoidon k\u00e4ytt\u00f6 oli yleist\u00e4, sill\u00e4 yli puolet tutkituista k\u00e4ytti jotain n\u00e4ist\u00e4 pitk\u00e4aikaishoidon palveluista.                 <\/div>                                                                                                                       <div id=\"content-core\">                                                             <div id=\"parent-fieldname-text\">            <p>- Eri puolella Suomea palveluja k\u00e4ytettiin yht\u00e4 paljon, mutta siin\u00e4 oli huomattavia eroja, millaisia pitk\u00e4aikaishoidon palveluja k\u00e4ytettiin. My\u00f6s siin\u00e4 oli eroja, miten erilaisten pitk\u00e4aikaishoidon palvelujen k\u00e4ytt\u00f6 muuttui vuosien 2002 ja 2008 v\u00e4lisen\u00e4 aikana, toteaa tutkija Jutta Pulkki.<\/p><p>Asukasm\u00e4\u00e4r\u00e4lt\u00e4\u00e4n erikokoisissa kunnissa painottuivat erilaiset palvelut. Esimerkiksi pienimmiss\u00e4 kunnissa k\u00e4ytettiin julkista vanhainkotia enemm\u00e4n kuin suuremmissa kunnissa, kun taas suuremmissa kunnissa yksityisten palvelujen k\u00e4ytt\u00f6 oli suurempaa. Erot tulivat viel\u00e4 selvemmin esiin, kun palvelujen k\u00e4ytt\u00f6\u00e4 tarkasteltiin kuntien maantieteellisen sijainnin mukaan.<\/p><p>- Entisen L\u00e4nsi-Suomen alueella painottui julkisen vanhainkodin k\u00e4ytt\u00f6, kun taas Oulun seudulla k\u00e4ytettiin enemm\u00e4n julkista tehostettua palveluasumista ja kotihoitoa, Pulkki kertoo.<\/p><p>Pitk\u00e4aikaishoidon yleisen\u00e4 tavoitteena on vanhainkotihoidon ja terveyskeskuksen vuodeosastohoidon korvaaminen kotihoidolla ja tehostetulla palveluasumisella. N\u00e4m\u00e4 tavoitteet ovat toteutuneet kunnissa hyvin eri tavoin.<\/p><p>- Voidaan ajatella, ett\u00e4 palvelujen k\u00e4ytt\u00f6 kuvaa ep\u00e4suorasti kunnan palvelutarjontaa. N\u00e4in ollen tuloksemme kertoo, ett\u00e4 joissakin kunnissa vanhainkotihoitoa on korvattu tehostetulla palveluasumisella lyhyell\u00e4 aikav\u00e4lill\u00e4, joissakin taas ei.<\/p><p>Terveyskeskuksen k\u00e4ytt\u00f6 on puolestaan s\u00e4ilynyt sek\u00e4 vuodesta toiseen ett\u00e4 alueellisesti tarkasteltuna l\u00e4hes muuttumatonta, eik\u00e4 kotihoidossakaan tapahtunut suuria muutoksia tutkimuksen seuranta-aikana.<\/p><p>- Toisin sanoen, osa kunnista on viel\u00e4 kovin kaukana yleisist\u00e4 pitk\u00e4aikaishoidon tavoitteista. T\u00e4st\u00e4 ei tosin voi p\u00e4\u00e4tell\u00e4, ett\u00e4 n\u00e4iss\u00e4 kunnissa hoito olisi j\u00e4rjestetty jotenkin huonosti. Meh\u00e4n emme tied\u00e4, miten laadukasta ja tarpeenmukaista hoito on, tiivist\u00e4\u00e4 Pulkki.<\/p><p>Tutkimus on osa Tampereen yliopiston terveystieteen yksik\u00f6n sek\u00e4 Gerontologian tutkimuskeskuksen laajempaa tutkimushanketta \u201dYleistyv\u00e4 pitk\u00e4ik\u00e4isyys ja sosiaali- ja terveyspalvelujen uudet haasteet\u201d. Tutkimus toteutettiin Kunnallisalan kehitt\u00e4miss\u00e4\u00e4ti\u00f6n tuella.<\/p><p>Alkuper\u00e4inen artikkeli: Pulkki Jutta, Aaltonen Mari, Forma Leena, Jylh\u00e4 Marja, Raitanen Jani, Rissanen Pekka. Pitk\u00e4aikaishoito kunnissa vanhuuden viimeisin\u00e4 vuosina \u2013 Palvelujen k\u00e4yt\u00f6n erot ja muutokset vuosina 2002-2008. Kunnallistieteellinen aikakauskirja 1:2014.<\/p>        <\/div>                                                                                                                  ","_fi_post_name":"tutkimusjulkaisu-kunnissa-suuria-eroja-pitkaaikaishoidon-kaytossa","_fi_post_excerpt":"","_fi_post_title":"Tutkimusjulkaisu: Kunnissa suuria eroja pitk\u00e4aikaishoidon k\u00e4yt\u00f6ss\u00e4","_en_post_content":"","_en_post_name":"","_en_post_excerpt":"","_en_post_title":"","edit_language":"en","footnotes":""},"categories":[130,1],"tags":[],"class_list":["post-406","post","type-post","status-publish","format-standard","hentry","category-tiedeuutiset","category-yleinen","entry","no-media"],"_links":{"self":[{"href":"https:\/\/www.gerec.fi\/en\/wp-json\/wp\/v2\/posts\/406","targetHints":{"allow":["GET"]}}],"collection":[{"href":"https:\/\/www.gerec.fi\/en\/wp-json\/wp\/v2\/posts"}],"about":[{"href":"https:\/\/www.gerec.fi\/en\/wp-json\/wp\/v2\/types\/post"}],"author":[{"embeddable":true,"href":"https:\/\/www.gerec.fi\/en\/wp-json\/wp\/v2\/users\/1"}],"replies":[{"embeddable":true,"href":"https:\/\/www.gerec.fi\/en\/wp-json\/wp\/v2\/comments?post=406"}],"version-history":[{"count":1,"href":"https:\/\/www.gerec.fi\/en\/wp-json\/wp\/v2\/posts\/406\/revisions"}],"predecessor-version":[{"id":5427,"href":"https:\/\/www.gerec.fi\/en\/wp-json\/wp\/v2\/posts\/406\/revisions\/5427"}],"wp:attachment":[{"href":"https:\/\/www.gerec.fi\/en\/wp-json\/wp\/v2\/media?parent=406"}],"wp:term":[{"taxonomy":"category","embeddable":true,"href":"https:\/\/www.gerec.fi\/en\/wp-json\/wp\/v2\/categories?post=406"},{"taxonomy":"post_tag","embeddable":true,"href":"https:\/\/www.gerec.fi\/en\/wp-json\/wp\/v2\/tags?post=406"}],"curies":[{"name":"wp","href":"https:\/\/api.w.org\/{rel}","templated":true}]}}