{"id":403,"date":"2018-12-11T20:21:27","date_gmt":"2018-12-11T20:21:27","guid":{"rendered":"https:\/\/gerec.fi\/2018\/12\/11\/gerontologian-tutkimuskeskus-mukaan-uuteen-cost-verkostoon\/"},"modified":"2019-02-21T17:31:34","modified_gmt":"2019-02-21T15:31:34","slug":"","status":"publish","type":"post","link":"https:\/\/www.gerec.fi\/en\/gerontologian-tutkimuskeskus-mukaan-uuteen-cost-verkostoon\/","title":{"rendered":"","raw":""},"content":{"rendered":"","protected":false,"raw":""},"excerpt":{"rendered":"GEREC on liittynyt mukaan EU-rahoitteiseen COST-tutkimusverkostoon COST-tutkimusverkostoon (European Cooperation in Science and Technology IS1402) jonka aikana keskityt\u00e4\u00e4n ik\u00e4syrjinn\u00e4n, ageismin tarkastelemiseen, yhteisten tutkimushankkeiden suunnitteluun sek\u00e4 ik\u00e4\u00e4n perustuvan ep\u00e4tasa-arvoisuuden n\u00e4kyv\u00e4ksi tekemiseen. Ageism: A Multi-National, Interdisciplinary Perspective \u2013 verkostossa on t\u00e4ll\u00e4 hetkell\u00e4 mukana&hellip;","protected":false,"raw":""},"author":1,"featured_media":0,"comment_status":"open","ping_status":"open","sticky":false,"template":"","format":"standard","meta":{"_mi_skip_tracking":false,"_fi_post_content":"<div id=\"articleHeader\"><\/div>                                                                                                                                                                                                                     <div id=\"parent-fieldname-description\">                   GEREC on liittynyt mukaan EU-rahoitteiseen COST-tutkimusverkostoon                 <\/div>                                                                                                                       <div id=\"content-core\">                                                             <div id=\"parent-fieldname-text\">            <p>COST-tutkimusverkostoon (European Cooperation in Science and Technology IS1402) jonka aikana keskityt\u00e4\u00e4n ik\u00e4syrjinn\u00e4n, ageismin tarkastelemiseen, yhteisten tutkimushankkeiden suunnitteluun sek\u00e4 ik\u00e4\u00e4n perustuvan ep\u00e4tasa-arvoisuuden n\u00e4kyv\u00e4ksi tekemiseen. <i>Ageism: A Multi-National, Interdisciplinary Perspective<\/i> \u2013 verkostossa on t\u00e4ll\u00e4 hetkell\u00e4 mukana yhteens\u00e4 12 maata ja Suomea edustavat Pirjo Nikander ja Marja Jylh\u00e4 GERECist\u00e4 sek\u00e4 Maria Ekstr\u00f6m ja Soile Juuj\u00e4rvi LAUREA ammattikorkeakoulusta. COST-hankkeiden kesto on nelj\u00e4 vuotta (Lis\u00e4\u00e4 COST-hankkeista osoitteessa <a href=\"http:\/\/www.cost.eu\/about_cost\"  target=\"_blank\">http:\/\/www.cost.eu\/about_cost<\/a>).<\/p><p>Lis\u00e4tietoja <a href=\"mailto:\/\/Pirjo.Nikander@uta.fi\"  target=\"_blank\">Pirjo.Nikander@uta.fi<\/a> <a href=\"mailto:\/\/Marja.Jylha@uta.fi\"  target=\"_blank\">Marja.Jylha@uta.fi<\/a><\/p>        <\/div>                                                                                                                  ","_fi_post_name":"gerontologian-tutkimuskeskus-mukaan-uuteen-cost-verkostoon","_fi_post_excerpt":"","_fi_post_title":"Gerontologian tutkimuskeskus mukaan uuteen COST-verkostoon","_en_post_content":"","_en_post_name":"","_en_post_excerpt":"","_en_post_title":"","edit_language":"en","footnotes":""},"categories":[130,1],"tags":[],"class_list":["post-403","post","type-post","status-publish","format-standard","hentry","category-tiedeuutiset","category-yleinen","entry","no-media"],"_links":{"self":[{"href":"https:\/\/www.gerec.fi\/en\/wp-json\/wp\/v2\/posts\/403","targetHints":{"allow":["GET"]}}],"collection":[{"href":"https:\/\/www.gerec.fi\/en\/wp-json\/wp\/v2\/posts"}],"about":[{"href":"https:\/\/www.gerec.fi\/en\/wp-json\/wp\/v2\/types\/post"}],"author":[{"embeddable":true,"href":"https:\/\/www.gerec.fi\/en\/wp-json\/wp\/v2\/users\/1"}],"replies":[{"embeddable":true,"href":"https:\/\/www.gerec.fi\/en\/wp-json\/wp\/v2\/comments?post=403"}],"version-history":[{"count":1,"href":"https:\/\/www.gerec.fi\/en\/wp-json\/wp\/v2\/posts\/403\/revisions"}],"predecessor-version":[{"id":5424,"href":"https:\/\/www.gerec.fi\/en\/wp-json\/wp\/v2\/posts\/403\/revisions\/5424"}],"wp:attachment":[{"href":"https:\/\/www.gerec.fi\/en\/wp-json\/wp\/v2\/media?parent=403"}],"wp:term":[{"taxonomy":"category","embeddable":true,"href":"https:\/\/www.gerec.fi\/en\/wp-json\/wp\/v2\/categories?post=403"},{"taxonomy":"post_tag","embeddable":true,"href":"https:\/\/www.gerec.fi\/en\/wp-json\/wp\/v2\/tags?post=403"}],"curies":[{"name":"wp","href":"https:\/\/api.w.org\/{rel}","templated":true}]}}