{"id":401,"date":"2018-12-11T20:21:27","date_gmt":"2018-12-11T20:21:27","guid":{"rendered":"https:\/\/gerec.fi\/2018\/12\/11\/tutkimusjulkaisu-heikko-kuulo-sitoo-kotiin\/"},"modified":"2019-02-21T16:39:47","modified_gmt":"2019-02-21T14:39:47","slug":"","status":"publish","type":"post","link":"https:\/\/www.gerec.fi\/en\/tutkimusjulkaisu-heikko-kuulo-sitoo-kotiin\/","title":{"rendered":"","raw":""},"content":{"rendered":"","protected":false,"raw":""},"excerpt":{"rendered":"N\u00e4\u00f6n ja kuulon ongelmat v\u00e4hent\u00e4v\u00e4t i\u00e4kk\u00e4iden henkil\u00f6iden aktiivista osallistumista erilaisiin tapahtumiin ja harrastuksiin. T\u00e4m\u00e4 havaittiin kahdessa Gerontologian tutkimuskeskuksen tutkimuksessa. N\u00e4\u00f6n ja kuulon ongelmat v\u00e4hent\u00e4v\u00e4t i\u00e4kk\u00e4iden henkil\u00f6iden aktiivista osallistumista erilaisiin tapahtumiin ja harrastuksiin. T\u00e4m\u00e4 havaittiin kahdessa Gerontologian tutkimuskeskuksen tutkimuksessa. Heikentyneet aistitoiminnot&hellip;","protected":false,"raw":""},"author":1,"featured_media":0,"comment_status":"open","ping_status":"open","sticky":false,"template":"","format":"standard","meta":{"_mi_skip_tracking":false,"_fi_post_content":"<div id=\"articleHeader\"><\/div>                                                                                                                                                                                                                     <div id=\"parent-fieldname-description\">                   N\u00e4\u00f6n ja kuulon ongelmat v\u00e4hent\u00e4v\u00e4t i\u00e4kk\u00e4iden henkil\u00f6iden aktiivista osallistumista erilaisiin tapahtumiin ja harrastuksiin. T\u00e4m\u00e4 havaittiin kahdessa Gerontologian tutkimuskeskuksen tutkimuksessa.                <\/div>                                                                                                                       <div id=\"content-core\">                                                             <div id=\"parent-fieldname-text\">            <p>N\u00e4\u00f6n ja kuulon ongelmat v\u00e4hent\u00e4v\u00e4t i\u00e4kk\u00e4iden henkil\u00f6iden aktiivista osallistumista erilaisiin tapahtumiin ja harrastuksiin. T\u00e4m\u00e4 havaittiin kahdessa Gerontologian tutkimuskeskuksen tutkimuksessa. Heikentyneet aistitoiminnot vaikeuttavat sosiaalisissa tilanteissa toimimista. Kuitenkin sosiaaliset suhteet ja tilanteet, joissa on mahdollisuus tavata muita ihmisi\u00e4, ovat t\u00e4rkeit\u00e4 ik\u00e4ihmisten hyv\u00e4lle el\u00e4m\u00e4nlaadulle.<\/p><p>\u00a0\u2013 Aistitoimintojen heikkeneminen on yleist\u00e4 i\u00e4kk\u00e4ill\u00e4 henkil\u00f6ill\u00e4 ja vaikeudet yleistyv\u00e4t huomattavasti kaikkein vanhimmissa ik\u00e4ryhmiss\u00e4. Noin joka kolmannella yli 50-vuotiaalla eurooppalaisella havaittiin joko kuulon, n\u00e4\u00f6n tai molempien aistien heikentymist\u00e4. Vanhemmissa ik\u00e4ryhmiss\u00e4 aistiongelmat ovat viel\u00e4 huomattavasti yleisempi\u00e4, <b>Anne Viljanen<\/b> toteaa.<\/p><p>\u00a0\u2013 Havaitsimme, ett\u00e4 kuulovaikeuksista k\u00e4rsiv\u00e4t ik\u00e4ihmiset osallistuvat ryhm\u00e4toimintoihin ja tapaavat yst\u00e4vi\u00e4\u00e4n hyv\u00e4kuuloisia harvemmin, <b>Tuija Mikkola<\/b> kertoo. Erityisesti ryhm\u00e4toiminta on heille haastavaa, sill\u00e4 meluisassa ymp\u00e4rist\u00f6ss\u00e4 kommunikointi usean ihmisen kanssa tuottaa heille usein paljon vaikeuksia. Tutkimuksessa havaittiin lis\u00e4ksi, ett\u00e4 kuulovaikeuksista k\u00e4rsiv\u00e4t henkil\u00f6t kokivat mahdollisuutensa el\u00e4\u00e4 el\u00e4m\u00e4\u00e4ns\u00e4 haluamallaan tavalla heikommiksi kuin hyv\u00e4kuuloiset.<\/p><p>Tuija Mikkolan tutkimus on osa laajempaa LISPE (Life-Space Mobility in Old Age) -tutkimusta, johon on haastateltu yhteens\u00e4 848:aa, i\u00e4lt\u00e4\u00e4n 75\u201390-vuotiasta, kotonaan asuvaa henkil\u00f6\u00e4 Jyv\u00e4skyl\u00e4n alueelta. Tutkittavista l\u00e4hes puolet raportoi k\u00e4rsiv\u00e4ns\u00e4 hieman, ja joka kymmenes k\u00e4rsiv\u00e4ns\u00e4 huomattavasti kuulovaikeuksista keskustellessaan toisen henkil\u00f6n kanssa ymp\u00e4rist\u00f6ss\u00e4, jossa on taustamelua.<\/p><p><b>Anne Viljasen<\/b> tutkimus toteutettiin yhteisty\u00f6ss\u00e4 Etel\u00e4-Tanskan yliopiston tutkimusryhm\u00e4n kanssa. Tutkimusaineisto SHARE (Survey of Health, Aging and Retirement in Europe) on koottu 11:sta Euroopan maasta. Siihen osallistui yli 27 tuhatta yli 50-vuotiasta henkil\u00f6\u00e4 niin Pohjoismaista, Keski-Euroopasta ja V\u00e4limeren maista. Tutkimukseen ei osallistunut suomalaisia.\u00a0<\/p><p>\u00a0\u2013 Tutkimuksessamme arvioitiin kuulo- ja n\u00e4k\u00f6ongelmien yleisyytt\u00e4 ja sit\u00e4, ovatko n\u00e4m\u00e4 aistitoimintojen heikkenemiset yhteydess\u00e4 sosiaaliseen aktiivisuuteen. N\u00e4k\u00f6- ja kuulo-ongelmaiset olivat sosiaalisesti v\u00e4hemm\u00e4n aktiivisia kuin ne, jotka eiv\u00e4t k\u00e4rsineet aistitoimintojen vajavuuksista. Erityisen haastavassa tilanteessa olivat ne, joilla oli sek\u00e4 n\u00e4k\u00f6- ett\u00e4 kuulo-ongelmia, Anne Viljanen kuvailee.<\/p><p><b>Kuntouttavat toimet t\u00e4rkeit\u00e4<\/b><\/p><p>Anne Viljanen ja Tuija Mikkola toteavat, ett\u00e4 i\u00e4kk\u00e4iden henkil\u00f6iden aistitoimintojen heikkenemist\u00e4 ennaltaehk\u00e4isev\u00e4t ja kuntouttavat toimet ovat t\u00e4rkeit\u00e4 pyritt\u00e4ess\u00e4 tukemaan i\u00e4kk\u00e4iden aktiivista sosiaalista el\u00e4m\u00e4\u00e4. Yhden aistin heikentynytt\u00e4 toimintaa on jossain m\u00e4\u00e4rin mahdollista kompensoida toisen aistin avulla, esimerkiksi kuulo-ongelmainen tukeutuu keskustelutilanteessa tavanomaista enemm\u00e4n n\u00e4k\u00f6aistiin. Siksi onkin t\u00e4rke\u00e4\u00e4 keskustella heikkokuuloisen henkil\u00f6n kanssa kasvotusten, jotta huulioluku mahdollistuu. \u00a0Yht\u00e4aikainen kuulon ja n\u00e4\u00f6n heikkeneminen vaatii my\u00f6s hoito- ja kuntoutushenkil\u00f6st\u00f6lt\u00e4 erityist\u00e4 osaamista, sek\u00e4 eri erikoisalojen kiinte\u00e4\u00e4 yhteisty\u00f6t\u00e4.<\/p><p>Tutkimukset on toteutettu Jyv\u00e4skyl\u00e4n yliopiston ja Tampereen yliopiston yhteisess\u00e4 Gerontologian tutkimuskeskuksessa. Tutkimukset ovat osa kansainv\u00e4list\u00e4 Kuulo, muisti ja hyvinvointi -hanketta. Tutkimuksia rahoitti Suomen Akatemia.<\/p><p>Tutkimustulokset on julkaistu alan kansainv\u00e4lisiss\u00e4 tieteellisiss\u00e4 aikakauslehdiss\u00e4.<\/p><p>Mikkola TM, Portegijs E, Rantakokko M, Gagn\u00e9 J-P, Rantanen T, Viljanen A. Association of self-reported hearing difficulty to objective and perceived participation outside the home in older community-dwelling adults. Journal of Aging and Health. In Press. DOI: 10.1177\/0898264314538662<\/p><p>Viljanen A, T\u00f6rm\u00e4kangas T, Vestergaard S, Andersen-Ranberg K. Dual sensory loss and social participation in older Europeans. European Journal of Aging 2014; 11: 155-167. DOI 10.1007\/s10433-013-0291-7<\/p><p>Lis\u00e4tietoja:<\/p><p>Tutkijatohtori Tuija Mikkola<\/p><p>puh. 040\u00a0502 5772<\/p><p><a href=\"mailto:\/\/tuija.m.mikkola@jyu.fi\"  target=\"_blank\">tuija.m.mikkola@jyu.fi<\/a><\/p><p>Yliopistonlehtori Anne Viljanen<\/p><p>puh. 040\u00a0805 3603<\/p><p><a href=\"mailto:\/\/anne.viljanen@jyu.fi\"  target=\"_blank\">anne.viljanen@jyu.fi<\/a><\/p>        <\/div>                                                                                                                  ","_fi_post_name":"tutkimusjulkaisu-heikko-kuulo-sitoo-kotiin","_fi_post_excerpt":"","_fi_post_title":"Tutkimusjulkaisu: Heikko kuulo sitoo kotiin","_en_post_content":"","_en_post_name":"","_en_post_excerpt":"","_en_post_title":"","edit_language":"en","footnotes":""},"categories":[130,1],"tags":[],"class_list":["post-401","post","type-post","status-publish","format-standard","hentry","category-tiedeuutiset","category-yleinen","entry","no-media"],"_links":{"self":[{"href":"https:\/\/www.gerec.fi\/en\/wp-json\/wp\/v2\/posts\/401","targetHints":{"allow":["GET"]}}],"collection":[{"href":"https:\/\/www.gerec.fi\/en\/wp-json\/wp\/v2\/posts"}],"about":[{"href":"https:\/\/www.gerec.fi\/en\/wp-json\/wp\/v2\/types\/post"}],"author":[{"embeddable":true,"href":"https:\/\/www.gerec.fi\/en\/wp-json\/wp\/v2\/users\/1"}],"replies":[{"embeddable":true,"href":"https:\/\/www.gerec.fi\/en\/wp-json\/wp\/v2\/comments?post=401"}],"version-history":[{"count":1,"href":"https:\/\/www.gerec.fi\/en\/wp-json\/wp\/v2\/posts\/401\/revisions"}],"predecessor-version":[{"id":5422,"href":"https:\/\/www.gerec.fi\/en\/wp-json\/wp\/v2\/posts\/401\/revisions\/5422"}],"wp:attachment":[{"href":"https:\/\/www.gerec.fi\/en\/wp-json\/wp\/v2\/media?parent=401"}],"wp:term":[{"taxonomy":"category","embeddable":true,"href":"https:\/\/www.gerec.fi\/en\/wp-json\/wp\/v2\/categories?post=401"},{"taxonomy":"post_tag","embeddable":true,"href":"https:\/\/www.gerec.fi\/en\/wp-json\/wp\/v2\/tags?post=401"}],"curies":[{"name":"wp","href":"https:\/\/api.w.org\/{rel}","templated":true}]}}