{"id":397,"date":"2018-12-11T20:21:27","date_gmt":"2018-12-11T20:21:27","guid":{"rendered":"https:\/\/gerec.fi\/2018\/12\/11\/tyoian-stressilla-haitallisia-vaikutuksia-vanhuuden-toimintakykyyn\/"},"modified":"2019-02-21T16:39:47","modified_gmt":"2019-02-21T14:39:47","slug":"","status":"publish","type":"post","link":"https:\/\/www.gerec.fi\/en\/tyoian-stressilla-haitallisia-vaikutuksia-vanhuuden-toimintakykyyn\/","title":{"rendered":"","raw":""},"content":{"rendered":"","protected":false,"raw":""},"excerpt":{"rendered":"Tutkijatohtori Jenni Kulmalan tutkimus osoittaa, ett\u00e4 ty\u00f6i\u00e4ss\u00e4 koetulla stressill\u00e4 on pitk\u00e4aikaisia vaikutuksia vanhuuden fyysiseen toimintakykyyn. Tutkimus on julkaistu kansainv\u00e4lisess\u00e4 tieteellisess\u00e4 lehdess\u00e4 Kulmala J, von Bonsdorff MB, Stenholm S, T\u00f6rm\u00e4kangas T, von Bonsdorff ME, Nyg\u00e5rd CH, Klockars M, Seitsamo J, Ilmarinen&hellip;","protected":false,"raw":""},"author":1,"featured_media":0,"comment_status":"open","ping_status":"open","sticky":false,"template":"","format":"standard","meta":{"_mi_skip_tracking":false,"_fi_post_content":"<div id=\"articleHeader\"><\/div>                                                                                                                                                                                                                     <div id=\"parent-fieldname-description\">                   Tutkijatohtori Jenni Kulmalan tutkimus osoittaa, ett\u00e4 ty\u00f6i\u00e4ss\u00e4 koetulla stressill\u00e4 on pitk\u00e4aikaisia vaikutuksia vanhuuden fyysiseen toimintakykyyn.                 <\/div>                                                                                                                       <div id=\"content-core\">                                                             <div id=\"parent-fieldname-text\">            <p>Tutkimus on julkaistu kansainv\u00e4lisess\u00e4 tieteellisess\u00e4 lehdess\u00e4 Kulmala J, von Bonsdorff MB, Stenholm S, T\u00f6rm\u00e4kangas T, von Bonsdorff ME, Nyg\u00e5rd CH, Klockars M, Seitsamo J, Ilmarinen J, Rantanen T. Perceived stress symptoms in midlife predict disability in old age. A 28-year prospective cohort study. The Journals of Gerontology Series A: Biological Sciences and Medical Sciences 2013; doi: 10.1093\/gerona\/gls339.<\/p><p>Lue aiheesta lis\u00e4\u00e4 <a href=\"https:\/\/www.jyu.fi\/ajankohtaista\/arkisto\/2013\/02\/tiedote-2013-02-04-09-33-48-032917\"  target=\"_blank\">t\u00e4st\u00e4<\/a><\/p>        <\/div>                                                                                                                  ","_fi_post_name":"tyoian-stressilla-haitallisia-vaikutuksia-vanhuuden-toimintakykyyn","_fi_post_excerpt":"","_fi_post_title":"Tutkimusjulkaisu: Ty\u00f6i\u00e4n stressill\u00e4 haitallisia vaikutuksia vanhuuden toimintakykyyn","_en_post_content":"","_en_post_name":"","_en_post_excerpt":"","_en_post_title":"","edit_language":"en","footnotes":""},"categories":[130,1],"tags":[],"class_list":["post-397","post","type-post","status-publish","format-standard","hentry","category-tiedeuutiset","category-yleinen","entry","no-media"],"_links":{"self":[{"href":"https:\/\/www.gerec.fi\/en\/wp-json\/wp\/v2\/posts\/397","targetHints":{"allow":["GET"]}}],"collection":[{"href":"https:\/\/www.gerec.fi\/en\/wp-json\/wp\/v2\/posts"}],"about":[{"href":"https:\/\/www.gerec.fi\/en\/wp-json\/wp\/v2\/types\/post"}],"author":[{"embeddable":true,"href":"https:\/\/www.gerec.fi\/en\/wp-json\/wp\/v2\/users\/1"}],"replies":[{"embeddable":true,"href":"https:\/\/www.gerec.fi\/en\/wp-json\/wp\/v2\/comments?post=397"}],"version-history":[{"count":1,"href":"https:\/\/www.gerec.fi\/en\/wp-json\/wp\/v2\/posts\/397\/revisions"}],"predecessor-version":[{"id":5491,"href":"https:\/\/www.gerec.fi\/en\/wp-json\/wp\/v2\/posts\/397\/revisions\/5491"}],"wp:attachment":[{"href":"https:\/\/www.gerec.fi\/en\/wp-json\/wp\/v2\/media?parent=397"}],"wp:term":[{"taxonomy":"category","embeddable":true,"href":"https:\/\/www.gerec.fi\/en\/wp-json\/wp\/v2\/categories?post=397"},{"taxonomy":"post_tag","embeddable":true,"href":"https:\/\/www.gerec.fi\/en\/wp-json\/wp\/v2\/tags?post=397"}],"curies":[{"name":"wp","href":"https:\/\/api.w.org\/{rel}","templated":true}]}}