{"id":393,"date":"2018-12-11T20:21:27","date_gmt":"2018-12-11T20:21:27","guid":{"rendered":"https:\/\/gerec.fi\/2018\/12\/11\/vaitostilaisuus-ttm-anna-siukolan-vaitostilaisuus-perjantaina-26\/"},"modified":"2019-02-21T17:31:37","modified_gmt":"2019-02-21T15:31:37","slug":"","status":"publish","type":"post","link":"https:\/\/www.gerec.fi\/en\/vaitostilaisuus-ttm-anna-siukolan-vaitostilaisuus-perjantaina-26\/","title":{"rendered":"","raw":""},"content":{"rendered":"","protected":false,"raw":""},"excerpt":{"rendered":"Sickness absence and working conditions in the food industry. Tampereen yliopiston terveystieteiden yksik\u00f6n luentosali, Medisiinarinkatu 3. TtM Anna Siukolan ty\u00f6terveyden alaan kuuluva v\u00e4it\u00f6skirjaSickness absence and working conditions in the food industry (Sairauspoissaolot ja ty\u00f6olosuhteet elintarviketeollisuudessa)tarkastetaan 26.4.2013 klo 12 Tampereen yliopiston&hellip;","protected":false,"raw":""},"author":1,"featured_media":0,"comment_status":"open","ping_status":"open","sticky":false,"template":"","format":"standard","meta":{"_mi_skip_tracking":false,"_fi_post_content":"<div id=\"articleHeader\"><\/div>                                                                                                                                                                                                                     <div id=\"parent-fieldname-description\">                   Sickness absence and working conditions in the food industry. Tampereen yliopiston terveystieteiden yksik\u00f6n luentosali, Medisiinarinkatu 3. TtM Anna Siukolan ty\u00f6terveyden alaan kuuluva v\u00e4it\u00f6skirjaSickness absence and working conditions in the food industry (Sairauspoissaolot ja ty\u00f6olosuhteet elintarviketeollisuudessa)tarkastetaan 26.4.2013 klo 12 Tampereen yliopiston terveystieteiden yksik\u00f6n luentosalissa, Medisiinarinkatu 3, Tampere.Vastav\u00e4itt\u00e4j\u00e4n\u00e4 on professori Kimmo R\u00e4s\u00e4nen (It\u00e4-Suomen yliopisto). Kustoksena toimii professori Clas-H\u00e5kan Nyg\u00e5rd.                <\/div>                                                                                                                       <div id=\"content-core\">                                                             <div id=\"parent-fieldname-text\">            <p><strong>Sairauspoissaolot ja ty\u00f6olosuhteet elintarviketeollisuudessa<br \/><\/strong><br \/><em>Ty\u00f6paikan poissaolokulttuuri ohjaa ty\u00f6ntekij\u00f6iden sairauspoissaolok\u00e4ytt\u00e4ytymist\u00e4 <\/em><br \/><br \/>Elintarviketeollisuudessa tehdyn tutkimuksen perusteella ty\u00f6olosuhteet selittiv\u00e4t osin sairauspoissaoloja. Sairauspoissaolokulttuuri ja yksil\u00f6llinen kynnys j\u00e4\u00e4d\u00e4 sairauslomalle olivat t\u00e4rkeit\u00e4 sairauspoissaolojen kannalta, kuten my\u00f6s ryhm\u00e4henki, ty\u00f6ilmapiiri, kokemus ty\u00f6n arvostuksesta ja l\u00e4sn\u00e4 oleva esimies. Tutkimuksen mukaan my\u00f6s poissaolojen aikaiset ty\u00f6j\u00e4rjestelyt olivat yhteydess\u00e4 sairauspoissaoloihin. Lis\u00e4ksi ik\u00e4\u00e4ntyville ty\u00f6ntekij\u00f6ille suunnattu senioriohjelma, jossa oli mahdollisuus yksil\u00f6llisiin ty\u00f6j\u00e4rjestelyihin, alensi pitkien sairauspoissaolojen riski\u00e4, vaikka lyhyiden sairauspoissaolojen riski lis\u00e4\u00e4ntyi. Vaikka elintarvikealan ty\u00f6 on fyysist\u00e4, eiv\u00e4t fyysiset ty\u00f6olosuhteet nousseet tutkimuksessa esille erityisin\u00e4 sairauspoissaolojen selitt\u00e4jin\u00e4.<br \/><br \/>Tuloksiin p\u00e4\u00e4dyttiin ty\u00f6terveyden alan v\u00e4it\u00f6skirjaty\u00f6ss\u00e4, jossa perehdyttiin ty\u00f6olosuhteiden ja sairauspoissaolojen yhteyksiin. Ty\u00f6olosuhteilla tarkoitettiin psykososiaalisia ja fyysisi\u00e4 ty\u00f6olosuhteita ja ty\u00f6j\u00e4rjestelyj\u00e4 (poissaolon aikaiset ty\u00f6j\u00e4rjestelyt ja senioriohjelma). Lis\u00e4ksi tarkasteltiin sairauspoissaoloihin liittyv\u00e4\u00e4 kulttuuria ja asenteita. Tutkimus toteutettiin suurehkon elintarvikekonsernin henkil\u00f6st\u00f6lle hy\u00f6dynt\u00e4en ryhm\u00e4haastatteluja, kysely- ja sairauspoissaolorekisteritietoja. <br \/><br \/>Sairauspoissaolot ovat aina ajankohtainen ja ty\u00f6el\u00e4m\u00e4\u00e4 puhutteleva aihe. Niit\u00e4 on tutkittu laajasti, mutta tutkimukset ovat painottuneet Suomessa julkisen sektorin alueelle. Vaikka elintarviketeollisuus johtaa teollisuudenalojen sairauspoissaolotilastoja, siit\u00e4 ei ole seurannut alaan kohdennettua tutkimusta. <br \/>Tutkimuksen perusteella voidaan p\u00e4\u00e4tell\u00e4, ett\u00e4 sairauspoissaoloja selitt\u00e4v\u00e4t monet muutkin kuin ty\u00f6olosuhteisiin liittyv\u00e4t tekij\u00e4t. Se ei kuitenkaan tarkoita, ett\u00e4 ty\u00f6terveyshuollon ja ty\u00f6nantajien toimet sairauspoissaolojen minimoimiseksi olisivat turhia. Tutkimuksessa esiin nousseet ty\u00f6olosuhdetekij\u00e4t ja -j\u00e4rjestelyt ansaitsevat huomiota ty\u00f6paikkojen henkil\u00f6st\u00f6hallinnoissa. My\u00f6s ik\u00e4\u00e4ntyvien ty\u00f6ntekij\u00f6iden ty\u00f6kyky\u00e4 tukeva senioriohjelma antoi kannustavia tuloksia, sill\u00e4 se v\u00e4hensi pitkien sairauspoissaolojen riski\u00e4. Tieto on eritt\u00e4in t\u00e4rke\u00e4, sill\u00e4 pitkien sairauslomajaksojen tiedet\u00e4\u00e4n lis\u00e4\u00e4v\u00e4n riski\u00e4 ennenaikaiseen el\u00e4k\u00f6itymiseen. <br \/><br \/>Sairauspoissaolokulttuurin merkityksellisyys korostuu silloin kun ty\u00f6ntekij\u00e4t miettiv\u00e4t sairauslomalle j\u00e4\u00e4mist\u00e4. Kuitenkin lopullista p\u00e4\u00e4t\u00f6st\u00e4 ohjannee yksil\u00f6llinen sairauslomalle j\u00e4\u00e4misen kynnys, jossa punnitaan l\u00e4sn\u00e4olon ja poissaolon hy\u00f6tyj\u00e4 ja haittoja. Henkil\u00f6kohtainen kynnys on t\u00e4rke\u00e4 tekij\u00e4 ty\u00f6ntekij\u00f6iden sairauspoissaoloihin liittyviss\u00e4 p\u00e4\u00e4t\u00f6ksiss\u00e4 lukuun ottamatta tilannetta, jolloin ty\u00f6ntekij\u00e4 on t\u00e4ysin ty\u00f6kyvyt\u00f6n.<br \/><br \/>******<br \/><br \/>Anna Siukola on syntynyt Tampereella ja h\u00e4n on suorittanut terveystieteiden maisterin tutkinnon Tampereen yliopistossa. Nykyisin h\u00e4n toimii tutkijana Tampereen yliopistossa.<br \/><br \/>Siukolan v\u00e4it\u00f6skirja ilmestyy sarjassa Acta Universitatis Tamperensis; 1822, Tampere University Press, Tampere 2013. ISBN 978-951-44-9103-0, ISSN 1455-1616. V\u00e4it\u00f6skirja ilmestyy my\u00f6s s\u00e4hk\u00f6isen\u00e4 sarjassa <a href=\"http:\/\/urn.fi\/URN:ISBN:978-951-44-9104-7\"  target=\"_blank\">Acta Electronica Universitatis Tamperensis; 1300<\/a>, Tampere University Press 2013. ISBN 978-951-44-9104-7, ISSN 1456-954X.<br \/>http:\/\/tampub.uta.fi.<br \/><br \/><strong>V\u00e4it\u00f6skirjan tilausosoite: <\/strong>Verkkokirjakauppa Granum, http:\/\/granum.uta.fi, tai e-mail: taju@uta.fi.<br \/><br \/><strong>Lis\u00e4tietoja:<\/strong> Anna Siukola, puh. 040-7409741, anna.siukola@uta.fi<\/p>        <\/div>                                                                                                                  ","_fi_post_name":"vaitostilaisuus-ttm-anna-siukolan-vaitostilaisuus-perjantaina-26","_fi_post_excerpt":"","_fi_post_title":"V\u00e4it\u00f6stilaisuus: TtM Anna Siukolan v\u00e4it\u00f6stilaisuus perjantaina 26.4.2013 12.00 Tampereella","_en_post_content":"","_en_post_name":"","_en_post_excerpt":"","_en_post_title":"","edit_language":"en","footnotes":""},"categories":[130,1],"tags":[],"class_list":["post-393","post","type-post","status-publish","format-standard","hentry","category-tiedeuutiset","category-yleinen","entry","no-media"],"_links":{"self":[{"href":"https:\/\/www.gerec.fi\/en\/wp-json\/wp\/v2\/posts\/393","targetHints":{"allow":["GET"]}}],"collection":[{"href":"https:\/\/www.gerec.fi\/en\/wp-json\/wp\/v2\/posts"}],"about":[{"href":"https:\/\/www.gerec.fi\/en\/wp-json\/wp\/v2\/types\/post"}],"author":[{"embeddable":true,"href":"https:\/\/www.gerec.fi\/en\/wp-json\/wp\/v2\/users\/1"}],"replies":[{"embeddable":true,"href":"https:\/\/www.gerec.fi\/en\/wp-json\/wp\/v2\/comments?post=393"}],"version-history":[{"count":1,"href":"https:\/\/www.gerec.fi\/en\/wp-json\/wp\/v2\/posts\/393\/revisions"}],"predecessor-version":[{"id":5487,"href":"https:\/\/www.gerec.fi\/en\/wp-json\/wp\/v2\/posts\/393\/revisions\/5487"}],"wp:attachment":[{"href":"https:\/\/www.gerec.fi\/en\/wp-json\/wp\/v2\/media?parent=393"}],"wp:term":[{"taxonomy":"category","embeddable":true,"href":"https:\/\/www.gerec.fi\/en\/wp-json\/wp\/v2\/categories?post=393"},{"taxonomy":"post_tag","embeddable":true,"href":"https:\/\/www.gerec.fi\/en\/wp-json\/wp\/v2\/tags?post=393"}],"curies":[{"name":"wp","href":"https:\/\/api.w.org\/{rel}","templated":true}]}}