{"id":382,"date":"2018-12-11T20:21:27","date_gmt":"2018-12-11T20:21:27","guid":{"rendered":"https:\/\/gerec.fi\/2018\/12\/11\/tutkimusjulkaisu-sosioekonominen-asema-on-yhteydessa-terveyseroihin-myos-viimeisina-elinvuosina\/"},"modified":"2019-02-21T16:39:46","modified_gmt":"2019-02-21T14:39:46","slug":"","status":"publish","type":"post","link":"https:\/\/www.gerec.fi\/en\/tutkimusjulkaisu-sosioekonominen-asema-on-yhteydessa-terveyseroihin-myos-viimeisina-elinvuosina\/","title":{"rendered":"","raw":""},"content":{"rendered":"","protected":false,"raw":""},"excerpt":{"rendered":"Sosioekonominen asema on yhteydess\u00e4 my\u00f6s hyvin i\u00e4kk\u00e4iden ihmisten terveyteen ja toimintakykyyn. T\u00e4m\u00e4 k\u00e4y ilmi Tampereen yliopiston terveystieteiden yksik\u00f6n ja gerontologian tutkimuskeskuksen Tervaskannot 90+ -tutkimuksen tuloksista. Tutkimus perustuu vuonna 2010 tehtyyn postikyselyyn, johon osallistui l\u00e4hes 1\u00a0300 tamperelaista 90\u2013107-vuotiasta miest\u00e4 ja naista.&hellip;","protected":false,"raw":""},"author":1,"featured_media":0,"comment_status":"open","ping_status":"open","sticky":false,"template":"","format":"standard","meta":{"_mi_skip_tracking":false,"_fi_post_content":"<div id=\"articleHeader\"><\/div>                                                                                                                                                                                                                     <div id=\"parent-fieldname-description\">                   Sosioekonominen asema on yhteydess\u00e4 my\u00f6s hyvin i\u00e4kk\u00e4iden ihmisten terveyteen ja toimintakykyyn. T\u00e4m\u00e4 k\u00e4y ilmi Tampereen yliopiston terveystieteiden yksik\u00f6n ja gerontologian tutkimuskeskuksen Tervaskannot 90+ -tutkimuksen tuloksista.                 <\/div>                                                                                                                       <div id=\"content-core\">                                                             <div id=\"parent-fieldname-text\">            <p>Tutkimus perustuu vuonna 2010 tehtyyn postikyselyyn, johon osallistui l\u00e4hes 1\u00a0300 tamperelaista 90\u2013107-vuotiasta miest\u00e4 ja naista. Tutkimuksessa tarkasteltiin koulutusasteen ja ammattiaseman yhteytt\u00e4 fyysiseen toimintakykyyn, itsearvioituun terveyteen ja sairastavuuteen. Tulokset osoittavat, ett\u00e4 ty\u00f6ntekij\u00e4ammateissa toimineilla sek\u00e4 v\u00e4hemm\u00e4n kouluttautuneilla on huonompi toimintakyky kuin toimihenkil\u00f6ill\u00e4 ja korkeasti kouluttautuneilla. Tulokset olivat samansuuntaiset my\u00f6s sairastavuudessa ja itsearvioidussa terveydess\u00e4, vaikkakin yhteys sosioekonomiseen asemaan oli heikompi.<\/p><p>Sosioekonomisen aseman mukaiset terveyserot on tunnistettu hyvin nuoremmissa ik\u00e4ryhmiss\u00e4. T\u00e4m\u00e4n tutkimuksen tulokset osoittavat, ett\u00e4 erot s\u00e4ilyv\u00e4t viimeisiin elinvuosiin saakka sek\u00e4 miehill\u00e4 ett\u00e4 naisilla.<\/p><p>Lis\u00e4tietoja:<\/p><p>Tohtoriopiskelija Linda Enroth, 040-1901647, <a href=\"mailto:\/\/linda.enroth@uta.fi\"  target=\"_blank\">linda.enroth@uta.fi<\/a><\/p><p>Terveystieteiden yksikk\u00f6 ja Gerontologian tutkimuskeskus,<\/p><p>Tampereen yliopisto<\/p><p>Enroth L, Raitanen J, Hervonen A, Jylh\u00e4 M. <em>Do Socioeconomic Health Differences Persist in Nonagenarians?<\/em> The Journals of Gerontology Series B: Psychological Sciences and Social Sciences 2013; 68 (5), 837-847.<\/p>        <\/div>                                                                                                                  ","_fi_post_name":"tutkimusjulkaisu-sosioekonominen-asema-on-yhteydessa-terveyseroihin-myos-viimeisina-elinvuosina","_fi_post_excerpt":"","_fi_post_title":"Tutkimusjulkaisu: Sosioekonominen asema on yhteydess\u00e4 terveyseroihin my\u00f6s viimeisin\u00e4 elinvuosina","_en_post_content":"","_en_post_name":"","_en_post_excerpt":"","_en_post_title":"","edit_language":"en","footnotes":""},"categories":[130,1],"tags":[],"class_list":["post-382","post","type-post","status-publish","format-standard","hentry","category-tiedeuutiset","category-yleinen","entry","no-media"],"_links":{"self":[{"href":"https:\/\/www.gerec.fi\/en\/wp-json\/wp\/v2\/posts\/382","targetHints":{"allow":["GET"]}}],"collection":[{"href":"https:\/\/www.gerec.fi\/en\/wp-json\/wp\/v2\/posts"}],"about":[{"href":"https:\/\/www.gerec.fi\/en\/wp-json\/wp\/v2\/types\/post"}],"author":[{"embeddable":true,"href":"https:\/\/www.gerec.fi\/en\/wp-json\/wp\/v2\/users\/1"}],"replies":[{"embeddable":true,"href":"https:\/\/www.gerec.fi\/en\/wp-json\/wp\/v2\/comments?post=382"}],"version-history":[{"count":1,"href":"https:\/\/www.gerec.fi\/en\/wp-json\/wp\/v2\/posts\/382\/revisions"}],"predecessor-version":[{"id":5477,"href":"https:\/\/www.gerec.fi\/en\/wp-json\/wp\/v2\/posts\/382\/revisions\/5477"}],"wp:attachment":[{"href":"https:\/\/www.gerec.fi\/en\/wp-json\/wp\/v2\/media?parent=382"}],"wp:term":[{"taxonomy":"category","embeddable":true,"href":"https:\/\/www.gerec.fi\/en\/wp-json\/wp\/v2\/categories?post=382"},{"taxonomy":"post_tag","embeddable":true,"href":"https:\/\/www.gerec.fi\/en\/wp-json\/wp\/v2\/tags?post=382"}],"curies":[{"name":"wp","href":"https:\/\/api.w.org\/{rel}","templated":true}]}}