{"id":380,"date":"2018-12-11T20:21:27","date_gmt":"2018-12-11T20:21:27","guid":{"rendered":"https:\/\/gerec.fi\/2018\/12\/11\/eija-pollaselle-aino-sallisen-nimikkorahaston-ensimmainen-apuraha\/"},"modified":"2019-02-21T17:31:33","modified_gmt":"2019-02-21T15:31:33","slug":"","status":"publish","type":"post","link":"https:\/\/www.gerec.fi\/en\/eija-pollaselle-aino-sallisen-nimikkorahaston-ensimmainen-apuraha\/","title":{"rendered":"","raw":""},"content":{"rendered":"","protected":false,"raw":""},"excerpt":{"rendered":"Jyv\u00e4skyl\u00e4n yliopiston emeritarehtori Aino Sallisen nimikkorahaston ensimm\u00e4inen apuraha on my\u00f6nnetty Gerontologian tutkimuskeskuksessa ty\u00f6skentelev\u00e4lle yliopistotutkija, FT Eija P\u00f6ll\u00e4selle. Eija P\u00f6ll\u00e4nen vastaanotti 10\u00a0000 euron suuruisen apurahan Jyv\u00e4skyl\u00e4n yliopiston lukukauden 2013\u20132014 avajaistilaisuudessa keskiviikkona 4. syyskuuta. Apurahan jakoivat emeritarehtori Aino Sallinen ja Jyv\u00e4skyl\u00e4n yliopistos\u00e4\u00e4ti\u00f6n&hellip;","protected":false,"raw":""},"author":1,"featured_media":0,"comment_status":"open","ping_status":"open","sticky":false,"template":"","format":"standard","meta":{"_mi_skip_tracking":false,"_fi_post_content":"<div id=\"articleHeader\"><\/div>                                                                                                                                                                                                                     <div id=\"parent-fieldname-description\">                   Jyv\u00e4skyl\u00e4n yliopiston emeritarehtori Aino Sallisen nimikkorahaston ensimm\u00e4inen apuraha on my\u00f6nnetty Gerontologian tutkimuskeskuksessa ty\u00f6skentelev\u00e4lle yliopistotutkija, FT Eija P\u00f6ll\u00e4selle.                <\/div>                                                                                                                       <div id=\"content-core\">                                                             <div id=\"parent-fieldname-text\">            <p>Eija P\u00f6ll\u00e4nen vastaanotti 10\u00a0000 euron suuruisen apurahan Jyv\u00e4skyl\u00e4n yliopiston lukukauden 2013\u20132014 avajaistilaisuudessa keskiviikkona 4. syyskuuta. Apurahan jakoivat emeritarehtori Aino Sallinen ja Jyv\u00e4skyl\u00e4n yliopistos\u00e4\u00e4ti\u00f6n asiamies <b>Asko Malinen<\/b>.<\/p><p>Eija P\u00f6ll\u00e4sen suunnittelema kaksivuotinen tutkimusprojekti kuuluu ik\u00e4\u00e4ntymisen tutkimuksen alaan. Tutkimuksen tavoitteena on selvitt\u00e4\u00e4, miten ik\u00e4\u00e4ntyminen tai sit\u00e4 kompensoivat interventiot kuten vaihdevuosioireiden hoitoon k\u00e4ytett\u00e4v\u00e4 estrogeenikorvaushoito vaikuttavat luurankolihaksen toimintakyvylle, koolle ja koostumukselle t\u00e4rke\u00e4n IGF-1 -signalointireitin toimintaan.<\/p><p>Tutkimus toteutetaan Jyv\u00e4skyl\u00e4n ja Minnesotan yliopistojen v\u00e4lisen\u00e4 yhteisty\u00f6n\u00e4.<\/p><p>Tutkimusyhteisty\u00f6 edist\u00e4\u00e4 Jyv\u00e4skyl\u00e4n yliopiston ik\u00e4\u00e4ntymisen tutkimusta ja vahvistaa Gerontologian tutkimuskeskuksen kansainv\u00e4list\u00e4 asemaa. Yhteisty\u00f6 mahdollistaa ik\u00e4\u00e4ntymisen tutkimisen tavalla, joka ei ole mahdollista k\u00e4ytt\u00e4m\u00e4ll\u00e4 pelk\u00e4st\u00e4\u00e4n Jyv\u00e4skyl\u00e4n yliopistossa k\u00e4ytett\u00e4viss\u00e4 olevia aineistoja ja menetelmi\u00e4.<\/p><h3>Tukea nuorten tutkijoiden kansainv\u00e4listymiseen<\/h3><p>Aino Sallisen nimikkorahasto tukee nuorten tutkijoiden kansainv\u00e4listymist\u00e4. Rahasto perustettiin vuonna 2007 Jyv\u00e4skyl\u00e4n yliopistorahaston perustamisen yhteydess\u00e4. Perustamisp\u00e4\u00e4oman muodosti Aino Sallisen 60-vuotisp\u00e4iv\u00e4n juhlaker\u00e4ys, johon yliopisto haastoi mukaan kaikki Jyv\u00e4skyl\u00e4n yliopiston tukijat ja kumppanit. Sallinen ohjasi rahastoon my\u00f6s 6.6.2013 j\u00e4rjestetyn l\u00e4ksi\u00e4isjuhlansa muistamiset.<\/p><p>Rahasto suuntautuu nuorten tutkijoiden uran tukemiseen ja erityisesti v\u00e4it\u00f6skirjan j\u00e4lkeiseen ty\u00f6skentelyyn. Rahaston tarkoitus on auttaa tutkijoita l\u00e4pi tutkijanuran vaikeimman vaiheen, jolloin p\u00e4tev\u00f6idyt\u00e4\u00e4n tohtorista professoriksi.<\/p><p>\u2013\u00a0\u00a0\u00a0\u00a0\u00a0 V\u00e4litt\u00f6m\u00e4sti rehtorivalintani j\u00e4lkeen 1992 sanoin ensimm\u00e4isess\u00e4 televisiohaastattelussa haluavani tukea erityisesti nuoria tutkijoita. Olen kiitollinen siit\u00e4, ett\u00e4 rahastoon lahjoitetusta noin 100\u00a0000 euron p\u00e4\u00e4omasta on mahdollisuus edist\u00e4\u00e4 etevien tutkijoiden urakehityst\u00e4 ja vahvistaa siten yliopiston kansainv\u00e4list\u00e4 tieteellist\u00e4 perustaa, emeritarehtori Aino Sallinen iloitsee.<\/p><p><b>Lis\u00e4tietoja: <\/b><\/p><ul><li>Jyv\u00e4skyl\u00e4n yliopistos\u00e4\u00e4ti\u00f6n asiamies Asko Malinen, puh. 0400 528\u00a0879, <a href=\"mailto:\/\/asko.malinen@pp1.inet.fi\"  target=\"_blank\">asko.malinen@pp1.inet.fi<\/a><\/li><li>Jyv\u00e4skyl\u00e4n yliopiston tukirahaston hoitokunnan puheenjohtaja, vararehtori Helena Rasku-Puttonen, puh. 050 373 2119, <a href=\"mailto:\/\/helena.rasku-puttonen@jyu.fi\"  target=\"_blank\">helena.rasku-puttonen@jyu.fi<\/a><\/li><\/ul><\/div>                                                                                                                  ","_fi_post_name":"eija-pollaselle-aino-sallisen-nimikkorahaston-ensimmainen-apuraha","_fi_post_excerpt":"","_fi_post_title":"Eija P\u00f6ll\u00e4selle Aino Sallisen nimikkorahaston ensimm\u00e4inen apuraha","_en_post_content":"","_en_post_name":"","_en_post_excerpt":"","_en_post_title":"","edit_language":"en","footnotes":""},"categories":[130,1],"tags":[],"class_list":["post-380","post","type-post","status-publish","format-standard","hentry","category-tiedeuutiset","category-yleinen","entry","no-media"],"_links":{"self":[{"href":"https:\/\/www.gerec.fi\/en\/wp-json\/wp\/v2\/posts\/380","targetHints":{"allow":["GET"]}}],"collection":[{"href":"https:\/\/www.gerec.fi\/en\/wp-json\/wp\/v2\/posts"}],"about":[{"href":"https:\/\/www.gerec.fi\/en\/wp-json\/wp\/v2\/types\/post"}],"author":[{"embeddable":true,"href":"https:\/\/www.gerec.fi\/en\/wp-json\/wp\/v2\/users\/1"}],"replies":[{"embeddable":true,"href":"https:\/\/www.gerec.fi\/en\/wp-json\/wp\/v2\/comments?post=380"}],"version-history":[{"count":1,"href":"https:\/\/www.gerec.fi\/en\/wp-json\/wp\/v2\/posts\/380\/revisions"}],"predecessor-version":[{"id":5475,"href":"https:\/\/www.gerec.fi\/en\/wp-json\/wp\/v2\/posts\/380\/revisions\/5475"}],"wp:attachment":[{"href":"https:\/\/www.gerec.fi\/en\/wp-json\/wp\/v2\/media?parent=380"}],"wp:term":[{"taxonomy":"category","embeddable":true,"href":"https:\/\/www.gerec.fi\/en\/wp-json\/wp\/v2\/categories?post=380"},{"taxonomy":"post_tag","embeddable":true,"href":"https:\/\/www.gerec.fi\/en\/wp-json\/wp\/v2\/tags?post=380"}],"curies":[{"name":"wp","href":"https:\/\/api.w.org\/{rel}","templated":true}]}}