{"id":38,"date":"2018-08-28T07:58:10","date_gmt":"2018-08-28T05:58:10","guid":{"rendered":"https:\/\/gerec.fi\/ge%c2%adron%c2%adto%c2%adlo%c2%adgian-ke%c2%adsa%c2%adkou%c2%adlu-haas%c2%adtaa-ikaan%c2%adty%c2%admi%c2%adsen-tut%c2%adki%c2%adjat-poh%c2%adti%c2%admaan-omaa-roo%c2%adli%c2%adaan-vies%c2%adtin%c2%adn\/"},"modified":"2019-02-21T17:41:50","modified_gmt":"2019-02-21T15:41:50","slug":"","status":"publish","type":"post","link":"https:\/\/www.gerec.fi\/en\/ge%c2%adron%c2%adto%c2%adlo%c2%adgian-ke%c2%adsa%c2%adkou%c2%adlu-haas%c2%adtaa-ikaan%c2%adty%c2%admi%c2%adsen-tut%c2%adki%c2%adjat-poh%c2%adti%c2%admaan-omaa-roo%c2%adli%c2%adaan-vies%c2%adtin%c2%adn\/","title":{"rendered":"","raw":""},"content":{"rendered":"","protected":false,"raw":""},"excerpt":{"rendered":"Kes\u00e4koulun ensimm\u00e4isen p\u00e4iv\u00e4n ohjelman aloittaa alustukset tutkimuksen viestinn\u00e4st\u00e4 ja vaikuttamisesta.\u00a0 P\u00e4iv\u00e4n avaa kansanedustaja Sinuhe Wallinheimo. H\u00e4n valottaa puheenvuorossaan sit\u00e4, miten kansanedustaja hy\u00f6dynt\u00e4\u00e4 tutkimustietoa ty\u00f6ss\u00e4\u00e4n. Tutkijan roolista viestij\u00e4n\u00e4 ja vaikuttaja alustaa gerontologian professori Marja Jylh\u00e4 Tampereen yliopistosta. Alustajina ovat lis\u00e4ksi YLE&hellip;","protected":false,"raw":""},"author":1,"featured_media":0,"comment_status":"closed","ping_status":"closed","sticky":false,"template":"","format":"standard","meta":{"_mi_skip_tracking":false,"_fi_post_content":"<div id=\"content-core\"> <div class=\"clearfix newsitem\"> <div id=\"parent-fieldname-text\"> <p>Kes\u00e4koulun ensimm\u00e4isen p\u00e4iv\u00e4n ohjelman aloittaa alustukset tutkimuksen viestinn\u00e4st\u00e4 ja vaikuttamisesta.\u00a0 P\u00e4iv\u00e4n avaa kansanedustaja Sinuhe Wallinheimo. H\u00e4n valottaa puheenvuorossaan sit\u00e4, miten kansanedustaja hy\u00f6dynt\u00e4\u00e4 tutkimustietoa ty\u00f6ss\u00e4\u00e4n. Tutkijan roolista viestij\u00e4n\u00e4 ja vaikuttaja alustaa gerontologian professori Marja Jylh\u00e4 Tampereen yliopistosta. Alustajina ovat lis\u00e4ksi YLE Keski-Suomen vastaava tuottaja Eija Heikkil\u00e4 sek\u00e4 yliopistotutkija Elina Sillanp\u00e4\u00e4 Jyv\u00e4skyl\u00e4n yliopistosta. Heid\u00e4n puheenvuoroissaan liikutaan uutiskynnyksen ylitt\u00e4viss\u00e4 aiheissa sek\u00e4 tutkimussuunnitelman yhteiskunnallisen vaikuttavuuden arvioinnissa. Aamup\u00e4iv\u00e4n p\u00e4\u00e4tt\u00e4\u00e4 alustajien paneelikeskustelu, jota moderoi Jyv\u00e4skyl\u00e4n yliopiston viestint\u00e4p\u00e4\u00e4llikk\u00f6 Liisa Harjula.<\/p> <p>Iltap\u00e4iv\u00e4ll\u00e4 kes\u00e4koulun osallistujat p\u00e4\u00e4sev\u00e4t pohtimaan ty\u00f6pajoissa mm. tutkijan tiedeviestinn\u00e4n kysymyksi\u00e4 sek\u00e4 poliittiseen p\u00e4\u00e4t\u00f6ksentekoon vaikuttamista.<\/p> <p>Toisena p\u00e4iv\u00e4n\u00e4 kokoontuu Gerontologian tutkimuskeskuksen ohjausryhm\u00e4, mink\u00e4 yhteydess\u00e4 GERECin tutkijat esittelev\u00e4t tutkimushankkeitaan. Esill\u00e4 ovat niin tutkimuskeskuksen suuret projektit, kuten ik\u00e4\u00e4ntymisen ja hoivan tutkimuksen huippuyksikk\u00f6 kuin yksitt\u00e4iset tutkijatohtori- ja v\u00e4it\u00f6skirjahankkeetkin.<\/p> <p>Vuosittain j\u00e4rjestett\u00e4v\u00e4\u00e4n kes\u00e4kouluun osallistuu t\u00e4n\u00e4 vuonna l\u00e4hes 50 Gerontologian tutkimuskeskuksen tutkijaa Jyv\u00e4skyl\u00e4st\u00e4 ja Tampereelta.<\/p> <p><i>Gerontologian tutkimuskeskus on Jyv\u00e4skyl\u00e4n yliopiston ja Tampereen yliopiston vanhenemisen ja ik\u00e4\u00e4ntymisen tutkimuksen yhteenliittym\u00e4. Sit\u00e4 koordinoivat yhdess\u00e4 Jyv\u00e4skyl\u00e4n yliopiston Liikuntatieteellinen tiedekunta ja Tampereen yliopiston Yhteiskuntatieteiden tiedekunta (terveystieteet). Mukana on my\u00f6s tutkijaryhmi\u00e4 Jyv\u00e4skyl\u00e4n yliopiston yhteiskuntatieteiden ja filosofian laitokselta ja Tampereen yliopiston l\u00e4\u00e4ketieteen ja biotieteiden tiedekunnasta.<\/i><\/p> <p><a href=\"https:\/\/www.jyu.fi\/sport\/fi\/gerontologia-kansanterveys\/gerontologian-kesakoulun-ohjelma\/kesakouluohjryhma_ohjelma_030818.pdf\" rel=\"noopener noreferrer\" target=\"_blank\">Ohjelma linkin takaa. <\/a><\/p> <p>Lis\u00e4tietoja:<\/p> <ul> <li>Projektitutkija Niina Kajan, <a href=\"mailto:niina.kajan@jyu.fi\">niina.kajan@jyu.fi<\/a>, 040\u00a0805 3209<\/li> <li>Tutkimusjohtaja Katja Kokko, <a href=\"mailto:katja.r.kokko@jyu.fi\">katja.r.kokko@jyu.fi<\/a>, 040\u00a0805 3500<\/li> <\/ul> <\/div> <\/div> <\/div> ","_fi_post_name":"ge%c2%adron%c2%adto%c2%adlo%c2%adgian-ke%c2%adsa%c2%adkou%c2%adlu-haas%c2%adtaa-ikaan%c2%adty%c2%admi%c2%adsen-tut%c2%adki%c2%adjat-poh%c2%adti%c2%admaan-omaa-roo%c2%adli%c2%adaan-vies%c2%adtin%c2%adn","_fi_post_excerpt":"","_fi_post_title":"Ge\u00adron\u00adto\u00adlo\u00adgian ke\u00ads\u00e4\u00adkou\u00adlu haas\u00adtaa ik\u00e4\u00e4n\u00adty\u00admi\u00adsen tut\u00adki\u00adjat poh\u00adti\u00admaan omaa roo\u00adli\u00adaan vies\u00adtin\u00adn\u00e4n ja vai\u00adkut\u00adta\u00admi\u00adsen sa\u00adral\u00adla","_en_post_content":"","_en_post_name":"","_en_post_excerpt":"","_en_post_title":"","edit_language":"en","footnotes":""},"categories":[130,1],"tags":[],"class_list":["post-38","post","type-post","status-publish","format-standard","hentry","category-tiedeuutiset","category-yleinen","entry","no-media"],"_links":{"self":[{"href":"https:\/\/www.gerec.fi\/en\/wp-json\/wp\/v2\/posts\/38","targetHints":{"allow":["GET"]}}],"collection":[{"href":"https:\/\/www.gerec.fi\/en\/wp-json\/wp\/v2\/posts"}],"about":[{"href":"https:\/\/www.gerec.fi\/en\/wp-json\/wp\/v2\/types\/post"}],"author":[{"embeddable":true,"href":"https:\/\/www.gerec.fi\/en\/wp-json\/wp\/v2\/users\/1"}],"replies":[{"embeddable":true,"href":"https:\/\/www.gerec.fi\/en\/wp-json\/wp\/v2\/comments?post=38"}],"version-history":[{"count":1,"href":"https:\/\/www.gerec.fi\/en\/wp-json\/wp\/v2\/posts\/38\/revisions"}],"predecessor-version":[{"id":5353,"href":"https:\/\/www.gerec.fi\/en\/wp-json\/wp\/v2\/posts\/38\/revisions\/5353"}],"wp:attachment":[{"href":"https:\/\/www.gerec.fi\/en\/wp-json\/wp\/v2\/media?parent=38"}],"wp:term":[{"taxonomy":"category","embeddable":true,"href":"https:\/\/www.gerec.fi\/en\/wp-json\/wp\/v2\/categories?post=38"},{"taxonomy":"post_tag","embeddable":true,"href":"https:\/\/www.gerec.fi\/en\/wp-json\/wp\/v2\/tags?post=38"}],"curies":[{"name":"wp","href":"https:\/\/api.w.org\/{rel}","templated":true}]}}