{"id":378,"date":"2018-12-11T20:21:27","date_gmt":"2018-12-11T20:21:27","guid":{"rendered":"https:\/\/gerec.fi\/2018\/12\/11\/terveydenhuoltotutkimuksen-paivat-28\/"},"modified":"2019-02-21T17:31:36","modified_gmt":"2019-02-21T15:31:36","slug":"","status":"publish","type":"post","link":"https:\/\/www.gerec.fi\/en\/terveydenhuoltotutkimuksen-paivat-28\/","title":{"rendered":"","raw":""},"content":{"rendered":"","protected":false,"raw":""},"excerpt":{"rendered":"Teema:Sote-uudistus ja vanhojen ihmisten terveyspalvelutSuomalainen terveydenhuoltoj\u00e4rjestelm\u00e4 on muutosten alla. Muutoksella pyrit\u00e4\u00e4n muun muassa varautumaan v\u00e4est\u00f6n voimakkaaseen ik\u00e4\u00e4ntymiseen. T\u00e4h\u00e4n v\u00e4est\u00f6kehitykseen ovat vaikuttamassa niin syntyvyyden v\u00e4heneminen, suurten ik\u00e4luokkien vanheneminen kuin elini\u00e4n piteneminen. Vanhojen ihmisten kasvava m\u00e4\u00e4r\u00e4 lis\u00e4\u00e4 paineita sosiaali- ja terveydenhuoltoj\u00e4rjestelm\u00e4lle, sill\u00e4&hellip;","protected":false,"raw":""},"author":1,"featured_media":0,"comment_status":"open","ping_status":"open","sticky":false,"template":"","format":"standard","meta":{"_mi_skip_tracking":false,"_fi_post_content":"<div id=\"articleHeader\"><\/div>                                                                                                                                                                                                                     <div id=\"parent-fieldname-description\">                   Teema:Sote-uudistus ja vanhojen ihmisten terveyspalvelutSuomalainen terveydenhuoltoj\u00e4rjestelm\u00e4 on muutosten alla. Muutoksella pyrit\u00e4\u00e4n muun muassa varautumaan v\u00e4est\u00f6n voimakkaaseen ik\u00e4\u00e4ntymiseen. T\u00e4h\u00e4n v\u00e4est\u00f6kehitykseen ovat vaikuttamassa niin syntyvyyden v\u00e4heneminen, suurten ik\u00e4luokkien vanheneminen kuin elini\u00e4n piteneminen. Vanhojen ihmisten kasvava m\u00e4\u00e4r\u00e4 lis\u00e4\u00e4 paineita sosiaali- ja terveydenhuoltoj\u00e4rjestelm\u00e4lle, sill\u00e4 palvelujen k\u00e4ytt\u00f6 lis\u00e4\u00e4ntyy i\u00e4n mukana. Miten esimerkiksi kunnat, suomalaisen terveydenhuollon kulmakivin\u00e4 ovat vastaamassa t\u00e4h\u00e4n haasteeseen?Terveydenhuoltotutkimuksen p\u00e4ivien teemana on t\u00e4n\u00e4 vuonna sote-uudistus ja vanhojen ihmisten terveyspalvelut. P\u00e4iv\u00e4t alkavat ajankohtaisella katsauksella meneill\u00e4\u00e4n olevaan sosiaali- ja terveyspalvelurakenteen uudistukseen, jonka yhten\u00e4 merkitt\u00e4v\u00e4n\u00e4 l\u00e4ht\u00f6kohtana on ollut palvelujen turvaaminen yh\u00e4 i\u00e4kk\u00e4\u00e4mm\u00e4lle v\u00e4est\u00f6lle. T\u00e4m\u00e4n j\u00e4lkeen syvennymme kuulemaan suomalaisten asiantuntijoiden havaintoja vanhojen ihmisten terveyspalveluista, ja miten sote-uudistus niihin vaikuttaa. Ensimm\u00e4isen p\u00e4iv\u00e4n p\u00e4\u00e4tteeksi juhlimme Sosiaalil\u00e4ketieteellisen Aikakauslehden juhlavuotta kuulemalla lehden historiasta, kehityksest\u00e4 ja tulevaisuuden n\u00e4kymist\u00e4.Terveydenhuoltotutkimuksen toinen p\u00e4iv\u00e4 on varattu erityisesti alan jatko-opiskelijoille, mutta my\u00f6s muut kiinnostuneet ovat tervetulleita. Jatko-opintokurssilla on teemana terveydenhuollon muutoksen tutkiminen. T\u00e4t\u00e4 teemaa k\u00e4sitell\u00e4\u00e4n niin teoreettisesti, menetelm\u00e4llisesti kuin empiirisestikin. Kurssin tavoitteena on tuoda esiin erilaisia l\u00e4hestymistapoja terveydenhuollon muutoksen tutkimukseen.                <\/div>                                                                                                                       <div id=\"content-core\">                                                             <div id=\"parent-fieldname-text\">            <table><tbody><tr><td colspan=\"2\"><p><b>TERVEYDENHUOLTOTUTKIMUKSEN SEMINAARI <\/b><\/p><p><b><br \/>torstai 28.11.2013 <\/b><\/p><\/td><\/tr><tr><td><p>9.30-10.00<\/p><\/td><td><p><b>Ilmoittautuminen ja kahvi <\/b><\/p><\/td><\/tr><tr><td colspan=\"2\"><p><b>AAMUP\u00c4IV\u00c4N SESSIO - Sote-uudistus ja vanhojen ihmisten palvelut <\/b><\/p><\/td><\/tr><tr><td><p>10.00\u201310.45<\/p><\/td><td><p><b><i>Sote-uudistus NYT <\/i><\/b><\/p><p>Marina Erhola, ylijohtaja, THL<\/p><\/td><\/tr><tr><td><p>10.45-11.30<\/p><\/td><td><p><b><i>Vanhojen ihmisten terveyspalvelut tulevaisuudessa \u2013 uhat ja mahdollisuudet <\/i><\/b><\/p><p>Anja Noro, Ik\u00e4ihmisten palvelut \u2013yksikk\u00f6, varap\u00e4\u00e4llikk\u00f6, THL<\/p><\/td><\/tr><tr><td><p>11.30-12.00<\/p><\/td><td><p><b><i>Kommenttipuheenvuoro \u2013 K\u00e4yt\u00e4nn\u00f6n kokemuksia uudistuksista <\/i><\/b><\/p><p>Jaakko Valvanne, professori, Tampereen yliopisto<\/p><\/td><\/tr><tr><td><p>12.00\u201313.00<\/p><\/td><td><p><b>Lounas <\/b>(omakustanteinen) K\u00e4ytt\u00e4ytymisl\u00e4\u00e4ketieteen jaoksen kokous<\/p><\/td><\/tr><tr><td colspan=\"2\"><p><b>TUTKIMUSSESSIOT klo 13.00 \u2013 14.30 <\/b><\/p><\/td><\/tr><tr><td colspan=\"2\"><p><b><i>A) K\u00e4ytt\u00e4ytymisl\u00e4\u00e4ketiede <\/i><\/b><\/p><p>Pj. Sakari Suominen, professori, Turun yliopisto<\/p><\/td><\/tr><tr><td colspan=\"2\"><p><b>B) Terveystaloustiede <\/b><\/p><p>Pj. Varmistuu my\u00f6hemmin<\/p><\/td><\/tr><tr><td colspan=\"2\"><p><b>C) <i>Vanhuspalvelut <\/i><\/b><\/p><p>Pj. Jutta Pulkki, tutkijatohtori, Tampereen yliopisto<\/p><\/td><\/tr><tr><td colspan=\"2\"><p><b>D) <i>Abstraktit <\/i>v<i>apaan tarjonnan perusteella <\/i><\/b><\/p><p>Pj. Tuulikki Vehko, tutkija, THL<\/p><p><b><i>E) Abstraktit <\/i><\/b><b>v<i>apaan tarjonnan perusteella <\/i><\/b><\/p><p>Pj. Liina-Kaisa Tynkkynen, tutkijatohtori, Tampereen yliopisto<\/p><\/td><\/tr><tr><td><p>14.30\u201315.00<\/p><\/td><td><p><b>Kahvi <\/b><\/p><\/td><\/tr><tr><td colspan=\"2\"><p><b>ILTAP\u00c4IV\u00c4N SESSIO - Aihetta juhlaan <\/b><\/p><\/td><\/tr><tr><td><p>15.00-17.00<\/p><p>17.00<\/p><\/td><td><p><b><i>Sosiaalil\u00e4\u00e4ketieteellinen Aikakauslehti 50 vuotta - historiaa ja tulevaisuuden n\u00e4k\u00f6aloja <\/i><\/b><\/p><p>Matti Hakama, Emeritusprofessori<\/p><p>Ranja Aukee, YTT<\/p><p>Liina-Kaisa Tynkkynen, FT<\/p><p><b><i>Terveydenhuoltol\u00e4\u00e4k\u00e4rin vuoden teko \u2013palkinnon jako <\/i><\/b><\/p><p>Sami Heistaro, LT, erikoisl\u00e4\u00e4k\u00e4ri, MBA<\/p><p><b>Kuohuviinitarjoilu <\/b><\/p><p>Sosiaalil\u00e4\u00e4ketieteen yhdistyksen syyskokous<\/p><\/td><\/tr><\/tbody><\/table><table><tbody><tr><td colspan=\"2\"><p><b>Jatko-opintokurssi <\/b><\/p><p><b>TERVEYDENHUOLLON MUUTOS JA KUINKA TUTKIA SIT\u00c4? <\/b><\/p><p><b><br \/>perjantai 29.11.2013 <\/b><\/p><\/td><\/tr><tr><td><p>9.00-9.15<\/p><\/td><td><p><b>Kurssin avaus <\/b><\/p><\/td><\/tr><tr><td><p>9.15-10.00<\/p><\/td><td><p><b>Teoriat osana muutoksen tutkimusta <\/b><\/p><p>Mikko Niemel\u00e4, dosentti, johtava tutkija, Kela<\/p><\/td><\/tr><tr><td><p>10.00-10.30<\/p><\/td><td><p><b>Muutoksen tutkimus asiakirja-aineiston avulla <\/b><\/p><p><i>Puhuja varmistuu my\u00f6hemmin <\/i><\/p><\/td><\/tr><tr><td><p>10.30-11.00<\/p><\/td><td><p><b>Rekisteriaineistot ja muutoksen tutkimus <\/b><\/p><p>Sonja Lumme, VTM, tutkija, THL Tuulikki Vehko, TtM, tutkija, THL<\/p><\/td><\/tr><tr><td><p>11.00-11.15<\/p><\/td><td><p><b>Tauko <\/b><\/p><\/td><\/tr><tr><td><p>11.15-11.45<\/p><\/td><td><p><b>Muuttuva vai murtuva terveydenhuollon talous <\/b><\/p><p><i>Puhuja varmistuu my\u00f6hemmin <\/i><\/p><\/td><\/tr><tr><td><p>11.45-12.15<\/p><\/td><td><p><b>Terveyspolitiikan muutos <\/b><\/p><p>Arttu Saarinen, FT, yliopistonlehtori, Turun yliopisto<\/p><\/td><\/tr><tr><td><p>12.15-13.15<\/p><\/td><td><p><b>Lounas (omakustanteinen) <\/b><\/p><\/td><\/tr><tr><td><p>13.15-13.45<\/p><\/td><td><p><b>Muutokset terveydenhuollon henkil\u00f6st\u00f6rakenteessa ja henkil\u00f6st\u00f6n hyvinvoinnissa <\/b><\/p><p>Lauri Kokkinen, FT, tiimip\u00e4\u00e4llikk\u00f6, Ty\u00f6terveyslaitos<\/p><\/td><\/tr><tr><td><p>13.45-14.15<\/p><\/td><td><p><b>Yksityisen ja julkisen keskin\u00e4issuhde muutoksessa <\/b><\/p><p>Liina-Kaisa Tynkkynen, FT, tutkijatohtori, Tay<\/p><\/td><\/tr><tr><td><p>14.15-14.45<\/p><\/td><td><p><b>Muutokset terveydenhuollon oikeudenmukaisuudessa <\/b><\/p><p>Ilmo Keskim\u00e4ki, tutkimusprofessori, THL\/Tay<\/p><\/td><\/tr><tr><td><p>14.45-15.00<\/p><\/td><td><p><b>Keskustelua ja kurssin p\u00e4\u00e4t\u00f6s <\/b><\/p><\/td><\/tr><\/tbody><\/table><p><b>J\u00e4rjest\u00e4j\u00e4t: Sosiaalil\u00e4\u00e4ketieteen yhdistys ry, Tampereen yliopiston terveystieteiden yksikk\u00f6,\u00a0\u00a0\u00a0\u00a0 Gerontologian tutkimuskeskus (Gerec), Terveyden ja hyvinvoinnin laitos (THL)<\/b><\/p><p><b>Call for abstracts <br \/><br \/><\/b><\/p><p><b>TERVEYDENHUOLTOTUTKIMUKSEN SEMINAARI 28.11.2013 <\/b><\/p><p>Seminaariin osallistujat voivat esitell\u00e4 omia tutkimushankkeitaan iltap\u00e4iv\u00e4n rinnakkaissessioissa. Vaikka p\u00e4ivien teema on t\u00e4n\u00e4 vuonna Sote-uudistus ja vanhojen ihmisten palvelut, esityksi\u00e4 toivotaan laajasti terveydenhuoltotutkimuksen eri alueilta. Tarjottavista esityksist\u00e4 pyydet\u00e4\u00e4n toimittamaan abstraktit <b>25.10.2013 menness\u00e4 <\/b>s\u00e4hk\u00f6postitse Jutta Pulkille (jutta.pulkki(a)uta.fi).<\/p><p>Tiivistelmist\u00e4 koottava abstraktikirja jaetaan seminaarin osallistujille ja sen elektroninen versio julkaistaan THL:n Ty\u00f6papereita sarjassa. <\/p><p><b>OHJEET TIIVISTELM\u00c4N TEKOON: <\/b><\/p><p>Abstraktitekstin kokonaispituus saa olla enint\u00e4\u00e4n 350 sanaa ja sen tulee mahtua yhdelle A4-sivulle. Kirjasinlaji on Times New Roman ja koko on 12. Tiivistelm\u00e4n ensimm\u00e4iselle riville tulee ty\u00f6n otsikko. T\u00e4m\u00e4n j\u00e4lkeen tulee yksi tyhj\u00e4 rivi, jonka j\u00e4lkeen kirjoitetaan tekij\u00e4n tai tekij\u00f6iden nimet, oppiarvot ja ty\u00f6paikat. Ennen varsinaista teksti\u00e4 j\u00e4tet\u00e4\u00e4n yksi tyhj\u00e4 rivi, jonka j\u00e4lkeen kirjoitetaan tutkimuksen tai kehitt\u00e4misty\u00f6n tarkoitus ja tutkimusteht\u00e4v\u00e4, aineisto ja menetelm\u00e4t, keskeiset tulokset sek\u00e4 lopuksi johtop\u00e4\u00e4t\u00f6kset. Uusi kappale aloitetaan aina vasemmasta reunasta ilman sisennyst\u00e4. Kappaleiden v\u00e4liin j\u00e4tet\u00e4\u00e4n tyhj\u00e4 rivi.<\/p><p>Kansilehti kirjoitetaan erikseen. Siit\u00e4 ilmenee ty\u00f6n otsikko, yhteyshenkil\u00f6n nimi, tutkinto, ammatti, ty\u00f6paikka, osoite, s\u00e4hk\u00f6posti- ja puhelinyhteystiedot.Mik\u00e4li osallistuja haluaa esitell\u00e4 suunnitteilla tai meneill\u00e4\u00e4n olevaa tutkimushanketta, tulee se ilmoittaa. <b>Tiedosto tallennetaan rtf-muotoon ja nimet\u00e4\u00e4n yhteyshenkil\u00f6n sukunimen ja etunimen alkukirjaimin esim. Virtanen_A.rtf. <\/b><\/p><p><b>ILMOITTAUTUMINEN: <\/b><\/p><p>Ilmoittautuminen <b>20.11.2013 menness\u00e4 <\/b>(tarjoilua varten). Ilmoittautumisen yhteydess\u00e4 tulee mainita, osallistuuko ensimm\u00e4iseen p\u00e4iv\u00e4n seminaariin (28.11), jatko-opintokurssille (29.11) vai molempiin. Ilmoittautumiset vastaanottaa Sosiaalil\u00e4\u00e4ketieteen yhdistyksen sihteeri Reetta Lehto S\u00e4hk\u00f6posti: sihteeri(a)socialmedicine.fi.<\/p><p>Osallistuminen p\u00e4iville on maksutonta.<\/p><p><b><br \/>LIS\u00c4TIETOJA P\u00c4IVIST\u00c4: <\/b><\/p><p>Jutta Pulkki, p. 050 3186742, s\u00e4hk\u00f6posti: jutta.pulkki(a)uta.fi<\/p><p><b><br \/>OHJELMA P\u00c4IVITET\u00c4\u00c4N SLY:n sivuille: <\/b>http:\/\/www.socialmedicine.fi<\/p>        <\/div>                                                                                                                  ","_fi_post_name":"terveydenhuoltotutkimuksen-paivat-28","_fi_post_excerpt":"","_fi_post_title":"TERVEYDENHUOLTOTUTKIMUKSEN P\u00c4IV\u00c4T 28.\u201329.11.2013, Tampereen yliopisto, Terveystieteiden yksikk\u00f6","_en_post_content":"","_en_post_name":"","_en_post_excerpt":"","_en_post_title":"","edit_language":"en","footnotes":""},"categories":[130,1],"tags":[],"class_list":["post-378","post","type-post","status-publish","format-standard","hentry","category-tiedeuutiset","category-yleinen","entry","no-media"],"_links":{"self":[{"href":"https:\/\/www.gerec.fi\/en\/wp-json\/wp\/v2\/posts\/378","targetHints":{"allow":["GET"]}}],"collection":[{"href":"https:\/\/www.gerec.fi\/en\/wp-json\/wp\/v2\/posts"}],"about":[{"href":"https:\/\/www.gerec.fi\/en\/wp-json\/wp\/v2\/types\/post"}],"author":[{"embeddable":true,"href":"https:\/\/www.gerec.fi\/en\/wp-json\/wp\/v2\/users\/1"}],"replies":[{"embeddable":true,"href":"https:\/\/www.gerec.fi\/en\/wp-json\/wp\/v2\/comments?post=378"}],"version-history":[{"count":1,"href":"https:\/\/www.gerec.fi\/en\/wp-json\/wp\/v2\/posts\/378\/revisions"}],"predecessor-version":[{"id":5473,"href":"https:\/\/www.gerec.fi\/en\/wp-json\/wp\/v2\/posts\/378\/revisions\/5473"}],"wp:attachment":[{"href":"https:\/\/www.gerec.fi\/en\/wp-json\/wp\/v2\/media?parent=378"}],"wp:term":[{"taxonomy":"category","embeddable":true,"href":"https:\/\/www.gerec.fi\/en\/wp-json\/wp\/v2\/categories?post=378"},{"taxonomy":"post_tag","embeddable":true,"href":"https:\/\/www.gerec.fi\/en\/wp-json\/wp\/v2\/tags?post=378"}],"curies":[{"name":"wp","href":"https:\/\/api.w.org\/{rel}","templated":true}]}}