{"id":376,"date":"2018-12-11T20:21:27","date_gmt":"2018-12-11T20:21:27","guid":{"rendered":"https:\/\/gerec.fi\/2018\/12\/11\/tutkimusjulkaisu-tehostetussa-palveluasumisessa-asuvat-muistisairaat-kokevat-eniten-kuormittavia-siirtymia-elaman-loppuvaiheessa\/"},"modified":"2019-02-21T16:39:46","modified_gmt":"2019-02-21T14:39:46","slug":"","status":"publish","type":"post","link":"https:\/\/www.gerec.fi\/en\/tutkimusjulkaisu-tehostetussa-palveluasumisessa-asuvat-muistisairaat-kokevat-eniten-kuormittavia-siirtymia-elaman-loppuvaiheessa\/","title":{"rendered":"","raw":""},"content":{"rendered":"","protected":false,"raw":""},"excerpt":{"rendered":"Muistisairaista el\u00e4m\u00e4n loppuvaihetta el\u00e4vist\u00e4, vanhainkodissa tai tehostetussa palveluasumisessa asuvista ihmisist\u00e4 joka kymmenes koki kuormittaviksi luokiteltavia siirtymi\u00e4 hoitopaikkojen v\u00e4lill\u00e4 kolmen viimeisen elinkuukauden aikana. Yleisimpi\u00e4 olivat toistuvat siirtym\u00e4t terveyskeskukseen tai erikoissairaanhoitoon. Siirtym\u00e4t olivat huomattavasti yleisempi\u00e4 niille jotka asuivat tehostetussa palveluasumisessa kuin niille&hellip;","protected":false,"raw":""},"author":1,"featured_media":0,"comment_status":"open","ping_status":"open","sticky":false,"template":"","format":"standard","meta":{"_mi_skip_tracking":false,"_fi_post_content":"<div id=\"articleHeader\"><\/div>                                                                                                                                                                                                                     <div id=\"parent-fieldname-description\">                   Muistisairaista el\u00e4m\u00e4n loppuvaihetta el\u00e4vist\u00e4, vanhainkodissa tai tehostetussa palveluasumisessa asuvista ihmisist\u00e4 joka kymmenes koki kuormittaviksi luokiteltavia siirtymi\u00e4 hoitopaikkojen v\u00e4lill\u00e4 kolmen viimeisen elinkuukauden aikana. Yleisimpi\u00e4 olivat toistuvat siirtym\u00e4t terveyskeskukseen tai erikoissairaanhoitoon. Siirtym\u00e4t olivat huomattavasti yleisempi\u00e4 niille jotka asuivat tehostetussa palveluasumisessa kuin niille jotka asuivat perinteisess\u00e4 vanhainkodin laitoshoidossa; tehosteussa palveluasumisessa l\u00e4hes joka viides (18.3%) koki kuormittavia siirtymi\u00e4. Vanhainkodissa asuvista vain 6% koki vastaavia siirtymi\u00e4.                <\/div>                                                                                                                       <div id=\"content-core\">                                                             <div id=\"parent-fieldname-text\">            <p>Tulokset ovat per\u00e4isin Yleistyv\u00e4 pitk\u00e4ik\u00e4isyys ja sosiaali- ja terveyspalvelujen muuttuvat haasteet (COCTEL) tutkimushankkeesta, joka on meneill\u00e4\u00e4n Gerontologian tutkimuskeskuksessa ja terveystieteiden yksik\u00f6ss\u00e4 Tampereen yliopistossa. Tutkimuksen aineisto ker\u00e4ttiin Tilastokeskuksen ja Terveyden ja hyvinvoinnin laitoksen rekistereist\u00e4. Aineisto sis\u00e4lsi sosiaali- ja terveysalan palvelujen k\u00e4yt\u00f6n koko maassa lukuun ottamatta avohoidon k\u00e4yntej\u00e4.<\/p><p>\u00a0Tutkimuksessa tarkasteltiin dementiaa sairastaneita, vanhankodeissa ja tehostetussa palveluasumisessa viimeisen kuuden elinkuukauden aikana asuneita ihmisi\u00e4. Hoitopaikkojen v\u00e4liset siirtym\u00e4t laskettiin kuormittaviksi jos 1) siirtym\u00e4 tapahtui kolmen viimeisen p\u00e4iv\u00e4n aikana, 2) pitk\u00e4aikaishoitopaikka vaihtui esimerkiksi sairaalak\u00e4ynnin j\u00e4lkeen viimeisten kolmen kuukauden aikana tai 3) tapahtui v\u00e4hint\u00e4\u00e4n kolme siirtym\u00e4\u00e4 viimeisen kolmen kuukauden aikana. \u00a0Kuormittavien siirtymien m\u00e4\u00e4ritelm\u00e4t perustuvat yhdysvaltalaisiin tutkimuksiin. Ajatuksena on, ett\u00e4 el\u00e4m\u00e4ns\u00e4 loppuvaiheita el\u00e4v\u00e4t muistisairaat kokevat toistuvat tai aivan viimeisin\u00e4 p\u00e4ivin\u00e4 tapahtuvat hoitopaikkojen v\u00e4liset siirtym\u00e4t kuormittavina, jolloin niiden tarpeellisuutta ja syit\u00e4 t\u00e4ytyy punnita erityisen tarkasti. Tutkimusvuodet olivat 2002\u20142008. Tutkimusvuosien aikana siirtymi\u00e4 kokeneiden m\u00e4\u00e4r\u00e4ss\u00e4 ei ollut n\u00e4ht\u00e4viss\u00e4 selk\u00e4\u00e4 kasvavaa tai v\u00e4henev\u00e4\u00e4 trendi\u00e4. Analyyseissa otettiin huomioon ik\u00e4, sukupuoli ja muut diagnoosit.<\/p><p>Tutkimuksen tiedot:<\/p><p>Aaltonen Mari, Raitanen Jani, Forma Leena, Pulkki Jutta, Rissanen Pekka, Jylh\u00e4 Marja. Burdensome Transitions at the End of Life Among Long-Term Care Residents With Dementia. Journal of American Medical Directors Association 2014: 15; 643-648.<\/p><p>Lis\u00e4tiedot:<\/p><p>Mari Aaltonen, mari.s.aaltonen@uta.fi, 040 190 1674<\/p><p>Tampereen yliopisto, terveystieteiden yksikk\u00f6<\/p><\/div>                                                                                                                  ","_fi_post_name":"tutkimusjulkaisu-tehostetussa-palveluasumisessa-asuvat-muistisairaat-kokevat-eniten-kuormittavia-siirtymia-elaman-loppuvaiheessa","_fi_post_excerpt":"","_fi_post_title":"Tutkimusjulkaisu: Tehostetussa palveluasumisessa asuvat muistisairaat kokevat eniten kuormittavia siirtymi\u00e4 el\u00e4m\u00e4n loppuvaiheessa","_en_post_content":"","_en_post_name":"","_en_post_excerpt":"","_en_post_title":"","edit_language":"en","footnotes":""},"categories":[130,1],"tags":[],"class_list":["post-376","post","type-post","status-publish","format-standard","hentry","category-tiedeuutiset","category-yleinen","entry","no-media"],"_links":{"self":[{"href":"https:\/\/www.gerec.fi\/en\/wp-json\/wp\/v2\/posts\/376","targetHints":{"allow":["GET"]}}],"collection":[{"href":"https:\/\/www.gerec.fi\/en\/wp-json\/wp\/v2\/posts"}],"about":[{"href":"https:\/\/www.gerec.fi\/en\/wp-json\/wp\/v2\/types\/post"}],"author":[{"embeddable":true,"href":"https:\/\/www.gerec.fi\/en\/wp-json\/wp\/v2\/users\/1"}],"replies":[{"embeddable":true,"href":"https:\/\/www.gerec.fi\/en\/wp-json\/wp\/v2\/comments?post=376"}],"version-history":[{"count":1,"href":"https:\/\/www.gerec.fi\/en\/wp-json\/wp\/v2\/posts\/376\/revisions"}],"predecessor-version":[{"id":5417,"href":"https:\/\/www.gerec.fi\/en\/wp-json\/wp\/v2\/posts\/376\/revisions\/5417"}],"wp:attachment":[{"href":"https:\/\/www.gerec.fi\/en\/wp-json\/wp\/v2\/media?parent=376"}],"wp:term":[{"taxonomy":"category","embeddable":true,"href":"https:\/\/www.gerec.fi\/en\/wp-json\/wp\/v2\/categories?post=376"},{"taxonomy":"post_tag","embeddable":true,"href":"https:\/\/www.gerec.fi\/en\/wp-json\/wp\/v2\/tags?post=376"}],"curies":[{"name":"wp","href":"https:\/\/api.w.org\/{rel}","templated":true}]}}