{"id":375,"date":"2018-12-11T20:21:27","date_gmt":"2018-12-11T20:21:27","guid":{"rendered":"https:\/\/gerec.fi\/2018\/12\/11\/tutkimusjulkaisu-vaikea-ymparisto-2013-yksinainen-vanhus-hankala-yhtalo\/"},"modified":"2019-02-21T16:39:46","modified_gmt":"2019-02-21T14:39:46","slug":"","status":"publish","type":"post","link":"https:\/\/www.gerec.fi\/en\/tutkimusjulkaisu-vaikea-ymparisto-2013-yksinainen-vanhus-hankala-yhtalo\/","title":{"rendered":"","raw":""},"content":{"rendered":"","protected":false,"raw":""},"excerpt":{"rendered":"Koetut ymp\u00e4rist\u00f6n esteet lis\u00e4\u00e4v\u00e4t yksin\u00e4isyyden kokemusta kotona asuvilla i\u00e4kk\u00e4ill\u00e4 ihmisill\u00e4. T\u00e4m\u00e4 todettiin Jyv\u00e4skyl\u00e4n yliopiston Gerontologian tutkimuskeskuksen Life-space mobility in old age eli LISPE-tutkimuksessa, johon osallistui 848 Jyv\u00e4skyl\u00e4n ja Muuramen alueella asuvaa 75\u201390-vuotiasta henkil\u00f6\u00e4. Kolmasosalla tutkimukseen osallistuneista oli yksin\u00e4isyyden kokemuksia. Ymp\u00e4rist\u00f6n&hellip;","protected":false,"raw":""},"author":1,"featured_media":0,"comment_status":"open","ping_status":"open","sticky":false,"template":"","format":"standard","meta":{"_mi_skip_tracking":false,"_fi_post_content":"<div id=\"articleHeader\"><\/div>                                                                                                                                                                                                                     <div id=\"parent-fieldname-description\">                   Koetut ymp\u00e4rist\u00f6n esteet lis\u00e4\u00e4v\u00e4t yksin\u00e4isyyden kokemusta kotona asuvilla i\u00e4kk\u00e4ill\u00e4 ihmisill\u00e4. T\u00e4m\u00e4 todettiin Jyv\u00e4skyl\u00e4n yliopiston Gerontologian tutkimuskeskuksen Life-space mobility in old age eli LISPE-tutkimuksessa, johon osallistui 848 Jyv\u00e4skyl\u00e4n ja Muuramen alueella asuvaa 75\u201390-vuotiasta henkil\u00f6\u00e4.                <\/div>                                                                                                                       <div id=\"content-core\">                                                             <div id=\"parent-fieldname-text\">            <p>Kolmasosalla tutkimukseen osallistuneista oli yksin\u00e4isyyden kokemuksia. Ymp\u00e4rist\u00f6n vaikutus yksin\u00e4isyyden kokemukseen oli yll\u00e4tt\u00e4v\u00e4n suuri. Yksikin ymp\u00e4rist\u00f6n este l\u00e4hes kaksinkertaisti yksin\u00e4isyyden todenn\u00e4k\u00f6isyyden, ja niill\u00e4 joilla ymp\u00e4rist\u00f6ss\u00e4 oli t\u00e4t\u00e4kin enemm\u00e4n esteit\u00e4, todenn\u00e4k\u00f6isyys oli yli kaksinkertainen. Lumi ja j\u00e4\u00e4 talviaikaan, pitk\u00e4t et\u00e4isyydet palveluihin ja m\u00e4kinen maasto olivat voimakkaimmin yhteydess\u00e4 yksin\u00e4isyyteen, tutkijatohtori <b>Merja Rantakokko<\/b> toteaa.<\/p><p>\u2013 T\u00e4ytyy muistaa, ett\u00e4 sosiaalinen erist\u00e4ytyminen ja yksin\u00e4isyys ovat eri asioita; yksin\u00e4isyys on negatiivinen tunnetila, jonka voi m\u00e4\u00e4ritell\u00e4 vain henkil\u00f6 itse, kun taas sosiaalinen erist\u00e4ytyminen on mitattavissa muun muassa sosiaalisten kontaktien m\u00e4\u00e4r\u00e4ll\u00e4. Henkil\u00f6 voi siis olla sosiaalisesti hyvinkin aktiivinen, mutta silti kokea olevansa yksin\u00e4inen, Rantakokko muistuttaa.<\/p><p>Aiemmat tutkimukset ovat osoittaneet, ett\u00e4 ymp\u00e4rist\u00f6ss\u00e4 koetut esteet vaikuttavat mm. ulkona liikkumisen pelkoon, liikkumisvaikeuksien syntymiseen, ja heikent\u00e4v\u00e4t el\u00e4m\u00e4nlaatua. Ymp\u00e4rist\u00f6n esteiden ja yksin\u00e4isyyden v\u00e4list\u00e4 yhteytt\u00e4 ei kuitenkaan ole aiemmin tutkittu.<\/p><p>\u2013 Mielenkiintoista t\u00e4ss\u00e4 on se, ett\u00e4 ymp\u00e4rist\u00f6n rooli oli eritt\u00e4in merkitt\u00e4v\u00e4, riippumatta henkil\u00f6n terveydentilasta tai liikkumiskyvyst\u00e4. Tutkimuksessa huomattiinkin, ett\u00e4 ymp\u00e4rist\u00f6n haasteellisuus heikent\u00e4\u00e4 henkil\u00f6n autonomian tunnetta, eli tunnetta siit\u00e4 ett\u00e4 henkil\u00f6 pystyy itse p\u00e4\u00e4tt\u00e4m\u00e4\u00e4n milloin ja mihin h\u00e4n haluaa menn\u00e4. Se puolestaan aiheuttaa sen, ett\u00e4 elinpiiri pienenee ja yksin\u00e4isyyden tunne lis\u00e4\u00e4ntyy, Rantakokko selitt\u00e4\u00e4.<\/p><p>Vanhusten yksin\u00e4isyydest\u00e4 on puhuttu viime aikoina paljon, ja t\u00e4m\u00e4 tutkimus tuo esiin uuden merkitt\u00e4v\u00e4n tekij\u00e4n yksin\u00e4isyyden kokemuksen taustalla.<\/p><p>Tutkimusta rahoittavat Suomen Akatemian Asumisen tulevaisuus -tutkimusohjelma sek\u00e4 opetus- ja kulttuuriministeri\u00f6.<\/p><p>Tutkimuksen tulokset on julkaistu korkeatasoisessa kansainv\u00e4lisess\u00e4 tieteellisess\u00e4 lehdess\u00e4.<\/p><p>Rantakokko M, Iwarsson S, Vahaluoto S, Portegijs E, Viljanen A, Rantanen T. Perceived environmental barriers to outdoor mobility and loneliness among community-dwelling older people. Journals of Gerontology, Series A; Biological Sciences & Medical Sciences 2014. doi: 10.1093\/gerona\/glu069. Epub ahead of print.<\/p><p><b>Lis\u00e4tietoja: <\/b><\/p><p>Tutkijatohtori Merja Rantakokko, merja.rantakokko@jyu.fi, puh. 040-8053589<\/p>        <\/div>                                                                                                                  ","_fi_post_name":"tutkimusjulkaisu-vaikea-ymparisto-2013-yksinainen-vanhus-hankala-yhtalo","_fi_post_excerpt":"","_fi_post_title":"Tutkimusjulkaisu: Vaikea ymp\u00e4rist\u00f6 \u2013 yksin\u00e4inen vanhus, hankala yht\u00e4l\u00f6","_en_post_content":"","_en_post_name":"","_en_post_excerpt":"","_en_post_title":"","edit_language":"en","footnotes":""},"categories":[130,1],"tags":[],"class_list":["post-375","post","type-post","status-publish","format-standard","hentry","category-tiedeuutiset","category-yleinen","entry","no-media"],"_links":{"self":[{"href":"https:\/\/www.gerec.fi\/en\/wp-json\/wp\/v2\/posts\/375","targetHints":{"allow":["GET"]}}],"collection":[{"href":"https:\/\/www.gerec.fi\/en\/wp-json\/wp\/v2\/posts"}],"about":[{"href":"https:\/\/www.gerec.fi\/en\/wp-json\/wp\/v2\/types\/post"}],"author":[{"embeddable":true,"href":"https:\/\/www.gerec.fi\/en\/wp-json\/wp\/v2\/users\/1"}],"replies":[{"embeddable":true,"href":"https:\/\/www.gerec.fi\/en\/wp-json\/wp\/v2\/comments?post=375"}],"version-history":[{"count":1,"href":"https:\/\/www.gerec.fi\/en\/wp-json\/wp\/v2\/posts\/375\/revisions"}],"predecessor-version":[{"id":5416,"href":"https:\/\/www.gerec.fi\/en\/wp-json\/wp\/v2\/posts\/375\/revisions\/5416"}],"wp:attachment":[{"href":"https:\/\/www.gerec.fi\/en\/wp-json\/wp\/v2\/media?parent=375"}],"wp:term":[{"taxonomy":"category","embeddable":true,"href":"https:\/\/www.gerec.fi\/en\/wp-json\/wp\/v2\/categories?post=375"},{"taxonomy":"post_tag","embeddable":true,"href":"https:\/\/www.gerec.fi\/en\/wp-json\/wp\/v2\/tags?post=375"}],"curies":[{"name":"wp","href":"https:\/\/api.w.org\/{rel}","templated":true}]}}