{"id":370,"date":"2018-12-11T20:21:26","date_gmt":"2018-12-11T20:21:26","guid":{"rendered":"https:\/\/gerec.fi\/2018\/12\/11\/yli-90-vuotiaat-tervaskannot-edustavat-tulevaisuutta\/"},"modified":"2019-02-21T17:31:37","modified_gmt":"2019-02-21T15:31:37","slug":"","status":"publish","type":"post","link":"https:\/\/www.gerec.fi\/en\/yli-90-vuotiaat-tervaskannot-edustavat-tulevaisuutta\/","title":{"rendered":"","raw":""},"content":{"rendered":"","protected":false,"raw":""},"excerpt":{"rendered":"Muutama vuosikymmen sitten yli 90-vuotiaat olivat suuria harvinaisuuksia, nyt he ovat 45 000:n suuruinen joukko ja selvin todistus elini\u00e4n pitenemisest\u00e4. - T\u00e4m\u00e4 joukko edustaa tulevaisuutta, sanoo Tervaskannot 90+-tutkimuksen johtaja professori Marja Jylh\u00e4. Tulevina vuosina yh\u00e4 useampi suomalainen el\u00e4\u00e4 90- tai&hellip;","protected":false,"raw":""},"author":1,"featured_media":0,"comment_status":"open","ping_status":"open","sticky":false,"template":"","format":"standard","meta":{"_mi_skip_tracking":false,"_fi_post_content":"<div id=\"articleHeader\"><\/div>                                                                                                                                                                                                                     <div id=\"parent-fieldname-description\">                   Muutama vuosikymmen sitten yli 90-vuotiaat olivat suuria harvinaisuuksia, nyt he ovat 45 000:n  suuruinen joukko ja selvin todistus elini\u00e4n pitenemisest\u00e4.  - T\u00e4m\u00e4 joukko edustaa tulevaisuutta,  sanoo Tervaskannot 90+-tutkimuksen johtaja professori Marja Jylh\u00e4.  Tulevina vuosina yh\u00e4 useampi suomalainen el\u00e4\u00e4 90- tai 100-vuotiaaksi.                 <\/div>                                                                                                                       <div id=\"content-core\">                                                             <div id=\"parent-fieldname-text\">            <p>Tervaskannot 90+-tutkimuksessa on liki 20 vuoden ajan tutkittu tamperelaisia 90-vuotiaita ja sit\u00e4 vanhempia ihmisi\u00e4. Postikyselyill\u00e4 ja haastatteluilla on kartoitettu el\u00e4m\u00e4ntilannetta, terveytt\u00e4 ja toimintakyky\u00e4, avun tarvetta ja avun l\u00e4hteit\u00e4 sek\u00e4 el\u00e4m\u00e4ntarinoita ja tutkittavien omia k\u00e4sityksi\u00e4 hyv\u00e4st\u00e4 vanhuudesta. Verikokein on tutkittu biologista vanhenemista.<br \/><br \/>Viimeisin postikysely tehtiin kev\u00e4\u00e4ll\u00e4 2014. Siihen vastasi yli 1600 henke\u00e4, sek\u00e4 kotona ett\u00e4 laitoksissa asuvia. T\u00e4rkein tulos on, ett\u00e4 yli 90-vuotiaat ovat sek\u00e4 terveytens\u00e4 ett\u00e4 el\u00e4m\u00e4ntilanteensa puolesta moninainen joukko.<br \/><br \/>- Vanhuus ei tee ihmisist\u00e4 samanlaisia eik\u00e4 ik\u00e4 kerro ihmisest\u00e4 kaikkea, sanoo Marja Jylh\u00e4.<br \/><br \/>90-vuotiaista ja sit\u00e4 vanhemmista tamperelaisista kolme nelj\u00e4st\u00e4 on naisia. Kaksi kolmannesta asuu tavallisessa kodissa ja heist\u00e4 valtaosa yksin. Monilla on useita pitk\u00e4aikaisia sairauksia ja toimintakyky vaihtelee. Vajaa puolet suoriutuu jokseenkin itsen\u00e4isesti jokap\u00e4iv\u00e4isest\u00e4 el\u00e4m\u00e4st\u00e4, kolmannes taas tarvitsee apua perustoimintoihinkin. Nelj\u00e4ll\u00e4 kymmenest\u00e4 on muistisairaus. Suurin osa on kuitenkin el\u00e4m\u00e4\u00e4ns\u00e4 hyvin tai jokseenkin tyytyv\u00e4isi\u00e4.<br \/><br \/>T\u00e4rkeimpi\u00e4 auttajia ovat perhe ja lapset. Ei pid\u00e4 paikkaansa, etteiv\u00e4t omaiset kantaisi vastuuta, sanovat tutkijat. Kaikilla omaisia ei kuitenkaan ole, ja kotipalvelun ongelmina ovat hoitajien kiire ja suuri vaihtuvuus. Omassa kodissa useat kokevat yksin\u00e4isyytt\u00e4 ja turvattomuutta.<br \/><br \/>- Haastateltujen mielest\u00e4 hyv\u00e4n vanhuuden rakennuspuihin kuuluvat mahdollisuus p\u00e4\u00e4tt\u00e4\u00e4 itse omista asioistaan ja my\u00f6s hyv\u00e4 kuolema, sanoo el\u00e4m\u00e4ntarinoita tutkinut dosentti <strong>Kirsi Lumme-Sandt<\/strong>.<br \/><br \/>Pitk\u00e4ik\u00e4isyyden yleistyminen haastaa nykyisen palvelupolitiikan. Vanhan ihmisen hyv\u00e4 ja arvokas el\u00e4m\u00e4 edellytt\u00e4\u00e4 ainakin loppuvaiheessa usein ymp\u00e4rivuorokautista hoitoa. Sen v\u00e4hent\u00e4minen on lyhytn\u00e4k\u00f6ist\u00e4 ja tulee kalliiksi, sanovat Tervaskanto-tutkijat. <br \/><br \/>Tervaskannot 90+-tutkimus on maailmanlaajuisesti ainutlaatuinen pituutensa ja korkean osallistumisaktiivisuuden vuoksi. Joka kerta noin 80 % kohderyhm\u00e4st\u00e4 on vastannut kysymyksiin. Tutkijat kiitt\u00e4v\u00e4t tamperelaisia vanhusty\u00f6n ammattilaisia sek\u00e4 tervaskantoja ja heid\u00e4n omaisiaan hyv\u00e4st\u00e4 yhteisty\u00f6st\u00e4.<br \/><br \/>Tervaskannot 90+-tutkimusta toteutetaan Tampereen yliopiston terveystieteiden yksik\u00f6ss\u00e4 ja Gerontologian tutkimuskeskuksessa. Tutkimuksen aloittivat vuonna 1995 professori <strong>Antti Hervonen<\/strong> ja Marja Jylh\u00e4.<br \/><br \/><strong>Lis\u00e4tietoja:<\/strong><br \/>Marja Jylh\u00e4 040 588 9100, <a href=\"mailto:\/\/marja.jylha@uta.fi\"  target=\"_blank\">marja.jylha@uta.fi <\/a><br \/><a href=\"http:\/\/www.gerec.fi\/tutkimus\/terveys-toimintakyky\/vitality-90\"  target=\"_blank\">http:\/\/www.gerec.fi\/tutkimus\/terveys-toimintakyky\/vitality-90<\/a><\/p>        <\/div>                                                                                                                  ","_fi_post_name":"yli-90-vuotiaat-tervaskannot-edustavat-tulevaisuutta","_fi_post_excerpt":"","_fi_post_title":"Yli 90-vuotiaat tervaskannot edustavat tulevaisuutta","_en_post_content":"","_en_post_name":"","_en_post_excerpt":"","_en_post_title":"","edit_language":"en","footnotes":""},"categories":[130,1],"tags":[],"class_list":["post-370","post","type-post","status-publish","format-standard","hentry","category-tiedeuutiset","category-yleinen","entry","no-media"],"_links":{"self":[{"href":"https:\/\/www.gerec.fi\/en\/wp-json\/wp\/v2\/posts\/370","targetHints":{"allow":["GET"]}}],"collection":[{"href":"https:\/\/www.gerec.fi\/en\/wp-json\/wp\/v2\/posts"}],"about":[{"href":"https:\/\/www.gerec.fi\/en\/wp-json\/wp\/v2\/types\/post"}],"author":[{"embeddable":true,"href":"https:\/\/www.gerec.fi\/en\/wp-json\/wp\/v2\/users\/1"}],"replies":[{"embeddable":true,"href":"https:\/\/www.gerec.fi\/en\/wp-json\/wp\/v2\/comments?post=370"}],"version-history":[{"count":1,"href":"https:\/\/www.gerec.fi\/en\/wp-json\/wp\/v2\/posts\/370\/revisions"}],"predecessor-version":[{"id":5448,"href":"https:\/\/www.gerec.fi\/en\/wp-json\/wp\/v2\/posts\/370\/revisions\/5448"}],"wp:attachment":[{"href":"https:\/\/www.gerec.fi\/en\/wp-json\/wp\/v2\/media?parent=370"}],"wp:term":[{"taxonomy":"category","embeddable":true,"href":"https:\/\/www.gerec.fi\/en\/wp-json\/wp\/v2\/categories?post=370"},{"taxonomy":"post_tag","embeddable":true,"href":"https:\/\/www.gerec.fi\/en\/wp-json\/wp\/v2\/tags?post=370"}],"curies":[{"name":"wp","href":"https:\/\/api.w.org\/{rel}","templated":true}]}}