{"id":368,"date":"2018-12-11T20:21:26","date_gmt":"2018-12-11T20:21:26","guid":{"rendered":"https:\/\/gerec.fi\/2018\/12\/11\/gerec-n-tutkimus-nakyvasti-esilla-american-gerontological-associationin-kongressissa\/"},"modified":"2019-02-21T17:31:33","modified_gmt":"2019-02-21T15:31:33","slug":"","status":"publish","type":"post","link":"https:\/\/www.gerec.fi\/en\/gerec-n-tutkimus-nakyvasti-esilla-american-gerontological-associationin-kongressissa\/","title":{"rendered":"","raw":""},"content":{"rendered":"","protected":false,"raw":""},"excerpt":{"rendered":"GEREC:n tutkimus oli t\u00e4n\u00e4kin vuonna hyvin esill\u00e4 Gerontological Society of American vuosttaisessa kongressissa. Marja Jylh\u00e4n organisoima symposium \u201dTrends in Health and Functioning among the Oldest-Old \u2013 Findings from Three European Countries and the US\u201d nimettiin yhdeksi kongressin seitsem\u00e4st\u00e4 Presidential Symposiumista.&hellip;","protected":false,"raw":""},"author":1,"featured_media":0,"comment_status":"open","ping_status":"open","sticky":false,"template":"","format":"standard","meta":{"_mi_skip_tracking":false,"_fi_post_content":"<div id=\"articleHeader\"><\/div>                                                                                                                                                                                                                     <div id=\"parent-fieldname-description\">                   GEREC:n tutkimus oli t\u00e4n\u00e4kin vuonna hyvin esill\u00e4 Gerontological Society of American vuosttaisessa kongressissa. Marja Jylh\u00e4n organisoima symposium \u201dTrends in Health and Functioning among the Oldest-Old \u2013 Findings from Three European Countries and the US\u201d nimettiin yhdeksi kongressin seitsem\u00e4st\u00e4 Presidential Symposiumista.                <\/div>                                                                                                                       <div id=\"content-core\">                                                             <div id=\"parent-fieldname-text\">            <p>Esityksiss\u00e4 k\u00e4siteltiin hyvin vanhojen toimintakyvyn ja terveyden aikatrendej\u00e4\u00a0Yhdysvalloissa, Ruotsissa, Tanskassa ja Suomessa (Tervaskannot 90+-tutkimuksessa). Mari Aaltonen esitti tuloksia hoitopaikkojen v\u00e4lisist\u00e4 siirtymist\u00e4 kahtena viimeisen\u00e4 elinvuotena Epidemiology Interest Groupin nimikkosymposiumissa \u201dEpidemiology of Frailty, Disease Burden, and Late-Life Care. Insights for Health Care and Policy\u201d. Mikaela von Bonsdorff ja Clas-H\u00e5kan Nyg\u00e5rd esitteliv\u00e4t WRACA-tutkimuksen tuloksia ja Taina Rantanen LISPE-tutkimuksen tuloksia postereissaan.<\/p>        <\/div>                                                                                                                  ","_fi_post_name":"gerec-n-tutkimus-nakyvasti-esilla-american-gerontological-associationin-kongressissa","_fi_post_excerpt":"","_fi_post_title":"GEREC:n tutkimus n\u00e4kyv\u00e4sti esill\u00e4 Gerontological Society of American kongressissa","_en_post_content":"","_en_post_name":"","_en_post_excerpt":"","_en_post_title":"","edit_language":"en","footnotes":""},"categories":[130,1],"tags":[],"class_list":["post-368","post","type-post","status-publish","format-standard","hentry","category-tiedeuutiset","category-yleinen","entry","no-media"],"_links":{"self":[{"href":"https:\/\/www.gerec.fi\/en\/wp-json\/wp\/v2\/posts\/368","targetHints":{"allow":["GET"]}}],"collection":[{"href":"https:\/\/www.gerec.fi\/en\/wp-json\/wp\/v2\/posts"}],"about":[{"href":"https:\/\/www.gerec.fi\/en\/wp-json\/wp\/v2\/types\/post"}],"author":[{"embeddable":true,"href":"https:\/\/www.gerec.fi\/en\/wp-json\/wp\/v2\/users\/1"}],"replies":[{"embeddable":true,"href":"https:\/\/www.gerec.fi\/en\/wp-json\/wp\/v2\/comments?post=368"}],"version-history":[{"count":1,"href":"https:\/\/www.gerec.fi\/en\/wp-json\/wp\/v2\/posts\/368\/revisions"}],"predecessor-version":[{"id":5446,"href":"https:\/\/www.gerec.fi\/en\/wp-json\/wp\/v2\/posts\/368\/revisions\/5446"}],"wp:attachment":[{"href":"https:\/\/www.gerec.fi\/en\/wp-json\/wp\/v2\/media?parent=368"}],"wp:term":[{"taxonomy":"category","embeddable":true,"href":"https:\/\/www.gerec.fi\/en\/wp-json\/wp\/v2\/categories?post=368"},{"taxonomy":"post_tag","embeddable":true,"href":"https:\/\/www.gerec.fi\/en\/wp-json\/wp\/v2\/tags?post=368"}],"curies":[{"name":"wp","href":"https:\/\/api.w.org\/{rel}","templated":true}]}}