{"id":366,"date":"2018-12-11T20:21:26","date_gmt":"2018-12-11T20:21:26","guid":{"rendered":"https:\/\/gerec.fi\/2018\/12\/11\/gerecin-geriatrian-professori-asiantuntijana-hoivakoti-kuntoon-hankkeessa\/"},"modified":"2019-02-21T17:31:34","modified_gmt":"2019-02-21T15:31:34","slug":"","status":"publish","type":"post","link":"https:\/\/www.gerec.fi\/en\/gerecin-geriatrian-professori-asiantuntijana-hoivakoti-kuntoon-hankkeessa\/","title":{"rendered":"","raw":""},"content":{"rendered":"","protected":false,"raw":""},"excerpt":{"rendered":"Jaakko Valvanne on yksi A-studion suositun Hoivakoti kuntoon -ohjelmasarjan asiantuntijoista. Tampereen yliopiston tiede- ja kulttuurilehti on 4.12.14 julkaissut\u00a0geriatrian professori Jaakko Valvanteen haastattelun otsikolla\u00a0Televisio-ohjelmalla vanhustenhoidon vallankumoukseen\u00a0 http:\/\/aikalainen.uta.fi\/2014\/12\/04\/televisio-ohjelmalla-vanhustenhoidon-vallankumoukseen\/. Lis\u00e4\u00e4 aiheesta A-studion Hoivakoti kuntoon -ohjelmasarjan sivuilla:\u00a0 http:\/\/yle.fi\/uutiset\/hoivakoti_kuntoon\/Sielt\u00e4 l\u00f6ytyy hyvi\u00e4 videoklippej\u00e4 opetusta ym. ajatellen&hellip;","protected":false,"raw":""},"author":1,"featured_media":0,"comment_status":"open","ping_status":"open","sticky":false,"template":"","format":"standard","meta":{"_mi_skip_tracking":false,"_fi_post_content":"<div id=\"articleHeader\"><\/div>                                                                                                                                                                                                                     <div id=\"parent-fieldname-description\">                   Jaakko Valvanne on yksi A-studion suositun Hoivakoti kuntoon  -ohjelmasarjan asiantuntijoista.                <\/div>                                                                                                                       <div id=\"content-core\">                                                             <div id=\"parent-fieldname-text\">            <p>Tampereen yliopiston tiede- ja kulttuurilehti on 4.12.14 julkaissut\u00a0geriatrian professori Jaakko Valvanteen haastattelun otsikolla\u00a0Televisio-ohjelmalla vanhustenhoidon vallankumoukseen\u00a0 <br \/><a href=\"http:\/\/aikalainen.uta.fi\/2014\/12\/04\/televisio-ohjelmalla-vanhustenhoidon-vallankumoukseen\/\"  target=\"_blank\">http:\/\/aikalainen.uta.fi\/2014\/12\/04\/televisio-ohjelmalla-vanhustenhoidon-vallankumoukseen\/<\/a>. <br \/><br \/>Lis\u00e4\u00e4 aiheesta A-studion Hoivakoti kuntoon -ohjelmasarjan sivuilla:\u00a0 <a href=\"http:\/\/yle.fi\/uutiset\/hoivakoti_kuntoon\/\"  target=\"_blank\">http:\/\/yle.fi\/uutiset\/hoivakoti_kuntoon\/<\/a><br \/>Sielt\u00e4 l\u00f6ytyy hyvi\u00e4 videoklippej\u00e4 opetusta ym. ajatellen (esim.\u00a0sitomisesta) sek\u00e4 Valvanteen kolumnit liikkumisen rajoittamisesta,\u00a0 asiakasl\u00e4ht\u00f6isyydest\u00e4 (asukaskokoukset) ja johtamisesta\u00a0 <br \/><a href=\"http:\/\/yle.fi\/uutiset\/jaakko_valvanne_vanhustyo_tarvitsee_iloista_vallankumousta\/7159028\"  target=\"_blank\">http:\/\/yle.fi\/uutiset\/jaakko_valvanne_vanhustyo_tarvitsee_iloista_vallankumousta\/7159028<\/a><\/p>        <\/div>                                                                                                                  ","_fi_post_name":"gerecin-geriatrian-professori-asiantuntijana-hoivakoti-kuntoon-hankkeessa","_fi_post_excerpt":"","_fi_post_title":"Gerecin geriatrian professori asiantuntijana Hoivakoti kuntoon-hankkeessa","_en_post_content":"","_en_post_name":"","_en_post_excerpt":"","_en_post_title":"","edit_language":"en","footnotes":""},"categories":[130,1],"tags":[],"class_list":["post-366","post","type-post","status-publish","format-standard","hentry","category-tiedeuutiset","category-yleinen","entry","no-media"],"_links":{"self":[{"href":"https:\/\/www.gerec.fi\/en\/wp-json\/wp\/v2\/posts\/366","targetHints":{"allow":["GET"]}}],"collection":[{"href":"https:\/\/www.gerec.fi\/en\/wp-json\/wp\/v2\/posts"}],"about":[{"href":"https:\/\/www.gerec.fi\/en\/wp-json\/wp\/v2\/types\/post"}],"author":[{"embeddable":true,"href":"https:\/\/www.gerec.fi\/en\/wp-json\/wp\/v2\/users\/1"}],"replies":[{"embeddable":true,"href":"https:\/\/www.gerec.fi\/en\/wp-json\/wp\/v2\/comments?post=366"}],"version-history":[{"count":1,"href":"https:\/\/www.gerec.fi\/en\/wp-json\/wp\/v2\/posts\/366\/revisions"}],"predecessor-version":[{"id":5445,"href":"https:\/\/www.gerec.fi\/en\/wp-json\/wp\/v2\/posts\/366\/revisions\/5445"}],"wp:attachment":[{"href":"https:\/\/www.gerec.fi\/en\/wp-json\/wp\/v2\/media?parent=366"}],"wp:term":[{"taxonomy":"category","embeddable":true,"href":"https:\/\/www.gerec.fi\/en\/wp-json\/wp\/v2\/categories?post=366"},{"taxonomy":"post_tag","embeddable":true,"href":"https:\/\/www.gerec.fi\/en\/wp-json\/wp\/v2\/tags?post=366"}],"curies":[{"name":"wp","href":"https:\/\/api.w.org\/{rel}","templated":true}]}}