{"id":364,"date":"2018-12-11T20:21:26","date_gmt":"2018-12-11T20:21:26","guid":{"rendered":"https:\/\/gerec.fi\/2018\/12\/11\/flame-finnish-longitudinal-study-of-municipal-employees-tutkijat-kokoontuivat-3\/"},"modified":"2019-02-21T17:31:33","modified_gmt":"2019-02-21T15:31:33","slug":"","status":"publish","type":"post","link":"https:\/\/www.gerec.fi\/en\/flame-finnish-longitudinal-study-of-municipal-employees-tutkijat-kokoontuivat-3\/","title":{"rendered":"","raw":""},"content":{"rendered":"","protected":false,"raw":""},"excerpt":{"rendered":"FLAME (Finnish Longitudinal Study of Municipal Employees) tutkijat kokoontuivat 3.12.2014 Tampereelle p\u00e4ivitt\u00e4m\u00e4\u00e4n tutkimuksiaan ja suunnittelemaan uusia avauksia \u2014 Gerontologian tutkimuskeskus FLAME (Finnish Longitudinal Study of Municipal Employees) tutkijat kokoontuivat 3.12.2014 Tampereelle p\u00e4ivitt\u00e4m\u00e4\u00e4n tutkimuksiaan ja suunnittelemaan uusia avauksia FLAME pitkitt\u00e4istutkimus kunnallisista&hellip;","protected":false,"raw":""},"author":1,"featured_media":365,"comment_status":"open","ping_status":"open","sticky":false,"template":"","format":"standard","meta":{"_mi_skip_tracking":false,"_fi_post_content":"<div id=\"articleHeader\"><h1>FLAME (Finnish Longitudinal Study of Municipal Employees) tutkijat kokoontuivat 3.12.2014 Tampereelle p\u00e4ivitt\u00e4m\u00e4\u00e4n tutkimuksiaan ja suunnittelemaan uusia avauksia \u2014 Gerontologian tutkimuskeskus<\/h1><\/div>                                                                                                                                                                                                                                            FLAME (Finnish Longitudinal Study of Municipal Employees) tutkijat kokoontuivat 3.12.2014 Tampereelle p\u00e4ivitt\u00e4m\u00e4\u00e4n tutkimuksiaan ja suunnittelemaan uusia avauksia                                                                                                                                                                                                                                     <div id=\"parent-fieldname-description\">                   FLAME pitkitt\u00e4istutkimus kunnallisista ty\u00f6ntekij\u00f6ist\u00e4 Suomessa alkoi jo vuonna 1980 Ty\u00f6terveyslaitoksen toimesta. Silloin p\u00e4\u00e4llimm\u00e4isen\u00e4\u00e4 tavoitteena oli l\u00f6yt\u00e4\u00e4 el\u00e4keik\u00e4 kriteereit\u00e4 kunnallisille ammateille.                  <\/div>                                                                                                                       <div id=\"content-core\">                                             <div>            <a href=\"http:\/\/www.gerec.fi\/ajankohtaista\/flame-finnish-longitudinal-study-of-municipal-employees-tutkijat-kokoontuivat-3.12.2014-tampereelle-paivittamaan-tutkimuksiaan-ja-suunnittelemaan-uusia-avauksia\/image\/image_view_fullscreen\"  id=\"parent-fieldname-image\" target=\"_blank\" class=\"readableLinkWithMediumImage\">               <img width=\"200\" height=\"112\" alt=\"FLAME (Finnish Longitudinal Study of Municipal Employees) tutkijat kokoontuivat 3.12.2014 Tampereelle p\u00e4ivitt\u00e4m\u00e4\u00e4n tutkimuksiaan ja suunnittelemaan uusia avauksia\" src=\"https:\/\/gerec.fi\/wp-content\/uploads\/2018\/12\/image_mini-1.jpg\"  \/><\/a>                    <\/div>                <div id=\"parent-fieldname-text\">            <p>Tutkimus alkoi Ty\u00f6terveyslaitoksen toimesta professori Juhani Ilmarisen johdolla. Tutkimus sis\u00e4lsi alussa sek\u00e4 kentt\u00e4, laboratorio ett\u00e4 kyselyosioita. Kyselyit\u00e4 on tehty t\u00e4h\u00e4n menness\u00e4 5, viimeisin niist\u00e4 vuonna 2009. Tutkimus oli alussa hyvin ty\u00f6keskeinen kun kaikki tutkittavat oli t\u00f6iss\u00e4 mutta on siirtynyt gerontologian puolelle sit\u00e4 muka kuin osallistujat ovat el\u00e4k\u00f6ityneet. Ainutlaatuisessa aineistossa on voitu tutkia keski-ik\u00e4isten ty\u00f6h\u00f6n liittyvien tekij\u00f6iden vaikutuksia vanhuuden terveyteen ja kuolleisuuteen (ty\u00f6gerontologia) 28 vuoden aikana. Tutkimusryhm\u00e4\u00e4n kuuluvat t\u00e4ll\u00e4 hetkell\u00e4 tutkijoita Ty\u00f6terveyslaitokselta, Tampereen yliopistosta ja Jyv\u00e4skyl\u00e4n yliopistosta.<\/p><p>Clas-H\u00e5kan Nyg\u00e5rd<\/p><p>lis\u00e4tietoa:<\/p><p>Jorma Seitsamo (Ty\u00f6terveylaitos)<\/p><p>Taina Rantanen (Jyv\u00e4skyl\u00e4n yliopisto)<\/p><p>Clas-H\u00e5kan Nyg\u00e5rd (Tampereen yliopisto)<\/p>        <\/div>                                 <\/div>                                                                                 ","_fi_post_name":"flame-finnish-longitudinal-study-of-municipal-employees-tutkijat-kokoontuivat-3","_fi_post_excerpt":"","_fi_post_title":"FLAME (Finnish Longitudinal Study of Municipal Employees) tutkijat kokoontuivat 3.12.2014 Tampereelle p\u00e4ivitt\u00e4m\u00e4\u00e4n tutkimuksiaan ja suunnittelemaan uusia avauksia \u2014 Gerontologian tutkimuskeskus","_en_post_content":"","_en_post_name":"","_en_post_excerpt":"","_en_post_title":"","edit_language":"en","footnotes":""},"categories":[130,1],"tags":[],"class_list":["post-364","post","type-post","status-publish","format-standard","has-post-thumbnail","hentry","category-tiedeuutiset","category-yleinen","entry","has-media"],"_links":{"self":[{"href":"https:\/\/www.gerec.fi\/en\/wp-json\/wp\/v2\/posts\/364","targetHints":{"allow":["GET"]}}],"collection":[{"href":"https:\/\/www.gerec.fi\/en\/wp-json\/wp\/v2\/posts"}],"about":[{"href":"https:\/\/www.gerec.fi\/en\/wp-json\/wp\/v2\/types\/post"}],"author":[{"embeddable":true,"href":"https:\/\/www.gerec.fi\/en\/wp-json\/wp\/v2\/users\/1"}],"replies":[{"embeddable":true,"href":"https:\/\/www.gerec.fi\/en\/wp-json\/wp\/v2\/comments?post=364"}],"version-history":[{"count":1,"href":"https:\/\/www.gerec.fi\/en\/wp-json\/wp\/v2\/posts\/364\/revisions"}],"predecessor-version":[{"id":5444,"href":"https:\/\/www.gerec.fi\/en\/wp-json\/wp\/v2\/posts\/364\/revisions\/5444"}],"wp:featuredmedia":[{"embeddable":true,"href":"https:\/\/www.gerec.fi\/en\/wp-json\/"}],"wp:attachment":[{"href":"https:\/\/www.gerec.fi\/en\/wp-json\/wp\/v2\/media?parent=364"}],"wp:term":[{"taxonomy":"category","embeddable":true,"href":"https:\/\/www.gerec.fi\/en\/wp-json\/wp\/v2\/categories?post=364"},{"taxonomy":"post_tag","embeddable":true,"href":"https:\/\/www.gerec.fi\/en\/wp-json\/wp\/v2\/tags?post=364"}],"curies":[{"name":"wp","href":"https:\/\/api.w.org\/{rel}","templated":true}]}}