{"id":362,"date":"2018-12-11T20:21:26","date_gmt":"2018-12-11T20:21:26","guid":{"rendered":"https:\/\/gerec.fi\/2018\/12\/11\/koneen-saatio-on-myontanyt-273\/"},"modified":"2019-02-21T17:31:35","modified_gmt":"2019-02-21T15:31:35","slug":"","status":"publish","type":"post","link":"https:\/\/www.gerec.fi\/en\/koneen-saatio-on-myontanyt-273\/","title":{"rendered":"","raw":""},"content":{"rendered":"","protected":false,"raw":""},"excerpt":{"rendered":"Koneen s\u00e4\u00e4ti\u00f6 on my\u00f6nt\u00e4nyt 273.592 \u20ac Tampereen yliopiston tutkijoiden ty\u00f6ryhm\u00e4lle dosentti Pirjo Nikander (hankkeen vastuullinen johtaja), dosentti Kirsi Lumme-Sandt ja professori Clas-H\u00e5kan Nyg\u00e5rd \u2014 Gerontologian tutkimuskeskus Koneen s\u00e4\u00e4ti\u00f6 on my\u00f6nt\u00e4nyt 273.592 \u20ac Tampereen yliopiston tutkijoiden ty\u00f6ryhm\u00e4lle dosentti Pirjo Nikander (hankkeen&hellip;","protected":false,"raw":""},"author":1,"featured_media":0,"comment_status":"open","ping_status":"open","sticky":false,"template":"","format":"standard","meta":{"_mi_skip_tracking":false,"_fi_post_content":"<div id=\"articleHeader\"><h1>Koneen s\u00e4\u00e4ti\u00f6 on my\u00f6nt\u00e4nyt 273.592 \u20ac Tampereen yliopiston tutkijoiden ty\u00f6ryhm\u00e4lle dosentti Pirjo Nikander (hankkeen vastuullinen johtaja), dosentti Kirsi Lumme-Sandt ja professori Clas-H\u00e5kan Nyg\u00e5rd \u2014 Gerontologian tutkimuskeskus<\/h1><\/div>                                                                                                                                                                                                                                            Koneen s\u00e4\u00e4ti\u00f6 on my\u00f6nt\u00e4nyt 273.592 \u20ac Tampereen yliopiston tutkijoiden ty\u00f6ryhm\u00e4lle dosentti Pirjo Nikander (hankkeen vastuullinen johtaja), dosentti Kirsi Lumme-Sandt ja professori Clas-H\u00e5kan Nyg\u00e5rd                                                                                                                                                                                                                                     <div id=\"parent-fieldname-description\">                   Kohti kaksitahti-Suomea? Ty\u00f6urien pidennys, el\u00e4k\u00f6itymisen polut ja eriarvoistuva vanhuus                 <\/div>                                                                                                                       <div id=\"content-core\">                                                             <div id=\"parent-fieldname-text\">            <p>Demografinen muutos ja pitenev\u00e4 elinik\u00e4 ovat t\u00e4m\u00e4n p\u00e4iv\u00e4n kansainv\u00e4lisi\u00e4 megatrendej\u00e4. V\u00e4est\u00f6n ik\u00e4\u00e4ntyminen onkin pakottanut teollisuusmaat hakemaan ratkaisuja ty\u00f6urien pident\u00e4miseen ja el\u00e4kkeelle siirtymisen aikataulutukseen. Samalla ihmisten omaan el\u00e4k\u00f6itymiseen kohdistuvat odotukset ja vanhuuden kulttuurinen kuva muuttuvat. Hankkeessa tarkastellaan ty\u00f6urien pident\u00e4mistavoitteen toteutumista yh\u00e4 heterogeenisemm\u00e4n ik\u00e4\u00e4ntyneen ty\u00f6ntekij\u00e4ryhm\u00e4n n\u00e4k\u00f6kulmasta. Tutkittavat rekrytoidaan suuren yrityksen ty\u00f6ntekij\u00f6iden keskuudesta. Kaksitahtisuus viittaa valko- ja sinikaulusammattien v\u00e4lill\u00e4 tunnistettuun eroon ty\u00f6urien rytmiss\u00e4. Se viittaa my\u00f6s eriarvoistumis- ja syrj\u00e4ytymiskehitykseen, jossa ik\u00e4\u00e4ntyneet ty\u00f6ntekij\u00e4t ajautuvat ty\u00f6tt\u00f6miksi jo ennen virallista el\u00e4keik\u00e4\u00e4 sosio-ekonomiseen asemaan katsomatta. Uhkaako Suomeen synty\u00e4 uusi, osin koulutustaustasta riippumaton el\u00e4kel\u00e4isk\u00f6yhien luokka? Keill\u00e4 lopulta on varaa tai mahdollisuus pident\u00e4\u00e4 ty\u00f6uriaan? Mitk\u00e4 ik\u00e4syrjint\u00e4\u00e4n liittyv\u00e4t mekanismit koskevat ik\u00e4\u00e4ntyneit\u00e4 ty\u00f6ntekij\u00f6it\u00e4, ja miten he el\u00e4kkeelle siirtymisen, sen ajoittamisen ja hyvinvointinsa, resurssinsa ja ty\u00f6kykyns\u00e4 mielt\u00e4v\u00e4t?<\/p><p>Rahoitus on my\u00f6nnetty Jakautuuko Suomi? \u2013ohjelmasta, jonka tavoitteena on lis\u00e4t\u00e4 ymm\u00e4rryst\u00e4 sosiaalisesta oikeudenmukaisuudesta ja eriarvoisuudesta ja lis\u00e4t\u00e4 tutkijoiden ja median yhteisty\u00f6t\u00e4. Hankkeessa analysoitava lehtiaineisto sek\u00e4 laadullisen pitkitt\u00e4istutkimuksen v\u00e4linein ker\u00e4tty ainutlaatuinen seuranta-aineisto tuottavat tieteellisten analyysien, artikkeleiden ja opinn\u00e4ytet\u00f6iden ohella TV-inserttej\u00e4, verkkosis\u00e4lt\u00f6j\u00e4 mm. Yleisradioon, blogeja sek\u00e4 2-3 vuoden seurannalle rakentuvan TV-dokumentin.<\/p>        <\/div>                                 <\/div>                                                                                 ","_fi_post_name":"koneen-saatio-on-myontanyt-273","_fi_post_excerpt":"","_fi_post_title":"Koneen s\u00e4\u00e4ti\u00f6 on my\u00f6nt\u00e4nyt 273.592 \u20ac Tampereen yliopiston tutkijoiden ty\u00f6ryhm\u00e4lle dosentti Pirjo Nikander (hankkeen vastuullinen johtaja), dosentti Kirsi Lumme-Sandt ja professori Clas-H\u00e5kan Nyg\u00e5rd \u2014 Gerontologian tutkimuskeskus","_en_post_content":"","_en_post_name":"","_en_post_excerpt":"","_en_post_title":"","edit_language":"en","footnotes":""},"categories":[130,1],"tags":[],"class_list":["post-362","post","type-post","status-publish","format-standard","hentry","category-tiedeuutiset","category-yleinen","entry","no-media"],"_links":{"self":[{"href":"https:\/\/www.gerec.fi\/en\/wp-json\/wp\/v2\/posts\/362","targetHints":{"allow":["GET"]}}],"collection":[{"href":"https:\/\/www.gerec.fi\/en\/wp-json\/wp\/v2\/posts"}],"about":[{"href":"https:\/\/www.gerec.fi\/en\/wp-json\/wp\/v2\/types\/post"}],"author":[{"embeddable":true,"href":"https:\/\/www.gerec.fi\/en\/wp-json\/wp\/v2\/users\/1"}],"replies":[{"embeddable":true,"href":"https:\/\/www.gerec.fi\/en\/wp-json\/wp\/v2\/comments?post=362"}],"version-history":[{"count":1,"href":"https:\/\/www.gerec.fi\/en\/wp-json\/wp\/v2\/posts\/362\/revisions"}],"predecessor-version":[{"id":5442,"href":"https:\/\/www.gerec.fi\/en\/wp-json\/wp\/v2\/posts\/362\/revisions\/5442"}],"wp:attachment":[{"href":"https:\/\/www.gerec.fi\/en\/wp-json\/wp\/v2\/media?parent=362"}],"wp:term":[{"taxonomy":"category","embeddable":true,"href":"https:\/\/www.gerec.fi\/en\/wp-json\/wp\/v2\/categories?post=362"},{"taxonomy":"post_tag","embeddable":true,"href":"https:\/\/www.gerec.fi\/en\/wp-json\/wp\/v2\/tags?post=362"}],"curies":[{"name":"wp","href":"https:\/\/api.w.org\/{rel}","templated":true}]}}