{"id":360,"date":"2018-12-11T20:21:26","date_gmt":"2018-12-11T20:21:26","guid":{"rendered":"https:\/\/gerec.fi\/2018\/12\/11\/vanhenemista-kasitteleva-avoin-luentosarja-alkaa-tampereen-yliopistossa\/"},"modified":"2019-02-21T17:31:36","modified_gmt":"2019-02-21T15:31:36","slug":"","status":"publish","type":"post","link":"https:\/\/www.gerec.fi\/en\/vanhenemista-kasitteleva-avoin-luentosarja-alkaa-tampereen-yliopistossa\/","title":{"rendered":"","raw":""},"content":{"rendered":"","protected":false,"raw":""},"excerpt":{"rendered":"Vanhuus Suomessa \u2013 miten se muuttuu ja miten sit\u00e4 tutkitaan? Mit\u00e4 vanheneminen voi olla? Vanhustenhoidon murros? Muun muassa n\u00e4it\u00e4 aiheita k\u00e4sitell\u00e4\u00e4n Tutkimuksen n\u00e4k\u00f6kulmia ik\u00e4\u00e4ntymiseen ja vanhuuteen -yleis\u00f6luentosarjassa, jonka seuraava luento on keskiviikkona 28. tammikuuta. Luennot ovat maksuttomia ja kaikille kiinnostuneille&hellip;","protected":false,"raw":""},"author":1,"featured_media":0,"comment_status":"open","ping_status":"open","sticky":false,"template":"","format":"standard","meta":{"_mi_skip_tracking":false,"_fi_post_content":"<div id=\"articleHeader\"><\/div>                                                                                                                                                                                                                     <div id=\"parent-fieldname-description\">                   Vanhuus Suomessa \u2013 miten se muuttuu ja miten sit\u00e4 tutkitaan? Mit\u00e4 vanheneminen voi olla? Vanhustenhoidon murros? Muun muassa n\u00e4it\u00e4 aiheita k\u00e4sitell\u00e4\u00e4n Tutkimuksen n\u00e4k\u00f6kulmia ik\u00e4\u00e4ntymiseen ja vanhuuteen -yleis\u00f6luentosarjassa, jonka seuraava luento on keskiviikkona 28. tammikuuta.                <\/div>                                                                                                                       <div id=\"content-core\">                                                             <div id=\"parent-fieldname-text\">            <p>Luennot ovat maksuttomia ja kaikille kiinnostuneille avoimia.<br \/><br \/>Luennot pidet\u00e4\u00e4n <strong>keskiviikkoisin klo 16\u201318 Tampereen yliopiston Linna-rakennuksen V\u00e4in\u00f6 Linna -salissa, Kalevantie 5.<\/strong> Luentosaliin p\u00e4\u00e4see kulkemaan my\u00f6s py\u00f6r\u00e4tuolilla ja rollaattorin avulla.<br \/><br \/>Luennoitsijoina ovat muun muassa Tampereen Tervaskanto-vanhuksia tutkiva professori <strong>Marja Jylh\u00e4 <\/strong><a href=\"https:\/\/gerec.fi\/wp-content\/uploads\/attachments\/studia_generalia_alkuluentoMJ.pdf\"  target=\"_blank\">(luentodiat t\u00e4st\u00e4 linkist\u00e4), <\/a>Hoivakoti kuntoon -ohjelmassa esiintyv\u00e4 professori <strong>Jaakko Valvanne<\/strong> <a href=\"https:\/\/gerec.fi\/wp-content\/uploads\/attachments\/VanhuusSuomessa_Valvanne.pdf\"  target=\"_blank\">(luentodiat t\u00e4st\u00e4 linkist\u00e4)<\/a> ja emeritusprofessori <strong>Antti Eskola<\/strong>.<br \/><br \/>He ja muut tunnetut tutkijat kertovat luennoillaan tutkimuksen ajankohtaisista aiheista ja tarkastelevat vanhenemiseen liittyvi\u00e4 kysymyksi\u00e4 omien tutkimustensa n\u00e4k\u00f6kulmista.<br \/><br \/>Luentosarjan j\u00e4rjest\u00e4v\u00e4t Tampereen yliopiston terveystieteiden yksikk\u00f6 ja Gerontologian tutkimuskeskus.<br \/><strong><br \/>Ohjelma:<br \/><\/strong><br \/><strong>21.1.<\/strong> Gerontologian professori <strong>Marja Jylh\u00e4<\/strong> ja geriatrian professori <strong>Jaakko Valvanne<\/strong>:<br \/>Vanhuus Suomessa \u2013 miten se muuttuu ja miten sit\u00e4 tutkitaan?<br \/><br \/><strong>28.1.<\/strong> Sosiaalipolitiikan professori <strong>Anneli Anttonen<\/strong> ja tutkijatohtori <strong>Leena Forma<\/strong>:<br \/>Vanhuspalvelut ja hyv\u00e4 hoiva. Ja mit\u00e4 se maksaa?<br \/><br \/><strong>4.2.<\/strong> Ty\u00f6terveyden professori <strong>Clas-H\u00e5kan Nyg\u00e5rd<\/strong>:<br \/>Ik\u00e4\u00e4ntyminen ja ty\u00f6<br \/><br \/><strong>11.2.<\/strong> Tutkijat <strong>Maarit Kauppi<\/strong> ja <strong>Suvi Fried<\/strong>:<br \/>Kaatumisia ehk\u00e4ist\u00e4\u00e4n niin kodeissa kuin kaduillakin<br \/><br \/><strong>18.2.<\/strong> Gerontologian professori<strong> Sari Stenholm<\/strong> ja tutkija <strong>Kristina Tiainen<\/strong>:<br \/>Liikett\u00e4 niveliin - fyysisen toimintakyvyn merkitys ik\u00e4\u00e4ntyess\u00e4<br \/><br \/><strong>25.2.<\/strong> Dosentti <strong>Pirjo Nikander<\/strong> ja v\u00e4it\u00f6skirjatutkija <strong>Linda Enroth<\/strong>:<br \/>Syrjit\u00e4\u00e4nk\u00f6 Suomessa vanhuksia?<br \/><br \/><strong>4.3.<\/strong> V\u00e4it\u00f6skirjatutkijat <strong>Mari Aaltonen<\/strong> ja <strong>Jari Pirhonen<\/strong>:<br \/>Vanhustenhoito murroksessa - miss\u00e4 ja miten ihmisi\u00e4 hoidetaan?<br \/><br \/><strong>11.3.<\/strong> Sosiaalipsykologian professori (emeritus) <strong>Antti Eskola<\/strong>:<br \/>Mit\u00e4 vanheneminen voi olla? Helpottava, huolestuttava, kiinnostava?<br \/><br \/><strong>18.3. <\/strong>Tutkimuskoordinaattori, dosentti <strong>Kirsi Lumme-Sandt<\/strong> ja yliopistolehtori <strong>Tapio Kirsi<\/strong>:<br \/>Tervaskantojen el\u00e4m\u00e4st\u00e4 ja arjesta<br \/><br \/><strong>25.3.<\/strong> Sosiaaligerontologian professori (emeritus) <strong>Jyrki Jyrk\u00e4m\u00e4<\/strong>:<br \/>Hyv\u00e4 el\u00e4m\u00e4 ja arvokas vanhuus? Mist\u00e4 vastaukset?<br \/><br \/><strong>Lis\u00e4tietoja:<\/strong><br \/>Gerontologian professori <a href=\"mailto:\/\/sari.stenholm@uta.fi\"  target=\"_blank\">Sari Stenholm<\/a>, 050 318 7254<\/p>        <\/div>                                                                                                                  ","_fi_post_name":"vanhenemista-kasitteleva-avoin-luentosarja-alkaa-tampereen-yliopistossa","_fi_post_excerpt":"","_fi_post_title":"Vanhenemista k\u00e4sittelev\u00e4 avoin luentosarja alkaa Tampereen yliopistossa","_en_post_content":"","_en_post_name":"","_en_post_excerpt":"","_en_post_title":"","edit_language":"en","footnotes":""},"categories":[130,1],"tags":[],"class_list":["post-360","post","type-post","status-publish","format-standard","hentry","category-tiedeuutiset","category-yleinen","entry","no-media"],"_links":{"self":[{"href":"https:\/\/www.gerec.fi\/en\/wp-json\/wp\/v2\/posts\/360","targetHints":{"allow":["GET"]}}],"collection":[{"href":"https:\/\/www.gerec.fi\/en\/wp-json\/wp\/v2\/posts"}],"about":[{"href":"https:\/\/www.gerec.fi\/en\/wp-json\/wp\/v2\/types\/post"}],"author":[{"embeddable":true,"href":"https:\/\/www.gerec.fi\/en\/wp-json\/wp\/v2\/users\/1"}],"replies":[{"embeddable":true,"href":"https:\/\/www.gerec.fi\/en\/wp-json\/wp\/v2\/comments?post=360"}],"version-history":[{"count":1,"href":"https:\/\/www.gerec.fi\/en\/wp-json\/wp\/v2\/posts\/360\/revisions"}],"predecessor-version":[{"id":5440,"href":"https:\/\/www.gerec.fi\/en\/wp-json\/wp\/v2\/posts\/360\/revisions\/5440"}],"wp:attachment":[{"href":"https:\/\/www.gerec.fi\/en\/wp-json\/wp\/v2\/media?parent=360"}],"wp:term":[{"taxonomy":"category","embeddable":true,"href":"https:\/\/www.gerec.fi\/en\/wp-json\/wp\/v2\/categories?post=360"},{"taxonomy":"post_tag","embeddable":true,"href":"https:\/\/www.gerec.fi\/en\/wp-json\/wp\/v2\/tags?post=360"}],"curies":[{"name":"wp","href":"https:\/\/api.w.org\/{rel}","templated":true}]}}