{"id":36,"date":"2018-09-14T10:20:00","date_gmt":"2018-09-14T08:20:00","guid":{"rendered":"https:\/\/gerec.fi\/gerec-on-mukana-jyvaskylan-yliopiston-tutkijoiden-yossa-28-9-2018\/"},"modified":"2019-02-21T17:41:50","modified_gmt":"2019-02-21T15:41:50","slug":"","status":"publish","type":"post","link":"https:\/\/www.gerec.fi\/en\/gerec-on-mukana-jyvaskylan-yliopiston-tutkijoiden-yossa-28-9-2018\/","title":{"rendered":"","raw":""},"content":{"rendered":"","protected":false,"raw":""},"excerpt":{"rendered":"Tervetuloa tieteen ja tutkimuksen juhlaan! Tutkijoiden y\u00f6t\u00e4 2018 vietet\u00e4\u00e4n j\u00e4lleen Jyv\u00e4skyl\u00e4n yliopistossa 28.9. yht\u00e4 aikaa 11 muun paikkakunnan ja koko Euroopan kanssa. Koko p\u00e4iv\u00e4n kest\u00e4v\u00e4 tapahtuma juhlistaa tiedett\u00e4 ja tutkijoita esimerkiksi erilaisissa ty\u00f6pajoissa, paneelikeskusteluissa ja n\u00e4yttelyiss\u00e4. Kaikkiin tapahtumiin on vapaa&hellip;","protected":false,"raw":""},"author":1,"featured_media":0,"comment_status":"closed","ping_status":"closed","sticky":false,"template":"","format":"standard","meta":{"_mi_skip_tracking":false,"_fi_post_content":"<p>Tervetuloa tieteen ja tutkimuksen juhlaan! Tutkijoiden y\u00f6t\u00e4 2018 vietet\u00e4\u00e4n j\u00e4lleen Jyv\u00e4skyl\u00e4n yliopistossa 28.9. yht\u00e4 aikaa 11 muun paikkakunnan ja koko Euroopan kanssa. Koko p\u00e4iv\u00e4n kest\u00e4v\u00e4 tapahtuma juhlistaa tiedett\u00e4 ja tutkijoita esimerkiksi erilaisissa ty\u00f6pajoissa, paneelikeskusteluissa ja n\u00e4yttelyiss\u00e4. Kaikkiin tapahtumiin on vapaa p\u00e4\u00e4sy.<\/p> <p>Jyv\u00e4skyl\u00e4n yliopiston monitieteellisest\u00e4 ohjelmasta l\u00f6ytyy monipuolista tarjontaa mm. hyvinvoinnista kiinnostuneille. Gerontologian tutkimuskeskus on mukana Tutkijoiden y\u00f6ss\u00e4 teemalla \u201dIk\u00e4\u00e4nnynk\u00f6 aktiivisena?\u201d. Ohjelmassa on lyhyit\u00e4 tietoiskuja aktiivisena ik\u00e4\u00e4ntymisest\u00e4 ja siihen liittyvist\u00e4 tekij\u00f6ist\u00e4. Halukkailla on lis\u00e4ksi mahdollisuus osallistua fyysisen toimintakyvyn testeihin, esimerkiksi mittauttaa k\u00e4den puristusvoimaansa, tai osallistua yleisesti k\u00e4ytettyihin kognitiivisiin testeihin. Tapahtumassa on kahvitarjoilu. Katso Gerontologian tutkimuskeskuksen ohjelma alta.<\/p> <p>Gerontogian tutkimuskeskus on esill\u00e4 my\u00f6s Tutkijoiden y\u00f6n Professorien Py\u00f6re\u00e4 P\u00f6yt\u00e4 Livestream radio-ohjelmassa, jossa eri alojen professorit keskustelevat tieteest\u00e4. Mukana keskustelussa on aktiivista vanhenemista tutkiva professori Taina Rantanen. Tallenne radiol\u00e4hetyksest\u00e4 on kuunneltavissa linkist\u00e4 <a class=\"external-link\" href=\"http:\/\/r.jyu.fi\/pyoreapoyta\" target=\"_self\">http:\/\/r.jyu.fi\/pyoreapoyta.<\/a><\/p> <h3><\/h3> <h3><\/h3> <h3><\/h3> <p><b>Gerontologian tutkimuskeskuksen ohjelma Tutkijoiden y\u00f6ss\u00e4 28.9.2018<\/b><br \/>klo 14-18 Agora (Mattilanniemi 2, Jyv\u00e4skyl\u00e4)<\/p> <p><b><br \/>Tutkittua tietoa aktiivisena ik\u00e4\u00e4ntymisest\u00e4<\/b><br \/>5 min tietoiskuja tasatunnein (Agora Auditorio 2)<\/p> <p>KLO 14<i><br \/>Professori Taina Rantanen<\/i>: Aktiivisena ik\u00e4\u00e4ntyminen<i><br \/>Tutkimusjohtaja Katja Kokko<\/i>: Ik\u00e4\u00e4ntymisen psykologiaa \u2013 mit\u00e4 siit\u00e4 tiedet\u00e4\u00e4n?<\/p> <p>KLO 15<i><br \/>Tutkijatohtori Johanna Eronen<\/i>: Terveyden lukutaito \u2013 mit\u00e4 se tarkoittaa?<i><br \/>Tutkijatohtori Katri Turunen<\/i>: Kaatuminen \u2013 pelottaako?<i><br \/>Tutkijatohtori Sira Karvinen<\/i>: Ik\u00e4\u00e4ntymisen missikisat \u2013 mik\u00e4 malli voittaa?<\/p> <p>KLO 16<i><br \/>Tutkijatohtori Milla Saajanaho<\/i>: Tavoitteista vauhtia vanhuuteen<i><br \/>Tutkijatohtori Katja Pynn\u00f6nen<\/i>: Mit\u00e4 on aktiivisuus \u2013 suoraan ik\u00e4\u00e4ntyvien suusta napattua<i><br \/>Tohtorikoulutettava Sini Siltanen<\/i>: Sinnikkyys avain aktiivisuuteenko?<\/p> <p>KLO 17<i><br \/>Tohtorikoulutettava Lotta Palmberg<\/i>: Tyydyt\u00e4tk\u00f6 Liikunnan tarpeesi?<i><br \/>Tohtorikoulutettava Tiia Kek\u00e4l\u00e4inen:<\/i> Voimaharjoittelu \u2013 kasvata lihasten lis\u00e4ksi my\u00f6s psykologista toimintakyky\u00e4<i><br \/>Tutkijatohtori Anu Tourunen<\/i>: Suomalainen sisu \u2013 pit\u00e4\u00e4k\u00f6 se aktiivisena?<\/p> <p><b>Mahdollisuus testata omaan toimintakyky\u00e4<\/b><br \/>klo 14-18 (Agora Alfa ja Beta)<\/p> <p>K\u00e4den puristusvoima (Alfa)<br \/>K\u00e4velynopeus (K\u00e4yt\u00e4v\u00e4 Betan edustalla)<br \/>Trail making test (Beta)<br \/>Reaktionopeus (Beta)<\/p> <p><b>Kahvitarjoilu <\/b>(Alfa). Tule tapaamaan kahvin lomassa ik\u00e4\u00e4ntymistutkijoita.<\/p> <p>\u00a0<\/p> <p>\u00a0<\/p> <p><a class=\"external-link\" href=\"http:\/\/www.gerec.fi\/ajankohtaista\/gerecin-ohjelma-tutkijoiden-yossa-28.9.2018\" target=\"_blank\">GERECin tulostettava ohjelma<\/a><br \/><span class=\"external-link\"><a class=\"external-link\" href=\"http:\/\/www.gerec.fi\/ajankohtaista\/tutkijoiden-yon-tarjontaa-hyvinvoinnista-kiinnostuneille\" target=\"_blank\">Tutkijoiden y\u00f6n tarjontaa hyvinvoinnista kiinnostuneille<\/a><br \/>Tarkemmat tiedot koko Jyv\u00e4skyl\u00e4n yliopiston Tutkijoiden y\u00f6n ohjelmasta ja aikataulusta l\u00f6yd\u00e4t <\/span><a class=\"external-link\" href=\"https:\/\/www.jyu.fi\/fi\/akateemiset-tapahtumat\/tutkijoiden-yo\/ohjelma\/tutkijoiden-yon-ohjelma-2018\" target=\"_blank\">t\u00e4\u00e4lt\u00e4<\/a>!<\/p> <p><i>T\u00e4m\u00e4 Tutkijoiden y\u00f6 -projekti rahoitetaan Euroopan komission Marie Sk\u0142odowska-Curie toimien alaisena sopimusnumerolla 817987. Gerontologian tutkimuskeskuksen tapahtumaa rahoittaa lis\u00e4ksi <a class=\"external-link\" href=\"https:\/\/www.birmingham.ac.uk\/generic\/panini\/index.aspx\" target=\"_blank\">PANINI-projekti<\/a> (Euroopan Unionin Horisontti 2020 -ohjelma, Marie Sk\u0142odowska-Curie toimet).<\/i><\/p> ","_fi_post_name":"gerec-on-mukana-jyvaskylan-yliopiston-tutkijoiden-yossa-28-9-2018","_fi_post_excerpt":"","_fi_post_title":"GEREC on mukana Jyv\u00e4skyl\u00e4n yliopiston Tutkijoiden y\u00f6ss\u00e4 28.9.2018","_en_post_content":"","_en_post_name":"","_en_post_excerpt":"","_en_post_title":"","edit_language":"en","footnotes":""},"categories":[130,1],"tags":[],"class_list":["post-36","post","type-post","status-publish","format-standard","hentry","category-tiedeuutiset","category-yleinen","entry","no-media"],"_links":{"self":[{"href":"https:\/\/www.gerec.fi\/en\/wp-json\/wp\/v2\/posts\/36","targetHints":{"allow":["GET"]}}],"collection":[{"href":"https:\/\/www.gerec.fi\/en\/wp-json\/wp\/v2\/posts"}],"about":[{"href":"https:\/\/www.gerec.fi\/en\/wp-json\/wp\/v2\/types\/post"}],"author":[{"embeddable":true,"href":"https:\/\/www.gerec.fi\/en\/wp-json\/wp\/v2\/users\/1"}],"replies":[{"embeddable":true,"href":"https:\/\/www.gerec.fi\/en\/wp-json\/wp\/v2\/comments?post=36"}],"version-history":[{"count":1,"href":"https:\/\/www.gerec.fi\/en\/wp-json\/wp\/v2\/posts\/36\/revisions"}],"predecessor-version":[{"id":5351,"href":"https:\/\/www.gerec.fi\/en\/wp-json\/wp\/v2\/posts\/36\/revisions\/5351"}],"wp:attachment":[{"href":"https:\/\/www.gerec.fi\/en\/wp-json\/wp\/v2\/media?parent=36"}],"wp:term":[{"taxonomy":"category","embeddable":true,"href":"https:\/\/www.gerec.fi\/en\/wp-json\/wp\/v2\/categories?post=36"},{"taxonomy":"post_tag","embeddable":true,"href":"https:\/\/www.gerec.fi\/en\/wp-json\/wp\/v2\/tags?post=36"}],"curies":[{"name":"wp","href":"https:\/\/api.w.org\/{rel}","templated":true}]}}