{"id":357,"date":"2018-12-11T20:21:26","date_gmt":"2018-12-11T20:21:26","guid":{"rendered":"https:\/\/gerec.fi\/2018\/12\/11\/tutkimusjulkaisu-maaraytyyko-tyouran-pituus-jo-kohdussa\/"},"modified":"2019-02-21T16:39:48","modified_gmt":"2019-02-21T14:39:48","slug":"","status":"publish","type":"post","link":"https:\/\/www.gerec.fi\/en\/tutkimusjulkaisu-maaraytyyko-tyouran-pituus-jo-kohdussa\/","title":{"rendered":"","raw":""},"content":{"rendered":"","protected":false,"raw":""},"excerpt":{"rendered":"Matala syntym\u00e4paino lis\u00e4si miesten riski\u00e4 joutua sairasel\u00e4kkeelle, osoittaa tuore PLoS One -lehdess\u00e4 julkaistu suomalaistutkimus. Vuosina 1934\u201344 syntyneist\u00e4 laajaan tutkimukseen osallistuneista henkil\u00f6ist\u00e4 hieman yli 20 % siirtyi sairasel\u00e4kkeelle vuosina 1971\u20132011. \u2013 Ty\u00f6uran katkeaminen sairasel\u00e4kkeeseen saattaa osaltaan olla yhteydess\u00e4 heikompaan siki\u00f6aikaiseen kasvuun,&hellip;","protected":false,"raw":""},"author":1,"featured_media":0,"comment_status":"open","ping_status":"open","sticky":false,"template":"","format":"standard","meta":{"_mi_skip_tracking":false,"_fi_post_content":"<div id=\"articleHeader\"><\/div>                                                                                                                                                                                                                     <div id=\"parent-fieldname-description\">                   Matala syntym\u00e4paino lis\u00e4si miesten riski\u00e4 joutua sairasel\u00e4kkeelle, osoittaa tuore PLoS One -lehdess\u00e4 julkaistu suomalaistutkimus. Vuosina 1934\u201344 syntyneist\u00e4 laajaan tutkimukseen osallistuneista henkil\u00f6ist\u00e4 hieman yli 20 % siirtyi sairasel\u00e4kkeelle vuosina 1971\u20132011.                <\/div>                                                                                                                       <div id=\"content-core\">                                                             <div id=\"parent-fieldname-text\">            <p>\u2013 Ty\u00f6uran katkeaminen sairasel\u00e4kkeeseen saattaa osaltaan olla yhteydess\u00e4 heikompaan siki\u00f6aikaiseen kasvuun, dosentti <b>Mikaela von Bonsdorff<\/b> Jyv\u00e4skyl\u00e4n yliopistosta toteaa.<\/p><p>Sairasel\u00e4kkeelle siirtymisen p\u00e4\u00e4syit\u00e4 ovat mielenterveysongelmien ohella tuki- ja liikuntaelimist\u00f6n sairaudet sek\u00e4 syd\u00e4n- ja verisuonitaudit. Matala syntym\u00e4paino lis\u00e4si erityisesti mielenterveysongelmien vuoksi sairasel\u00e4kkeelle siirtymisen riski\u00e4.<\/p><p>\u2013 Tutkimus osoitti ett\u00e4 mielenterveysongelmien vuoksi siirryttiin el\u00e4kkeelle keskim\u00e4\u00e4rin 51-vuotiaana, 10 vuotta aikaisemmin kuin muut tutkimukseen osallistujat. T\u00e4m\u00e4 on merkitt\u00e4v\u00e4 menetys ty\u00f6vuosissa, Mikaela von Bonsdorff huomauttaa.<\/p><p>Tutkimus perustuu Helsinki Birth Cohort Study -aineistoon. Suomeen 1930-luvulla perustettu neuvolaj\u00e4rjestelm\u00e4 on mahdollistanut ainutlaatuisen tutkimuksen varhaisen kasvun ja kehityksen yhteydest\u00e4 my\u00f6hemm\u00e4n i\u00e4n kansanterveyden kannalta keskeisiin sairauksiin, toimintakykyyn ja ennenaikaiseen kuolemaan.<\/p><p>\u2013 Tulokset osoittavat varhaisen kehityksen moninaisia vaikutuksia kansanterveyteen ja talouteen. Siki\u00f6aikainen ravinnonpuute on yhteydess\u00e4 mm. aivojen rakenteessa ilmeneviin muutoksiin sek\u00e4 laajemmin neurologiseen kehitykseen. T\u00e4m\u00e4 saattaa lis\u00e4t\u00e4 riski\u00e4 mielenterveysongelmiin ja heijastua sairasel\u00e4kkeelle siirtymiseen, Helsinki Birth Study Cohort -tutkimuksen johtaja professori <b>Johan Eriksson<\/b> Helsingin yliopistosta sanoo.<\/p><p>Tutkimus liittyy Mikaela von Bonsdorfin tutkijatohtorihankkeseen <i>Varhainen fyysinen kehitys, kasvu ja ty\u00f6ura vanhuuden terveyden ja toimintakyvyn m\u00e4\u00e4ritt\u00e4j\u00e4n\u00e4 - El\u00e4m\u00e4nkulun epidemiologian n\u00e4k\u00f6kulma, <\/i>joka on Suomen Akatemian rahoittama.<\/p><p><strong>Lis\u00e4tietoja:<\/strong><\/p><p>Mikaela von Bonsdorff, Gerontologian tutkimuskeskus ja terveystieteiden laitos, Jyv\u00e4skyl\u00e4n yliopisto, p. 0400 342\u00a0692, <a href=\"mailto:\/\/mikaela.vonbonsdorff@jyu.fi\"  target=\"_blank\">mikaela.vonbonsdorff@jyu.fi<\/a>.<\/p><p>\u00a0<strong>Alkuper\u00e4isjulkaisu:<\/strong><\/p><p>von Bonsdorff MB, T\u00f6rm\u00e4kangas T, Salonen MK, von Bonsdorff ME, Osmond C, Kajantie E, Eriksson JG. Early life origins of all-cause and cause-specific disability pension: findings from the Helsinki Birth Cohort Study. PLoS ONE 2015, 10:e122134.<\/p><p><a href=\"http:\/\/journals.plos.org\/plosone\/article?id=10.1371\/journal.pone.0122134\"  target=\"_blank\">http:\/\/journals.plos.org\/plosone\/article?id=10.1371\/journal.pone.0122134<\/a><\/p>        <\/div>                                                                                                                  ","_fi_post_name":"tutkimusjulkaisu-maaraytyyko-tyouran-pituus-jo-kohdussa","_fi_post_excerpt":"","_fi_post_title":"Tutkimusjulkaisu: M\u00e4\u00e4r\u00e4ytyyk\u00f6 ty\u00f6uran pituus jo kohdussa?","_en_post_content":"","_en_post_name":"","_en_post_excerpt":"","_en_post_title":"","edit_language":"en","footnotes":""},"categories":[130,1],"tags":[],"class_list":["post-357","post","type-post","status-publish","format-standard","hentry","category-tiedeuutiset","category-yleinen","entry","no-media"],"_links":{"self":[{"href":"https:\/\/www.gerec.fi\/en\/wp-json\/wp\/v2\/posts\/357","targetHints":{"allow":["GET"]}}],"collection":[{"href":"https:\/\/www.gerec.fi\/en\/wp-json\/wp\/v2\/posts"}],"about":[{"href":"https:\/\/www.gerec.fi\/en\/wp-json\/wp\/v2\/types\/post"}],"author":[{"embeddable":true,"href":"https:\/\/www.gerec.fi\/en\/wp-json\/wp\/v2\/users\/1"}],"replies":[{"embeddable":true,"href":"https:\/\/www.gerec.fi\/en\/wp-json\/wp\/v2\/comments?post=357"}],"version-history":[{"count":1,"href":"https:\/\/www.gerec.fi\/en\/wp-json\/wp\/v2\/posts\/357\/revisions"}],"predecessor-version":[{"id":5437,"href":"https:\/\/www.gerec.fi\/en\/wp-json\/wp\/v2\/posts\/357\/revisions\/5437"}],"wp:attachment":[{"href":"https:\/\/www.gerec.fi\/en\/wp-json\/wp\/v2\/media?parent=357"}],"wp:term":[{"taxonomy":"category","embeddable":true,"href":"https:\/\/www.gerec.fi\/en\/wp-json\/wp\/v2\/categories?post=357"},{"taxonomy":"post_tag","embeddable":true,"href":"https:\/\/www.gerec.fi\/en\/wp-json\/wp\/v2\/tags?post=357"}],"curies":[{"name":"wp","href":"https:\/\/api.w.org\/{rel}","templated":true}]}}