{"id":352,"date":"2018-12-11T20:21:25","date_gmt":"2018-12-11T20:21:25","guid":{"rendered":"https:\/\/gerec.fi\/2018\/12\/11\/ilkka-pietila-tampereen-yliopiston-tutkijakollegiumiin\/"},"modified":"2019-02-21T17:31:34","modified_gmt":"2019-02-21T15:31:34","slug":"","status":"publish","type":"post","link":"https:\/\/www.gerec.fi\/en\/ilkka-pietila-tampereen-yliopiston-tutkijakollegiumiin\/","title":{"rendered":"","raw":""},"content":{"rendered":"","protected":false,"raw":""},"excerpt":{"rendered":"Tampereen yliopiston rehtori on nimitt\u00e4nyt Ilkka Pietil\u00e4n yliopistotutkijan kahden vuoden m\u00e4\u00e4r\u00e4aikaiseen teht\u00e4v\u00e4\u00e4n Tampereen yliopiston tutkijakollegiumissa (Institute for Advanced Social Research, IASR). Kev\u00e4\u00e4ll\u00e4 2015 tutkijakollegiumissa oli haettavana 11 tutkijatohtorin ja yliopistotutkijan teht\u00e4v\u00e4\u00e4, joista 6 keskittyy yhteiskunnan ja 5 terveyden tutkimukseen. Hakijoita&hellip;","protected":false,"raw":""},"author":1,"featured_media":0,"comment_status":"open","ping_status":"open","sticky":false,"template":"","format":"standard","meta":{"_mi_skip_tracking":false,"_fi_post_content":"<div id=\"articleHeader\"><\/div>                                                                                                                                                                                                                     <div id=\"parent-fieldname-description\">                   Tampereen yliopiston rehtori on nimitt\u00e4nyt Ilkka Pietil\u00e4n yliopistotutkijan kahden vuoden m\u00e4\u00e4r\u00e4aikaiseen teht\u00e4v\u00e4\u00e4n Tampereen yliopiston tutkijakollegiumissa (Institute for Advanced Social Research, IASR).                 <\/div>                                                                                                                       <div id=\"content-core\">                                                             <div id=\"parent-fieldname-text\">            <p>Kev\u00e4\u00e4ll\u00e4 2015 tutkijakollegiumissa oli haettavana 11 tutkijatohtorin ja yliopistotutkijan teht\u00e4v\u00e4\u00e4, joista 6 keskittyy yhteiskunnan ja 5 terveyden tutkimukseen. Hakijoita oli t\u00e4n\u00e4 vuonna 230. Pietil\u00e4n tutkimusprojekti <i>Risk society and the proliferation of medical tests:\u00a0 a case study of prostate cancer<\/i> sijoittuu yhteiskuntatutkimuksen alalle.<\/p>        <\/div>                                                                                                                  ","_fi_post_name":"ilkka-pietila-tampereen-yliopiston-tutkijakollegiumiin","_fi_post_excerpt":"","_fi_post_title":"Ilkka Pietil\u00e4 Tampereen yliopiston tutkijakollegiumiin","_en_post_content":"","_en_post_name":"","_en_post_excerpt":"","_en_post_title":"","edit_language":"en","footnotes":""},"categories":[130,1],"tags":[],"class_list":["post-352","post","type-post","status-publish","format-standard","hentry","category-tiedeuutiset","category-yleinen","entry","no-media"],"_links":{"self":[{"href":"https:\/\/www.gerec.fi\/en\/wp-json\/wp\/v2\/posts\/352","targetHints":{"allow":["GET"]}}],"collection":[{"href":"https:\/\/www.gerec.fi\/en\/wp-json\/wp\/v2\/posts"}],"about":[{"href":"https:\/\/www.gerec.fi\/en\/wp-json\/wp\/v2\/types\/post"}],"author":[{"embeddable":true,"href":"https:\/\/www.gerec.fi\/en\/wp-json\/wp\/v2\/users\/1"}],"replies":[{"embeddable":true,"href":"https:\/\/www.gerec.fi\/en\/wp-json\/wp\/v2\/comments?post=352"}],"version-history":[{"count":1,"href":"https:\/\/www.gerec.fi\/en\/wp-json\/wp\/v2\/posts\/352\/revisions"}],"predecessor-version":[{"id":5460,"href":"https:\/\/www.gerec.fi\/en\/wp-json\/wp\/v2\/posts\/352\/revisions\/5460"}],"wp:attachment":[{"href":"https:\/\/www.gerec.fi\/en\/wp-json\/wp\/v2\/media?parent=352"}],"wp:term":[{"taxonomy":"category","embeddable":true,"href":"https:\/\/www.gerec.fi\/en\/wp-json\/wp\/v2\/categories?post=352"},{"taxonomy":"post_tag","embeddable":true,"href":"https:\/\/www.gerec.fi\/en\/wp-json\/wp\/v2\/tags?post=352"}],"curies":[{"name":"wp","href":"https:\/\/api.w.org\/{rel}","templated":true}]}}