{"id":350,"date":"2018-12-11T20:21:25","date_gmt":"2018-12-11T20:21:25","guid":{"rendered":"https:\/\/gerec.fi\/2018\/12\/11\/tyosuojelurahastolta-rahoitusta-elakeuudistuksen-vaikutusten-ja-elakeaikaisen-tyoskentelyn-tutkimukseen\/"},"modified":"2018-12-15T00:08:12","modified_gmt":"2018-12-14T22:08:12","slug":"","status":"publish","type":"post","link":"https:\/\/www.gerec.fi\/en\/tyosuojelurahastolta-rahoitusta-elakeuudistuksen-vaikutusten-ja-elakeaikaisen-tyoskentelyn-tutkimukseen\/","title":{"rendered":"","raw":""},"content":{"rendered":"","protected":false,"raw":""},"excerpt":{"rendered":"Ty\u00f6suojelurahasto on my\u00f6nt\u00e4nyt Jyv\u00e4skyl\u00e4n yliopistolle 110 000 euroa Ik\u00e4\u00e4ntyneiden ty\u00f6urat - ty\u00f6ss\u00e4 jatkaminen ja el\u00e4kkeell\u00e4 ty\u00f6skentely (JATKIS) hankkeelle. Hankkeen kokonaiskustannukset ovat 224 707 euroa. Hankkeen vastuullisena johtajana toimii dosentti Mikaela von Bonsdorff Gerontologian tutkimuskeskuksesta. Kolmevuotisen hankkeen tavoitteena on tarkastella vuoden&hellip;","protected":false,"raw":""},"author":1,"featured_media":0,"comment_status":"open","ping_status":"open","sticky":false,"template":"","format":"standard","meta":{"_mi_skip_tracking":false,"_fi_post_content":"<div id=\"articleHeader\"><\/div>                                                                                                                                                                                                                     <div id=\"parent-fieldname-description\">                   Ty\u00f6suojelurahasto on my\u00f6nt\u00e4nyt Jyv\u00e4skyl\u00e4n yliopistolle 110 000 euroa Ik\u00e4\u00e4ntyneiden ty\u00f6urat - ty\u00f6ss\u00e4 jatkaminen ja el\u00e4kkeell\u00e4 ty\u00f6skentely (JATKIS) hankkeelle. Hankkeen kokonaiskustannukset ovat 224 707 euroa. Hankkeen vastuullisena johtajana toimii dosentti Mikaela von Bonsdorff Gerontologian tutkimuskeskuksesta.                <\/div>                                                                                                                       <div id=\"content-core\">                                                             <div id=\"parent-fieldname-text\">            <p>Kolmevuotisen hankkeen tavoitteena on tarkastella vuoden 2017 alussa voimaan astuvan el\u00e4keuudistuksen vaikutuksia ik\u00e4\u00e4ntyvien ty\u00f6ntekij\u00f6iden ty\u00f6uran loppuvaiheeseen, el\u00e4kkeelle siirtymiseen ja el\u00e4keaikaisen ty\u00f6skentelyyn suhtautumiseen.<\/p><p>Ty\u00f6terveyslaitoksen kanssa yhteisty\u00f6ss\u00e4 toteutettavan tutkimuksen taustalla ovat yht\u00e4\u00e4lt\u00e4 viime vuosien ik\u00e4\u00e4ntyneen ty\u00f6v\u00e4est\u00f6n osuuden suhteellinen kasvu, toisaalta julkisen talouden syventynyt kest\u00e4vyysvaje.<\/p><p>- Vuonna 2017 voimaan astuva el\u00e4keuudistus tarjoaa mielenkiintoisen l\u00e4ht\u00f6kohdan k\u00e4sill\u00e4 olevalle empiiriselle tutkimukselle, jossa uudistusta peilataan ik\u00e4\u00e4ntyvien ty\u00f6ntekij\u00f6iden ty\u00f6uran loppuvaiheeseen, el\u00e4kkeelle siirtymiseen ja el\u00e4keaikaisen ty\u00f6skentelyn ajatuksiin, toteaa Mikaela von Bonsdorff.<\/p><p>Lis\u00e4ksi hankkeen aikana kehitet\u00e4\u00e4n yhteisty\u00f6ss\u00e4 Ty\u00f6terveyslaitoksen kanssa pilottity\u00f6kalu, jonka avulla voidaan tukea yksil\u00f6it\u00e4 ja organisaatioita el\u00e4keaikaisen ty\u00f6skentelyn suunnittelussa ja toteuttamisessa. K\u00e4yt\u00e4nn\u00f6n ty\u00f6kalun tarkoituksena on hy\u00f6dytt\u00e4\u00e4 ty\u00f6ntekij\u00f6it\u00e4 ja ty\u00f6nantajia. Ty\u00f6nantajille k\u00e4yt\u00e4nn\u00f6n ty\u00f6kalu tarjoaa j\u00e4sennellyn prosessin, jonka avulla ty\u00f6ntekij\u00e4n on mahdollista jatkaa el\u00e4kkeelle siirrytty\u00e4\u00e4n ty\u00f6ss\u00e4.<\/p><p><b>Lis\u00e4tietoja:<\/b><\/p><p>Yliopistotutkija Mikaela von Bonsdorff mikaela.vonbonsdorff@jyu.fi, p. 0400 342 692<br \/>Tutkijatohtori Monika von Bonsdorff\u00a0\u00a0\u00a0\u00a0 <a href=\"mailto:\/\/monika.bonsdorff@jyu.fi\"  target=\"_blank\">monika.bonsdorff@jyu.fi<\/a>, p. 040\u00a0541 25 24<br \/>Erikoistutkija Marjo Wallin\u00a0\u00a0\u00a0\u00a0\u00a0\u00a0\u00a0\u00a0\u00a0\u00a0\u00a0\u00a0\u00a0\u00a0\u00a0\u00a0\u00a0\u00a0\u00a0 <a href=\"mailto:\/\/marjo.wallin@ttl.fi\"  target=\"_blank\">marjo.wallin@ttl.fi<\/a>, p. 030 474 26 92<\/p>        <\/div>                                                                                                                  ","_fi_post_name":"tyosuojelurahastolta-rahoitusta-elakeuudistuksen-vaikutusten-ja-elakeaikaisen-tyoskentelyn-tutkimukseen","_fi_post_excerpt":"","_fi_post_title":"Ty\u00f6suojelurahastolta rahoitusta el\u00e4keuudistuksen vaikutusten ja el\u00e4keaikaisen ty\u00f6skentelyn tutkimukseen","_en_post_content":"","_en_post_name":"","_en_post_excerpt":"","_en_post_title":"","edit_language":"en","footnotes":""},"categories":[1],"tags":[],"class_list":["post-350","post","type-post","status-publish","format-standard","hentry","category-yleinen","entry","no-media"],"_links":{"self":[{"href":"https:\/\/www.gerec.fi\/en\/wp-json\/wp\/v2\/posts\/350","targetHints":{"allow":["GET"]}}],"collection":[{"href":"https:\/\/www.gerec.fi\/en\/wp-json\/wp\/v2\/posts"}],"about":[{"href":"https:\/\/www.gerec.fi\/en\/wp-json\/wp\/v2\/types\/post"}],"author":[{"embeddable":true,"href":"https:\/\/www.gerec.fi\/en\/wp-json\/wp\/v2\/users\/1"}],"replies":[{"embeddable":true,"href":"https:\/\/www.gerec.fi\/en\/wp-json\/wp\/v2\/comments?post=350"}],"version-history":[{"count":1,"href":"https:\/\/www.gerec.fi\/en\/wp-json\/wp\/v2\/posts\/350\/revisions"}],"predecessor-version":[{"id":5458,"href":"https:\/\/www.gerec.fi\/en\/wp-json\/wp\/v2\/posts\/350\/revisions\/5458"}],"wp:attachment":[{"href":"https:\/\/www.gerec.fi\/en\/wp-json\/wp\/v2\/media?parent=350"}],"wp:term":[{"taxonomy":"category","embeddable":true,"href":"https:\/\/www.gerec.fi\/en\/wp-json\/wp\/v2\/categories?post=350"},{"taxonomy":"post_tag","embeddable":true,"href":"https:\/\/www.gerec.fi\/en\/wp-json\/wp\/v2\/tags?post=350"}],"curies":[{"name":"wp","href":"https:\/\/api.w.org\/{rel}","templated":true}]}}