{"id":35,"date":"2018-09-18T10:35:00","date_gmt":"2018-09-18T08:35:00","guid":{"rendered":"https:\/\/gerec.fi\/kes%c2%adkus%c2%adtel%c2%adlaan-tyos%c2%adsa-jat%c2%adka%c2%admi%c2%adses%c2%adta-tyo%c2%adpai%c2%adkoil%c2%adla\/"},"modified":"2019-02-21T17:41:51","modified_gmt":"2019-02-21T15:41:51","slug":"","status":"publish","type":"post","link":"https:\/\/www.gerec.fi\/en\/kes%c2%adkus%c2%adtel%c2%adlaan-tyos%c2%adsa-jat%c2%adka%c2%admi%c2%adses%c2%adta-tyo%c2%adpai%c2%adkoil%c2%adla\/","title":{"rendered":"","raw":""},"content":{"rendered":"","protected":false,"raw":""},"excerpt":{"rendered":"Jyv\u00e4skyl\u00e4n yliopiston JATKIS-hankkeessa on kehitetty yhdess\u00e4 Ty\u00f6terveyslaitoksen kanssa k\u00e4yt\u00e4nn\u00f6nl\u00e4heinen ty\u00f6kalu, jonka avulla ty\u00f6ntekij\u00e4t ja ty\u00f6nantajat voivat kartoittaa ja suunnitella ik\u00e4\u00e4ntyv\u00e4n ty\u00f6ntekij\u00e4n ty\u00f6t\u00e4 el\u00e4kei\u00e4n l\u00e4hestyess\u00e4 ja jopa sen j\u00e4lkeen. Vuosittain useat ik\u00e4\u00e4ntyv\u00e4t ty\u00f6ntekij\u00e4t l\u00e4hestyv\u00e4t urallaan vaihetta, jolloin omaa el\u00e4kkeelle siirtymist\u00e4 ja&hellip;","protected":false,"raw":""},"author":1,"featured_media":0,"comment_status":"closed","ping_status":"closed","sticky":false,"template":"","format":"standard","meta":{"_mi_skip_tracking":false,"_fi_post_content":"<p>Jyv\u00e4skyl\u00e4n yliopiston JATKIS-hankkeessa on kehitetty yhdess\u00e4 Ty\u00f6terveyslaitoksen kanssa k\u00e4yt\u00e4nn\u00f6nl\u00e4heinen ty\u00f6kalu, jonka avulla ty\u00f6ntekij\u00e4t ja ty\u00f6nantajat voivat kartoittaa ja suunnitella ik\u00e4\u00e4ntyv\u00e4n ty\u00f6ntekij\u00e4n ty\u00f6t\u00e4 el\u00e4kei\u00e4n l\u00e4hestyess\u00e4 ja jopa sen j\u00e4lkeen.<\/p> <p>Vuosittain useat ik\u00e4\u00e4ntyv\u00e4t ty\u00f6ntekij\u00e4t l\u00e4hestyv\u00e4t urallaan vaihetta, jolloin omaa el\u00e4kkeelle siirtymist\u00e4 ja ty\u00f6ss\u00e4 jatkamista ryhdyt\u00e4\u00e4n suunnittelemaan.<\/p> <p>- Perinteisen mallin mukaan el\u00e4kkeelle siirryt\u00e4\u00e4n, kun Kelan paperit kolahtavat postilaatikkoon ja kun ty\u00f6paikalla on juotu el\u00e4kekahvit, sanoo yliopistotutkija <b>Mikaela von Bonsdorff<\/b> Jyv\u00e4skyl\u00e4n yliopistosta.<\/p> <p>Yh\u00e4 useammin ty\u00f6ntekij\u00e4 olisi my\u00f6s halukas jatkamaan ty\u00f6ss\u00e4\u00e4n viel\u00e4 muutaman vuoden, vaikkapa osa-aikaisena tai \u201dkeikkalaisena\u201d.<\/p> <p>- Usein voi k\u00e4yd\u00e4 niin, ett\u00e4 ty\u00f6ntekij\u00e4 ei oikein tied\u00e4, onko h\u00e4nen mahdollista jatkaa ty\u00f6ss\u00e4 jopa el\u00e4kei\u00e4n j\u00e4lkeen, sanoo professori ja akatemiatutkija <b>Monika von Bonsdorff<\/b> Vaasan yliopistosta.<\/p> <p>El\u00e4kkeell\u00e4 ty\u00f6skentelyn mahdollisuuksista ja edellytyksist\u00e4 olisikin tarpeellista keskustella ty\u00f6paikoilla nykyist\u00e4 enemm\u00e4n. JATKIS-hankkeessa kehitetty ty\u00f6kalu on tarkoitettu 50 vuotta t\u00e4ytt\u00e4neiden ty\u00f6ntekij\u00f6iden ty\u00f6uran loppuvaiheen suunnitteluun.<\/p> <p>- Lomake kannustaa ty\u00f6ntekij\u00e4\u00e4 pohtimaan tarpeitaan ja toiveitaan lopputy\u00f6uralleen - mik\u00e4 h\u00e4nt\u00e4 ty\u00f6ss\u00e4\u00e4n motivoi ja mitk\u00e4 asiat edesauttaisivat ty\u00f6ss\u00e4jaksamista viel\u00e4 el\u00e4kei\u00e4ss\u00e4kin, kertoo Ty\u00f6terveyslaitoksen erityisasiantuntija <b>Katja K\u00e4rkk\u00e4inen.<\/b><\/p> <p>Helppok\u00e4ytt\u00f6isell\u00e4 ty\u00f6kalulla, jonka avulla my\u00f6s esimies saa kartoitettua ty\u00f6ntekij\u00f6iden lopputy\u00f6uraan liittyvi\u00e4 tarpeita, toiveita ja suunnitelmia, voidaan t\u00e4ydent\u00e4\u00e4 organisaatioiden omia kehityskeskustelulomakkeita.<\/p> <p>JATKIS-hankkeen sivuilla oleva\u00a0<a href=\"https:\/\/www.jyu.fi\/sport\/fi\/tutkimus\/hankkeet\/jatkis\/lomake\/kehityskeskustelulomake_paivitetty_julkaistava.pdf\">kehityskeskustelulomake<\/a> on vapaasti tulostettavissa ty\u00f6ntekij\u00f6iden ja ty\u00f6nantajien k\u00e4ytt\u00f6\u00f6n.<\/p> <p><a class=\"external-link\" href=\"https:\/\/www.jyu.fi\/sport\/fi\/tutkimus\/hankkeet\/jatkis\" target=\"_blank\"><br \/>JATKIS-hankkeen sivut<\/a><\/p> <p><i>Ik\u00e4\u00e4ntyneiden ty\u00f6urat - ty\u00f6ss\u00e4 jatkaminen ja el\u00e4kkeell\u00e4 ty\u00f6skentely (JATKIS) <\/i>-tutkimushanketta on rahoittanut Ty\u00f6suojelurahasto vuosina 2015\u20132018. Hankkeen vastuullisena johtajana toimi yliopistotutkija, dosentti Mikaela von Bonsdorff Gerontologian tutkimuskeskuksesta. Hanke toteutettiin yhteisty\u00f6ss\u00e4 Ty\u00f6terveyslaitoksen kanssa.<\/p> <p><b>Lis\u00e4tietoja:<\/b><\/p> <ul> <li> Professori Monika von Bonsdorff, monika.von.bonsdorff@univaasa.fi, p. 040\u00a0541 25 24<\/li> <li> Erityisasiantuntija Katja K\u00e4rkk\u00e4inen, katja.karkkainen@ttl.fi, p. 050 4671 319<\/li> <li> Yliopistotutkija Mikaela von Bonsdorff, mikaela.vonbonsdorff@jyu.fi, p. 0400 342\u00a0692<\/li> <\/ul> ","_fi_post_name":"kes%c2%adkus%c2%adtel%c2%adlaan-tyos%c2%adsa-jat%c2%adka%c2%admi%c2%adses%c2%adta-tyo%c2%adpai%c2%adkoil%c2%adla","_fi_post_excerpt":"","_fi_post_title":"Kes\u00adkus\u00adtel\u00adlaan ty\u00f6s\u00ads\u00e4 jat\u00adka\u00admi\u00adses\u00adta ty\u00f6\u00adpai\u00adkoil\u00adla","_en_post_content":"","_en_post_name":"","_en_post_excerpt":"","_en_post_title":"","edit_language":"en","footnotes":""},"categories":[130,1],"tags":[],"class_list":["post-35","post","type-post","status-publish","format-standard","hentry","category-tiedeuutiset","category-yleinen","entry","no-media"],"_links":{"self":[{"href":"https:\/\/www.gerec.fi\/en\/wp-json\/wp\/v2\/posts\/35","targetHints":{"allow":["GET"]}}],"collection":[{"href":"https:\/\/www.gerec.fi\/en\/wp-json\/wp\/v2\/posts"}],"about":[{"href":"https:\/\/www.gerec.fi\/en\/wp-json\/wp\/v2\/types\/post"}],"author":[{"embeddable":true,"href":"https:\/\/www.gerec.fi\/en\/wp-json\/wp\/v2\/users\/1"}],"replies":[{"embeddable":true,"href":"https:\/\/www.gerec.fi\/en\/wp-json\/wp\/v2\/comments?post=35"}],"version-history":[{"count":1,"href":"https:\/\/www.gerec.fi\/en\/wp-json\/wp\/v2\/posts\/35\/revisions"}],"predecessor-version":[{"id":5350,"href":"https:\/\/www.gerec.fi\/en\/wp-json\/wp\/v2\/posts\/35\/revisions\/5350"}],"wp:attachment":[{"href":"https:\/\/www.gerec.fi\/en\/wp-json\/wp\/v2\/media?parent=35"}],"wp:term":[{"taxonomy":"category","embeddable":true,"href":"https:\/\/www.gerec.fi\/en\/wp-json\/wp\/v2\/categories?post=35"},{"taxonomy":"post_tag","embeddable":true,"href":"https:\/\/www.gerec.fi\/en\/wp-json\/wp\/v2\/tags?post=35"}],"curies":[{"name":"wp","href":"https:\/\/api.w.org\/{rel}","templated":true}]}}