{"id":349,"date":"2018-12-11T20:21:25","date_gmt":"2018-12-11T20:21:25","guid":{"rendered":"https:\/\/gerec.fi\/2018\/12\/11\/vanhenemistutkimuksen-syysseminaari-20\/"},"modified":"2019-02-21T17:31:36","modified_gmt":"2019-02-21T15:31:36","slug":"","status":"publish","type":"post","link":"https:\/\/www.gerec.fi\/en\/vanhenemistutkimuksen-syysseminaari-20\/","title":{"rendered":"","raw":""},"content":{"rendered":"","protected":false,"raw":""},"excerpt":{"rendered":"Kasvun ja vanhenemisen tutkijat ry, Ik\u00e4instituutti ja GEREC j\u00e4rjest\u00e4v\u00e4t Vanhenemistutkimuksen syysseminaarin Tieteiden Talolla Helsingiss\u00e4 tiistaina 20.10.2015 klo. 9-16 aiheena on Ik\u00e4\u00e4ntyminen ja sukupuoli. Mukaan mahtuu 80 osallistujaa ilmoittautumisj\u00e4rjestyksess\u00e4. Seminaari on maksuton Kasvun ja vanhenemisen tutkijat ry:n j\u00e4senille, muilta osallistumismaksu on&hellip;","protected":false,"raw":""},"author":1,"featured_media":0,"comment_status":"open","ping_status":"open","sticky":false,"template":"","format":"standard","meta":{"_mi_skip_tracking":false,"_fi_post_content":"<div id=\"articleHeader\"><\/div>                                                                                                                                                                                                                     <div id=\"parent-fieldname-description\">                   Kasvun ja vanhenemisen tutkijat ry, Ik\u00e4instituutti ja GEREC j\u00e4rjest\u00e4v\u00e4t Vanhenemistutkimuksen syysseminaarin Tieteiden Talolla Helsingiss\u00e4 tiistaina 20.10.2015 klo. 9-16 aiheena on Ik\u00e4\u00e4ntyminen ja sukupuoli.                 <\/div>                                                                                                                       <div id=\"content-core\">                                                             <div id=\"parent-fieldname-text\">            <p>Mukaan mahtuu 80 osallistujaa ilmoittautumisj\u00e4rjestyksess\u00e4. <span>Seminaari on maksuton Kasvun ja vanhenemisen tutkijat ry:n j\u00e4senille, muilta osallistumismaksu on 40\u20ac. Maksu sis\u00e4lt\u00e4\u00e4 aamu- ja iltap\u00e4iv\u00e4kahvit, lounas on omakustanteinen. <br \/><br \/>Jos et viel\u00e4 ole Kasvun ja vanhenemisen tutkijat ry:n j\u00e4sen, nyt kannattaa liitty\u00e4, sill\u00e4 yhdistyksen j\u00e4senmaksu on 45\u20ac, opiskelijoilta ja el\u00e4kel\u00e4isilt\u00e4 25\u20ac. J\u00e4seneksi voit ilmoittautua s\u00e4hk\u00f6postitse\u00a0j\u00e4sensihteerille <\/span><span><a href=\"mailto:\/\/linda.enroth@uta.fi\"  target=\"_blank\"><span>linda.enroth@uta.fi<\/span><\/a><\/span><\/p><p><span>Ilmoittautumiset 9.10.2015 menness\u00e4 alla olevan linkin kautta<\/span><\/p><p><a href=\"https:\/\/elomake3.uta.fi\/lomakkeet\/15097\/lomake.html\"  target=\"_blank\">https:\/\/elomake3.uta.fi\/lomakkeet\/15097\/lomake.html<\/a><\/p><p>Lis\u00e4tietoja seminaarista KaVa:n sihteerilt\u00e4 <span><a href=\"mailto:\/\/jari.pirhonen@uta.fi\"  target=\"_blank\"><span>jari.pirhonen@uta.fi<\/span><\/a><\/span><\/p>        <\/div>                                                                                                                  ","_fi_post_name":"vanhenemistutkimuksen-syysseminaari-20","_fi_post_excerpt":"","_fi_post_title":"Vanhenemistutkimuksen syysseminaari 20.10.2015 Helsingiss\u00e4","_en_post_content":"","_en_post_name":"","_en_post_excerpt":"","_en_post_title":"","edit_language":"en","footnotes":""},"categories":[130,1],"tags":[],"class_list":["post-349","post","type-post","status-publish","format-standard","hentry","category-tiedeuutiset","category-yleinen","entry","no-media"],"_links":{"self":[{"href":"https:\/\/www.gerec.fi\/en\/wp-json\/wp\/v2\/posts\/349","targetHints":{"allow":["GET"]}}],"collection":[{"href":"https:\/\/www.gerec.fi\/en\/wp-json\/wp\/v2\/posts"}],"about":[{"href":"https:\/\/www.gerec.fi\/en\/wp-json\/wp\/v2\/types\/post"}],"author":[{"embeddable":true,"href":"https:\/\/www.gerec.fi\/en\/wp-json\/wp\/v2\/users\/1"}],"replies":[{"embeddable":true,"href":"https:\/\/www.gerec.fi\/en\/wp-json\/wp\/v2\/comments?post=349"}],"version-history":[{"count":1,"href":"https:\/\/www.gerec.fi\/en\/wp-json\/wp\/v2\/posts\/349\/revisions"}],"predecessor-version":[{"id":5457,"href":"https:\/\/www.gerec.fi\/en\/wp-json\/wp\/v2\/posts\/349\/revisions\/5457"}],"wp:attachment":[{"href":"https:\/\/www.gerec.fi\/en\/wp-json\/wp\/v2\/media?parent=349"}],"wp:term":[{"taxonomy":"category","embeddable":true,"href":"https:\/\/www.gerec.fi\/en\/wp-json\/wp\/v2\/categories?post=349"},{"taxonomy":"post_tag","embeddable":true,"href":"https:\/\/www.gerec.fi\/en\/wp-json\/wp\/v2\/tags?post=349"}],"curies":[{"name":"wp","href":"https:\/\/api.w.org\/{rel}","templated":true}]}}