{"id":347,"date":"2018-12-11T20:21:25","date_gmt":"2018-12-11T20:21:25","guid":{"rendered":"https:\/\/gerec.fi\/2018\/12\/11\/tutkimusjulkaisu-90-vuotiaat-arvostavat-terveytta-itsenaisyytta-ja-vapautta\/"},"modified":"2019-02-21T16:39:48","modified_gmt":"2019-02-21T14:39:48","slug":"","status":"publish","type":"post","link":"https:\/\/www.gerec.fi\/en\/tutkimusjulkaisu-90-vuotiaat-arvostavat-terveytta-itsenaisyytta-ja-vapautta\/","title":{"rendered":"","raw":""},"content":{"rendered":"","protected":false,"raw":""},"excerpt":{"rendered":"Tampereen yliopistossa tehdyn tutkimuksen mukaan kotona asuvat tamperelaiset 90-91-vuotiaat ihmiset kokevat edelleen s\u00e4ilytt\u00e4neens\u00e4 itsen\u00e4isyytens\u00e4, vaikka heid\u00e4n avuntarpeensa onkin lis\u00e4\u00e4ntynyt. Itsen\u00e4isyyden tunne nousi my\u00f6s vapauden kokemuksesta: 90-vuotiaat arvostavat vapauttaan pitkien ty\u00f6urien ja perheist\u00e4 huolehtimisten j\u00e4lkeen. - Ysikymppisten itsen\u00e4isyys on hauraampaa, mutta&hellip;","protected":false,"raw":""},"author":1,"featured_media":0,"comment_status":"open","ping_status":"open","sticky":false,"template":"","format":"standard","meta":{"_mi_skip_tracking":false,"_fi_post_content":"<div id=\"articleHeader\"><\/div>                                                                                                                                                                                                                     <div id=\"parent-fieldname-description\">                   Tampereen yliopistossa tehdyn tutkimuksen mukaan kotona asuvat tamperelaiset 90-91-vuotiaat ihmiset kokevat edelleen s\u00e4ilytt\u00e4neens\u00e4 itsen\u00e4isyytens\u00e4, vaikka heid\u00e4n avuntarpeensa onkin lis\u00e4\u00e4ntynyt. Itsen\u00e4isyyden tunne nousi my\u00f6s vapauden kokemuksesta: 90-vuotiaat arvostavat vapauttaan pitkien ty\u00f6urien ja perheist\u00e4 huolehtimisten j\u00e4lkeen.                <\/div>                                                                                                                       <div id=\"content-core\">                                                             <div id=\"parent-fieldname-text\">            <div><p>- Ysikymppisten itsen\u00e4isyys on hauraampaa, mutta samalla jotenkin realistisempaa kuin nuorempien, sanoo v\u00e4it\u00f6skirjatutkija <strong>Jari Pirhonen<\/strong> Terveystieteiden yksik\u00f6st\u00e4. <br \/><br \/>- Ysikymppisin\u00e4 ihmiset eiv\u00e4t voi sulkea silmi\u00e4\u00e4n ik\u00e4\u00e4ntymisen vaikutuksilta omassa el\u00e4m\u00e4ss\u00e4\u00e4n, jolloin itsen\u00e4isyydest\u00e4 tulee jatkuvasti neuvoteltava ja muuttuva ilmi\u00f6, johon sukupuolellakin n\u00e4ytt\u00e4\u00e4 olevan vaikutusta, Pirhonen toteaa.<br \/><br \/>Tutkimus perustuu yliopiston Terveystieteiden yksik\u00f6ss\u00e4 jo vuodesta 1995 jatkuneen Tervaskantotutkimuksen vuonna 2012 tehtyihin el\u00e4m\u00e4kertahaastatteluihin.<br \/><br \/>Kotona asumisen mahdollistavat terveys ja toimintakyky olivat haastateltujen mielest\u00e4 hyvin t\u00e4rkeit\u00e4 oman itsen\u00e4isyyden takaajina. <br \/><br \/>Toimintakykyyn suhtautumisesta tutkijat l\u00f6ysiv\u00e4t mielenkiintoisen sukupuolieron. Miehet kokivat olevansa itsen\u00e4isi\u00e4 pystyess\u00e4\u00e4n liikkumaan kotinsa ulkopuolella, naiset perustivat itsen\u00e4isyytens\u00e4 kodin seinien sis\u00e4ll\u00e4 p\u00e4rj\u00e4\u00e4miseen. 90-vuotiaat tukivat itsen\u00e4isyytt\u00e4\u00e4n my\u00f6s leikittelem\u00e4ll\u00e4 ik\u00e4\u00e4n liittyvill\u00e4 rooliodotuksilla. <br \/><br \/>Tutkimus toi esiin mielenkiintoisen n\u00e4k\u00f6kohdan meneill\u00e4\u00e4n olevaan palveluj\u00e4rjestelm\u00e4muutokseen, jossa laitosten sijaan vanhusten halutaan asuvan kotonaan\u00a0 avopalvelujen turvin. <br \/><br \/>- Meid\u00e4n haastateltavammekin toki sanoivat asuvansa kaikkein mieluiten omassa kodissaan, mutta ei v\u00e4ltt\u00e4m\u00e4tt\u00e4 siksi, ett\u00e4 koti olisi parempi, vaan siksi, ett\u00e4 kuva laitoshoidosta oli huono, jopa pelottava.<br \/><br \/>- Laitoksen pelko ja aito halu asua omassa kodissaan ovat kaksi aivan eri asiaa. Syntyy ajatus, ett\u00e4 kotihoidon hegemonian sijaan inhimillisemp\u00e4\u00e4 olisi monen ihmisen kohdalla ymp\u00e4rivuorokautisen hoidon kehitt\u00e4minen oikeasti ihmisl\u00e4ht\u00f6isemm\u00e4ksi, tutkija Jari Pirhonen painottaa.<br \/><br \/><em>Jari Pirhonen, Hanna Ojala, Kirsi Lumme-Sandt ja Ilkka Pietil\u00e4: \u2018Old but not that old\u2019: Finnish community-dwelling people aged 90+ negotiating their autonomy. Ageing and Society, Published online: 03 June 2015<\/em><br \/><br \/><strong>Linkki artikkeliin:<\/strong><br \/><a href=\"http:\/\/journals.cambridge.org\/action\/displayAbstract?fromPage=online&aid=9749303&fulltextType=RA&fileId=S0144686X15000525\"  target=\"_blank\">http:\/\/journals.cambridge.org\/action\/displayAbstract?fromPage=online&aid=9749303&fulltextType=RA&fileId=S0144686X15000525<\/a><\/p><p><strong>Lis\u00e4tietoja:<\/strong><br \/>Tutkija Jari Pirhonen, 050 318 7336, <a href=\"mailto:\/\/jari.pirhonen@uta.fi\"  target=\"_blank\">jari.pirhonen@uta.fi<\/a><\/p><\/div>                                                                                                                          ","_fi_post_name":"tutkimusjulkaisu-90-vuotiaat-arvostavat-terveytta-itsenaisyytta-ja-vapautta","_fi_post_excerpt":"","_fi_post_title":"Tutkimusjulkaisu: 90-vuotiaat arvostavat terveytt\u00e4, itsen\u00e4isyytt\u00e4 ja vapautta","_en_post_content":"","_en_post_name":"","_en_post_excerpt":"","_en_post_title":"","edit_language":"en","footnotes":""},"categories":[130,1],"tags":[],"class_list":["post-347","post","type-post","status-publish","format-standard","hentry","category-tiedeuutiset","category-yleinen","entry","no-media"],"_links":{"self":[{"href":"https:\/\/www.gerec.fi\/en\/wp-json\/wp\/v2\/posts\/347","targetHints":{"allow":["GET"]}}],"collection":[{"href":"https:\/\/www.gerec.fi\/en\/wp-json\/wp\/v2\/posts"}],"about":[{"href":"https:\/\/www.gerec.fi\/en\/wp-json\/wp\/v2\/types\/post"}],"author":[{"embeddable":true,"href":"https:\/\/www.gerec.fi\/en\/wp-json\/wp\/v2\/users\/1"}],"replies":[{"embeddable":true,"href":"https:\/\/www.gerec.fi\/en\/wp-json\/wp\/v2\/comments?post=347"}],"version-history":[{"count":1,"href":"https:\/\/www.gerec.fi\/en\/wp-json\/wp\/v2\/posts\/347\/revisions"}],"predecessor-version":[{"id":5455,"href":"https:\/\/www.gerec.fi\/en\/wp-json\/wp\/v2\/posts\/347\/revisions\/5455"}],"wp:attachment":[{"href":"https:\/\/www.gerec.fi\/en\/wp-json\/wp\/v2\/media?parent=347"}],"wp:term":[{"taxonomy":"category","embeddable":true,"href":"https:\/\/www.gerec.fi\/en\/wp-json\/wp\/v2\/categories?post=347"},{"taxonomy":"post_tag","embeddable":true,"href":"https:\/\/www.gerec.fi\/en\/wp-json\/wp\/v2\/tags?post=347"}],"curies":[{"name":"wp","href":"https:\/\/api.w.org\/{rel}","templated":true}]}}