{"id":346,"date":"2018-12-11T20:21:25","date_gmt":"2018-12-11T20:21:25","guid":{"rendered":"https:\/\/gerec.fi\/2018\/12\/11\/yksitoista-teesia-ikaantymisesta\/"},"modified":"2019-02-21T17:31:37","modified_gmt":"2019-02-21T15:31:37","slug":"","status":"publish","type":"post","link":"https:\/\/www.gerec.fi\/en\/yksitoista-teesia-ikaantymisesta\/","title":{"rendered":"","raw":""},"content":{"rendered":"","protected":false,"raw":""},"excerpt":{"rendered":"Arkkiatri Risto Pelkosen johtama \"Kokeneet ja viisaat\" -asiantuntijaty\u00f6ryhm\u00e4 luovutti 26.8. raporttinsa sosiaali- ja terveysministeri Juha Rehulalle. Arkkiatri Risto Pelkosen johtama \"Kokeneet ja viisaat\" -asiantuntijaty\u00f6ryhm\u00e4 luovutti 26.8. raporttinsa sosiaali- ja terveysministeri Juha Rehulalle.Ty\u00f6ryhm\u00e4n yhdess\u00e4toista teesiss\u00e4 vaaditaan muun muassa ik\u00e4syrjinn\u00e4npoistamista, kotihoidon parantamista,&hellip;","protected":false,"raw":""},"author":1,"featured_media":0,"comment_status":"open","ping_status":"open","sticky":false,"template":"","format":"standard","meta":{"_mi_skip_tracking":false,"_fi_post_content":"<div id=\"articleHeader\"><\/div>                                                                                                                                                                                                                     <div id=\"parent-fieldname-description\">                   Arkkiatri Risto Pelkosen johtama \"Kokeneet ja viisaat\" -asiantuntijaty\u00f6ryhm\u00e4 luovutti 26.8. raporttinsa sosiaali- ja terveysministeri Juha Rehulalle.                <\/div>                                                                                                                       <div id=\"content-core\">                                                             <div id=\"parent-fieldname-text\">            <p>Arkkiatri Risto Pelkosen johtama \"Kokeneet ja viisaat\" -<\/p><p>asiantuntijaty\u00f6ryhm\u00e4 luovutti 26.8. raporttinsa sosiaali- ja terveysministeri Juha Rehulalle.<\/p><p>Ty\u00f6ryhm\u00e4n yhdess\u00e4toista teesiss\u00e4 vaaditaan muun muassa ik\u00e4syrjinn\u00e4n<\/p><p>poistamista, kotihoidon parantamista, kuntoutuksen aseman vahvistamista<\/p><p>sek\u00e4 vanhenemista koskevan opetuksen ja tutkimuksen tukemista. Ryhm\u00e4ss\u00e4<\/p><p>olivat mukana GERECst\u00e4 professori Marja Jylh\u00e4 ja GERECn ohjausryhm\u00e4n<\/p><p>puheenjohtaja, Vanhus-ja l\u00e4himm\u00e4ispalveluliiton puheenjohtaja Vappu<\/p><p>Taipale.<\/p><p>Alla on linkki STMn raporttia koskevaan tiedotteeseen<\/p><p><a href=\"http:\/\/stm.fi\/artikkeli\/-\/asset_publisher\/tyoryhma-ikasyrjinta-pois-ja-palvelut-kuntoon\"  target=\"_blank\">http:\/\/stm.fi\/artikkeli\/-\/asset_publisher\/tyoryhma-ikasyrjinta-pois-ja-palvelut-kuntoon<\/a><\/p><p>Koko raportti l\u00f6ytyy t\u00e4\u00e4lt\u00e4<\/p><p><a href=\"http:\/\/www.gerec.fi\/kokeneet-ja-viisaat-raportti\/view\"  target=\"_blank\">http:\/\/www.gerec.fi\/kokeneet-ja-viisaat-raportti\/view<\/a><\/p><\/div>                                                                                                                  ","_fi_post_name":"yksitoista-teesia-ikaantymisesta","_fi_post_excerpt":"","_fi_post_title":"Yksitoista teesi\u00e4 ik\u00e4\u00e4ntymisest\u00e4","_en_post_content":"","_en_post_name":"","_en_post_excerpt":"","_en_post_title":"","edit_language":"en","footnotes":""},"categories":[130,1],"tags":[],"class_list":["post-346","post","type-post","status-publish","format-standard","hentry","category-tiedeuutiset","category-yleinen","entry","no-media"],"_links":{"self":[{"href":"https:\/\/www.gerec.fi\/en\/wp-json\/wp\/v2\/posts\/346","targetHints":{"allow":["GET"]}}],"collection":[{"href":"https:\/\/www.gerec.fi\/en\/wp-json\/wp\/v2\/posts"}],"about":[{"href":"https:\/\/www.gerec.fi\/en\/wp-json\/wp\/v2\/types\/post"}],"author":[{"embeddable":true,"href":"https:\/\/www.gerec.fi\/en\/wp-json\/wp\/v2\/users\/1"}],"replies":[{"embeddable":true,"href":"https:\/\/www.gerec.fi\/en\/wp-json\/wp\/v2\/comments?post=346"}],"version-history":[{"count":1,"href":"https:\/\/www.gerec.fi\/en\/wp-json\/wp\/v2\/posts\/346\/revisions"}],"predecessor-version":[{"id":5454,"href":"https:\/\/www.gerec.fi\/en\/wp-json\/wp\/v2\/posts\/346\/revisions\/5454"}],"wp:attachment":[{"href":"https:\/\/www.gerec.fi\/en\/wp-json\/wp\/v2\/media?parent=346"}],"wp:term":[{"taxonomy":"category","embeddable":true,"href":"https:\/\/www.gerec.fi\/en\/wp-json\/wp\/v2\/categories?post=346"},{"taxonomy":"post_tag","embeddable":true,"href":"https:\/\/www.gerec.fi\/en\/wp-json\/wp\/v2\/tags?post=346"}],"curies":[{"name":"wp","href":"https:\/\/api.w.org\/{rel}","templated":true}]}}