{"id":344,"date":"2018-12-11T20:17:07","date_gmt":"2018-12-11T20:17:07","guid":{"rendered":"https:\/\/gerec.fi\/2018\/12\/11\/pohjoismaisen-gerontologikongressin-symposiumehdotusten-viimeinen-jattopaiva-on-30\/"},"modified":"2019-02-21T17:31:35","modified_gmt":"2019-02-21T15:31:35","slug":"","status":"publish","type":"post","link":"https:\/\/www.gerec.fi\/en\/pohjoismaisen-gerontologikongressin-symposiumehdotusten-viimeinen-jattopaiva-on-30\/","title":{"rendered":"","raw":""},"content":{"rendered":"","protected":false,"raw":""},"excerpt":{"rendered":"23NKG symposiumehdotukset tulee l\u00e4hett\u00e4\u00e4 syyskuun loppuun menness\u00e4. Englanninkieliset ehdotukset milt\u00e4 tahansa gerontologian osa-alueelta ovat tervetulleita. Tarkat ohjeet l\u00f6ytyv\u00e4t 23NKG sivuilta. Gerontologian tutkimuskeskusPL 35, 40014 Jyv\u00e4skyl\u00e4n yliopistoK\u00e4yntiosoite: Rautpohjankatu 8Gerontologian tutkimuskeskus33014 Tampereen yliopistoK\u00e4yntiosoite: Arvo Ylp\u00f6n katu 34","protected":false,"raw":""},"author":1,"featured_media":0,"comment_status":"open","ping_status":"open","sticky":false,"template":"","format":"standard","meta":{"_mi_skip_tracking":false,"_fi_post_content":"<div id=\"articleHeader\"><\/div>                                                                                                                                                                                                                     <div id=\"parent-fieldname-description\">                   23NKG symposiumehdotukset tulee l\u00e4hett\u00e4\u00e4 syyskuun loppuun menness\u00e4. Englanninkieliset ehdotukset milt\u00e4 tahansa gerontologian osa-alueelta ovat tervetulleita.                 <\/div>                                                                                                                       <div id=\"content-core\">                                                             <div id=\"parent-fieldname-text\">            <p>Tarkat ohjeet l\u00f6ytyv\u00e4t <a href=\"http:\/\/23nkg.fi\/call_for_abstracts.html\"  target=\"_blank\">23NKG sivuilta<\/a>.<\/p>        <\/div>                                                                                                                              <div id=\"portal-footer-wrapper\">    <div id=\"portal-footer\">            <div id=\"portal-footer-content\"><table><tbody><tr><td colspan=\"2\"><p>Gerontologian tutkimuskeskus<\/p><p>PL 35, <br \/>40014 Jyv\u00e4skyl\u00e4n yliopisto<\/p><p>K\u00e4yntiosoite: Rautpohjankatu 8<\/p><\/td><td colspan=\"2\"><p>Gerontologian tutkimuskeskus<\/p><p>33014 Tampereen yliopisto<\/p>K\u00e4yntiosoite: Arvo Ylp\u00f6n katu 34<\/td><\/tr><\/tbody><\/table><\/div>    ","_fi_post_name":"pohjoismaisen-gerontologikongressin-symposiumehdotusten-viimeinen-jattopaiva-on-30","_fi_post_excerpt":"","_fi_post_title":"Pohjoismaisen gerontologikongressin symposiumehdotusten viimeinen j\u00e4tt\u00f6p\u00e4iv\u00e4 on 30.9.2015.","_en_post_content":"","_en_post_name":"","_en_post_excerpt":"","_en_post_title":"","edit_language":"en","footnotes":""},"categories":[130,1],"tags":[],"class_list":["post-344","post","type-post","status-publish","format-standard","hentry","category-tiedeuutiset","category-yleinen","entry","no-media"],"_links":{"self":[{"href":"https:\/\/www.gerec.fi\/en\/wp-json\/wp\/v2\/posts\/344","targetHints":{"allow":["GET"]}}],"collection":[{"href":"https:\/\/www.gerec.fi\/en\/wp-json\/wp\/v2\/posts"}],"about":[{"href":"https:\/\/www.gerec.fi\/en\/wp-json\/wp\/v2\/types\/post"}],"author":[{"embeddable":true,"href":"https:\/\/www.gerec.fi\/en\/wp-json\/wp\/v2\/users\/1"}],"replies":[{"embeddable":true,"href":"https:\/\/www.gerec.fi\/en\/wp-json\/wp\/v2\/comments?post=344"}],"version-history":[{"count":1,"href":"https:\/\/www.gerec.fi\/en\/wp-json\/wp\/v2\/posts\/344\/revisions"}],"predecessor-version":[{"id":5472,"href":"https:\/\/www.gerec.fi\/en\/wp-json\/wp\/v2\/posts\/344\/revisions\/5472"}],"wp:attachment":[{"href":"https:\/\/www.gerec.fi\/en\/wp-json\/wp\/v2\/media?parent=344"}],"wp:term":[{"taxonomy":"category","embeddable":true,"href":"https:\/\/www.gerec.fi\/en\/wp-json\/wp\/v2\/categories?post=344"},{"taxonomy":"post_tag","embeddable":true,"href":"https:\/\/www.gerec.fi\/en\/wp-json\/wp\/v2\/tags?post=344"}],"curies":[{"name":"wp","href":"https:\/\/api.w.org\/{rel}","templated":true}]}}