{"id":336,"date":"2018-12-11T20:17:07","date_gmt":"2018-12-11T20:17:07","guid":{"rendered":"https:\/\/gerec.fi\/2018\/12\/11\/suomen-akatemian-tutkiva-tyopaja-kulttuurit-hyvinvointi-ja-terveys-30\/"},"modified":"2019-02-21T17:31:36","modified_gmt":"2019-02-21T15:31:36","slug":"","status":"publish","type":"post","link":"https:\/\/www.gerec.fi\/en\/suomen-akatemian-tutkiva-tyopaja-kulttuurit-hyvinvointi-ja-terveys-30\/","title":{"rendered":"","raw":""},"content":{"rendered":"","protected":false,"raw":""},"excerpt":{"rendered":"Tutkivassa ty\u00f6pajassa Jyv\u00e4skyl\u00e4n yliopistolla pohditaan tutkijoiden ja eri hallintosektoreiden asiantuntijoiden kesken, miten kulttuuri ja hyvinvointi kytkeytyv\u00e4t toisiinsa, miksi kulttuurin hyvinvointimahdollisuuksien tunnistaminen on ajankohtaista, mit\u00e4 tutkimustarpeita tunnistetaan, millaisia yhteisty\u00f6n ja verkottumisen foorumeita on ja millaisia tarvitaan. TUTKIVA TY\u00d6PAJA\u00a0KULTTUURIT, HYVINVOINTI JA TERVEYS-&hellip;","protected":false,"raw":""},"author":1,"featured_media":0,"comment_status":"open","ping_status":"open","sticky":false,"template":"","format":"standard","meta":{"_mi_skip_tracking":false,"_fi_post_content":"<div id=\"articleHeader\"><\/div>                                                                                                                                                                                                                     <div id=\"parent-fieldname-description\">                   Tutkivassa ty\u00f6pajassa Jyv\u00e4skyl\u00e4n yliopistolla pohditaan tutkijoiden ja eri hallintosektoreiden asiantuntijoiden kesken, miten kulttuuri ja hyvinvointi kytkeytyv\u00e4t toisiinsa, miksi kulttuurin hyvinvointimahdollisuuksien tunnistaminen on ajankohtaista, mit\u00e4 tutkimustarpeita tunnistetaan, millaisia yhteisty\u00f6n ja verkottumisen foorumeita on ja millaisia tarvitaan.                <\/div>                                                                                                                       <div id=\"content-core\">                                                             <div id=\"parent-fieldname-text\">            <p>TUTKIVA TY\u00d6PAJA<\/p><p>\u00a0<strong>KULTTUURIT, HYVINVOINTI JA TERVEYS<\/strong><br \/>- kehityksen ja tutkimuksen uudet suunnat ja yhteisty\u00f6<\/p><p><strong>Aika: <\/strong><strong>maanantai 30.11.2015 klo 11.00-16.45<\/strong><\/p><p><strong>Paikka: Jyv\u00e4skyl\u00e4n p\u00e4\u00e4kirjasto, Minnansali, Vapaudenkatu 39-40<\/strong><\/p><p>Tutkivassa ty\u00f6pajassa pohditaan tutkijoiden ja eri hallintosektoreiden asiantuntijoiden kesken, miten kulttuuri ja hyvinvointi kytkeytyv\u00e4t toisiinsa, miksi kulttuurin hyvinvointimahdollisuuksien tunnistaminen on ajankohtaista, mit\u00e4 tutkimustarpeita tunnistetaan, millaisia yhteisty\u00f6n ja verkottumisen foorumeita on ja millaisia tarvitaan.<\/p><p>\u00a0Ty\u00f6pajassa n\u00e4hd\u00e4\u00e4n my\u00f6s teemaan liittyvi\u00e4 tutkimushankkeita esittelev\u00e4 posterin\u00e4yttely.<\/p><p>\u00a0Lis\u00e4tietoja: tiedeasiantuntija Tiina Forsman p. 0295 33 5013, etunimi.sukunimi@aka.fi.<\/p><p><strong>Ohjelma<\/strong><\/p><p><strong>11.00 \u2013 11.45 Ilmoittautuminen ja lounas, sali 1<\/strong><br \/>Posterin\u00e4yttely, Minnansali<br \/><strong>11.45 \u2013 12.00 Tilaisuuden avaus ja tavoitteet<\/strong><\/p><p>\u00a0Ihminen kulttuuria omaksuvana ja luovana olentona, osallisuus ja muutos<br \/><em>Professori Pauline von Bonsdorff, Kulttuurin ja yhteiskunnan tutkimuksen toimikunta, Suomen Akatemia<\/em><br \/><em>Professori Sarianna Sipil\u00e4, Terveyden tutkimuksen toimikunta, Suomen Akatemia <\/em><\/p><p><strong>12.00 \u2013 13.15 N\u00e4k\u00f6kulmia kulttuurin ja hyvinvoinnin kytk\u00f6ksist\u00e4 (10min. esitykset)<\/strong><\/p><p>\u2022Taiteista hyvinvointia: suuntana tasa-arvoinen, mukaan ottava ja luova Suomi<br \/><em>Yliopistonlehtori Kai Lehikoinen, Taideyliopisto<\/em><\/p><p>\u00a0\u2022Hyvinvointi: kehollisuus, k\u00e4sill\u00e4 tekeminen ja muotoilu<br \/><em>Professori Pirita Seitamaa-Hakkarainen, Helsingin yliopisto<\/em><\/p><p>\u2022Kulttuuri lasten ja nuorten arjessa<br \/><em>Tutkijatohtori Elina Pekkarinen, Nuorisotutkimusverkosto<\/em><\/p><p>\u2022Mielen hyvinvointi ja ik\u00e4<br \/><em>Tutkimusjohtaja Katja Kokko, Jyv\u00e4skyl\u00e4n yliopisto<\/em><\/p><p>\u2022Yhdyskuntasuunnittelu ja hyvinvointi <br \/><em>Professori Marketta Kytt\u00e4, Aalto-yliopisto <\/em><\/p><p>\u2022Musiikki ja mieli <br \/><em>Professori Jaakko Erkkil\u00e4, Jyv\u00e4skyl\u00e4n yliopisto<\/em><\/p><p>\u2022Taiteen hyvinvointivaikutusten arviointi <br \/><em>Professori Marja-Liisa Honkasalo, Turun yliopisto <\/em><\/p><p><strong>13.15 \u2013 13.30 Keskustelua <\/strong><\/p><p><strong>13.30 \u2013 14.00 Taide laitosymp\u00e4rist\u00f6ss\u00e4 \u2013 demo ja kokemusten ja vastaanoton esittely<\/strong><\/p><p>\u201dOodi kellolle y\u00f6ss\u00e4\u201d (Pablo Neruda)<br \/><em>N\u00e4yttelij\u00e4 Jussi Lehtonen ja muusikko Mikko Perkola<\/em><\/p><p><strong>14.00 \u2013 14.20 Kahvi ja jaloittelua<\/strong><\/p><p><strong>14.20 \u2013 15.30 Oppimiskahvila \u2013 kulttuurin ja hyvinvoinnin kytk\u00f6ksi\u00e4 <\/strong><\/p><p>Teemaryhm\u00e4t:<br \/>\u2022Taide ja hyvinvointi kuuluvat kaikille \u2013 osallistavuus <br \/>\u2022Yhdyskuntasuunnittelu ja hyvinvointi<br \/>\u2022Taide, kulttuuri ja palveluj\u00e4rjestelm\u00e4t<\/p><p>Kysymyksi\u00e4 pohdittavaksi:<\/p><p>o Kehityksen pullonkaulat<\/p><p>o Tulevaisuuden lippulaivat<\/p><p>o Tutkimustarpeet<\/p><p><strong>15.40 \u2013 16.45 Teemakeskustelujen esittely <\/strong><\/p><p>Kommenttipuheenvuoroja<br \/><em>Neuvotteleva virkamies Ismo Suksi, Sosiaali- ja terveysministeri\u00f6<\/em><br \/><em>Kulttuuriasianneuvos Petra Havu, Opetus- ja kulttuuriministeri\u00f6<\/em><\/p><p>Keskustelua<\/p><p><strong>16.45 Tilaisuuden p\u00e4\u00e4tt\u00e4minen<\/strong><\/p>        <\/div>                                                                                                                  ","_fi_post_name":"suomen-akatemian-tutkiva-tyopaja-kulttuurit-hyvinvointi-ja-terveys-30","_fi_post_excerpt":"","_fi_post_title":"Suomen Akatemian Tutkiva ty\u00f6paja: kulttuurit, hyvinvointi ja terveys 30.11.2015","_en_post_content":"","_en_post_name":"","_en_post_excerpt":"","_en_post_title":"","edit_language":"en","footnotes":""},"categories":[130,1],"tags":[],"class_list":["post-336","post","type-post","status-publish","format-standard","hentry","category-tiedeuutiset","category-yleinen","entry","no-media"],"_links":{"self":[{"href":"https:\/\/www.gerec.fi\/en\/wp-json\/wp\/v2\/posts\/336","targetHints":{"allow":["GET"]}}],"collection":[{"href":"https:\/\/www.gerec.fi\/en\/wp-json\/wp\/v2\/posts"}],"about":[{"href":"https:\/\/www.gerec.fi\/en\/wp-json\/wp\/v2\/types\/post"}],"author":[{"embeddable":true,"href":"https:\/\/www.gerec.fi\/en\/wp-json\/wp\/v2\/users\/1"}],"replies":[{"embeddable":true,"href":"https:\/\/www.gerec.fi\/en\/wp-json\/wp\/v2\/comments?post=336"}],"version-history":[{"count":1,"href":"https:\/\/www.gerec.fi\/en\/wp-json\/wp\/v2\/posts\/336\/revisions"}],"predecessor-version":[{"id":5464,"href":"https:\/\/www.gerec.fi\/en\/wp-json\/wp\/v2\/posts\/336\/revisions\/5464"}],"wp:attachment":[{"href":"https:\/\/www.gerec.fi\/en\/wp-json\/wp\/v2\/media?parent=336"}],"wp:term":[{"taxonomy":"category","embeddable":true,"href":"https:\/\/www.gerec.fi\/en\/wp-json\/wp\/v2\/categories?post=336"},{"taxonomy":"post_tag","embeddable":true,"href":"https:\/\/www.gerec.fi\/en\/wp-json\/wp\/v2\/tags?post=336"}],"curies":[{"name":"wp","href":"https:\/\/api.w.org\/{rel}","templated":true}]}}