{"id":334,"date":"2018-12-11T20:17:07","date_gmt":"2018-12-11T20:17:07","guid":{"rendered":"https:\/\/gerec.fi\/2018\/12\/11\/gerecin-facebook-sivut-on-avattu\/"},"modified":"2019-02-21T17:31:34","modified_gmt":"2019-02-21T15:31:34","slug":"","status":"publish","type":"post","link":"https:\/\/www.gerec.fi\/en\/gerecin-facebook-sivut-on-avattu\/","title":{"rendered":"","raw":""},"content":{"rendered":"","protected":false,"raw":""},"excerpt":{"rendered":"GEREC on Facebookissa! Gerontologian tutkimuskeskuksen sivu l\u00f6ytyy hakuvalikon kautta, kun sy\u00f6t\u00e4t kentt\u00e4\u00e4n \u201dGEREC\u201d. Suora linkki on https:\/\/www.facebook.com\/gerontologiantutkimuskeskus\/K\u00e4yth\u00e4n tykk\u00e4\u00e4m\u00e4ss\u00e4 sivusta sek\u00e4 kutsut kaikki aihepiirist\u00e4 kiinnostuneet my\u00f6s sivun tykk\u00e4\u00e4jiksi. Facebook on k\u00e4ytetyin sosiaalisen median kanava ja tarjoaa mahdollisuuden tehd\u00e4 tutkimuskeskusta ja sen&hellip;","protected":false,"raw":""},"author":1,"featured_media":0,"comment_status":"open","ping_status":"open","sticky":false,"template":"","format":"standard","meta":{"_mi_skip_tracking":false,"_fi_post_content":"<div id=\"articleHeader\"><\/div>                                                                                                                                                                                                                     <div id=\"parent-fieldname-description\">                   GEREC on Facebookissa!  Gerontologian tutkimuskeskuksen sivu l\u00f6ytyy hakuvalikon kautta, kun sy\u00f6t\u00e4t kentt\u00e4\u00e4n \u201dGEREC\u201d. Suora linkki on https:\/\/www.facebook.com\/gerontologiantutkimuskeskus\/K\u00e4yth\u00e4n tykk\u00e4\u00e4m\u00e4ss\u00e4 sivusta sek\u00e4 kutsut kaikki aihepiirist\u00e4 kiinnostuneet my\u00f6s sivun tykk\u00e4\u00e4jiksi. Facebook on k\u00e4ytetyin sosiaalisen median kanava ja tarjoaa mahdollisuuden tehd\u00e4 tutkimuskeskusta ja sen  ty\u00f6t\u00e4 n\u00e4kyv\u00e4ksi my\u00f6s laajemmalle yleis\u00f6lle.                 <\/div>                                                                                                                                                                                                        ","_fi_post_name":"gerecin-facebook-sivut-on-avattu","_fi_post_excerpt":"","_fi_post_title":"GERECin Facebook sivut on avattu","_en_post_content":"","_en_post_name":"","_en_post_excerpt":"","_en_post_title":"","edit_language":"en","footnotes":""},"categories":[130,1],"tags":[],"class_list":["post-334","post","type-post","status-publish","format-standard","hentry","category-tiedeuutiset","category-yleinen","entry","no-media"],"_links":{"self":[{"href":"https:\/\/www.gerec.fi\/en\/wp-json\/wp\/v2\/posts\/334","targetHints":{"allow":["GET"]}}],"collection":[{"href":"https:\/\/www.gerec.fi\/en\/wp-json\/wp\/v2\/posts"}],"about":[{"href":"https:\/\/www.gerec.fi\/en\/wp-json\/wp\/v2\/types\/post"}],"author":[{"embeddable":true,"href":"https:\/\/www.gerec.fi\/en\/wp-json\/wp\/v2\/users\/1"}],"replies":[{"embeddable":true,"href":"https:\/\/www.gerec.fi\/en\/wp-json\/wp\/v2\/comments?post=334"}],"version-history":[{"count":1,"href":"https:\/\/www.gerec.fi\/en\/wp-json\/wp\/v2\/posts\/334\/revisions"}],"predecessor-version":[{"id":5375,"href":"https:\/\/www.gerec.fi\/en\/wp-json\/wp\/v2\/posts\/334\/revisions\/5375"}],"wp:attachment":[{"href":"https:\/\/www.gerec.fi\/en\/wp-json\/wp\/v2\/media?parent=334"}],"wp:term":[{"taxonomy":"category","embeddable":true,"href":"https:\/\/www.gerec.fi\/en\/wp-json\/wp\/v2\/categories?post=334"},{"taxonomy":"post_tag","embeddable":true,"href":"https:\/\/www.gerec.fi\/en\/wp-json\/wp\/v2\/tags?post=334"}],"curies":[{"name":"wp","href":"https:\/\/api.w.org\/{rel}","templated":true}]}}