{"id":332,"date":"2018-12-11T20:17:07","date_gmt":"2018-12-11T20:17:07","guid":{"rendered":"https:\/\/gerec.fi\/2018\/12\/11\/laaja-medianakyvyys-gerecin-tutkimushankkeelle-kohti-kaksitahti-suomea\/"},"modified":"2019-02-21T17:41:51","modified_gmt":"2019-02-21T15:41:51","slug":"","status":"publish","type":"post","link":"https:\/\/www.gerec.fi\/en\/laaja-medianakyvyys-gerecin-tutkimushankkeelle-kohti-kaksitahti-suomea\/","title":{"rendered":"","raw":""},"content":{"rendered":"","protected":false,"raw":""},"excerpt":{"rendered":"KONEen s\u00e4\u00e4ti\u00f6n ja Ty\u00f6suojelurahaston rahoittama hanke Kohti kaksitahti-Suomea: Ty\u00f6urien pidennys, el\u00e4k\u00f6itymisen polut ja eriarvoistuva vanhuus sai laajaa n\u00e4kyvyytt\u00e4 eri medioissa joulukuussa 2015. Hanke on tehnyt mediayhteisty\u00f6t\u00e4 YLEn toimittaja Tiina Merikannon kanssa jo suunnitteluvaiheesta l\u00e4htien ja t\u00e4m\u00e4 yhteisty\u00f6 my\u00f6s jatkuu my\u00f6s&hellip;","protected":false,"raw":""},"author":1,"featured_media":0,"comment_status":"open","ping_status":"open","sticky":false,"template":"","format":"standard","meta":{"_mi_skip_tracking":false,"_fi_post_content":"<div id=\"articleHeader\"><\/div>                                                                                                                                                                                                                     <div id=\"parent-fieldname-description\">                   KONEen s\u00e4\u00e4ti\u00f6n ja Ty\u00f6suojelurahaston rahoittama hanke Kohti kaksitahti-Suomea: Ty\u00f6urien pidennys, el\u00e4k\u00f6itymisen polut ja eriarvoistuva vanhuus sai laajaa n\u00e4kyvyytt\u00e4 eri medioissa joulukuussa 2015. Hanke on tehnyt mediayhteisty\u00f6t\u00e4 YLEn toimittaja Tiina Merikannon kanssa jo suunnitteluvaiheesta l\u00e4htien ja t\u00e4m\u00e4 yhteisty\u00f6 my\u00f6s jatkuu my\u00f6s tulevaisuudessa.                 <\/div>                                                                                                                       <div id=\"content-core\">                                                             <div id=\"parent-fieldname-text\">            <p>Hankkeen kuluessa seurataan ik\u00e4\u00e4ntyneiden (50v+) ty\u00f6tt\u00f6mien arkea tuoreeltaan t\u00f6iden loppumisen j\u00e4lkeen. Yritys-casena toimii Suomen POSTI. Tutkimus k\u00e4\u00e4nt\u00e4\u00e4 katseen kohti eriarvoistumis- ja syrj\u00e4ytymiskehityst\u00e4, jossa ik\u00e4\u00e4ntyneet ty\u00f6ntekij\u00e4t j\u00e4\u00e4v\u00e4t ty\u00f6tt\u00f6miksi tai heid\u00e4t siirret\u00e4\u00e4n ennenaikaiselle el\u00e4kkeelle jo ennen virallista el\u00e4keik\u00e4\u00e4. Hankkeen l\u00e4ht\u00f6kohtana onkin paradoksi, joka syntyy tavoitteesta pident\u00e4\u00e4 ty\u00f6uria samalla kun taloustilanne tuottaa lis\u00e4\u00e4ntyv\u00e4\u00e4 ty\u00f6tt\u00f6myytt\u00e4, toistuvia yt-neuvotteluja ja erityisesti keski-ik\u00e4isen ja ik\u00e4\u00e4ntyneen ty\u00f6v\u00e4est\u00f6n tuntuvaa ja tavanomaista aikaisempaa poistumista ty\u00f6markkinoilta.<\/p><p>Hankkeen vastuullinen johtaja Pirjo Nikander ja toimittaja Tiina Merikanto olivat YLE Radio Suomen Ajantasan haastateltavina ja Aamu-TV:n l\u00e4hetyksess\u00e4, jossa aiheena oli tieteen ja median yhteisty\u00f6. Lis\u00e4ksi hankkeen keskeiseen kysymykseen: <i>Yli viisikymppiset eiv\u00e4t kelpaa en\u00e4\u00e4 ty\u00f6markkinoille. Kasvaako heist\u00e4 uusi el\u00e4kel\u00e4isk\u00f6yhien ryhm\u00e4?<\/i> keskityttiin A-studion illan l\u00e4hetyksess\u00e4.<\/p><p>Lis\u00e4ksi hanke tuotti YLEn verkkosivuille sek\u00e4 journalistista ett\u00e4 tutkijan\u00e4kykulmista kirjoitettuja tekstej\u00e4.<\/p><p><b>Tarkemmat linkit ohjelmiin ja YLEn verkkosivujen juttukokonaisuuksiin alla:<\/b><\/p><p><b>Aamu-TV, 14.12.2015 YLE TV1: Tieteen ja median yhteisty\u00f6<\/b><\/p><p>Haastattelija: toimittaja Teresa Meril\u00e4inen (YLE)<\/p><p>Haastateltavina:<\/p><p>Dos. Pirjo Nikander (Tampereen yliopisto)<\/p><p>prof. Mikko Niemel\u00e4 (Turun yliopisto)<\/p><p>prof. Per Mickwich (Strateginen tutkimusneuvosto pj.)<\/p><p>toimittaja Tiina Merikanto (YLE)<\/p><p><a href=\"http:\/\/areena.yle.fi\/1-3195109?autoplay=true\"  target=\"_blank\">http:\/\/areena.yle.fi\/1-3195109?autoplay=true<\/a><\/p><p><b>YLE, Radio Suomi: Ajantasa <\/b><\/p><p>Toimittaja: Aki Laine<\/p><p>Studiossa: toimittaja Tiina Merikanto ja tutkija, dos. Pirjo Nikander<\/p><p><a href=\"http:\/\/areena.yle.fi\/1-3143130\"  target=\"_blank\">http:\/\/areena.yle.fi\/1-3143130<\/a><\/p><p>(tarkempi kohta noin 35.min)<\/p><p><b>A-STUDIO: ma 14.12.2015 21.00 Yle TV1 Yli viisikymppiset eiv\u00e4t kelpaa en\u00e4\u00e4 ty\u00f6markkinoille. Kasvaako<\/b> <b>heist\u00e4 uusi el\u00e4kel\u00e4isk\u00f6yhien ryhm\u00e4?<\/b><\/p><p>Haastattelija Annika Damstr\u00f6m<\/p><p>Haastateltavana: Dosentti Pirjo Nikander ja kansanedustaja Sanna Lauslahti (kok)<\/p><p><a href=\"http:\/\/areena.yle.fi\/1-2446905\"  target=\"_blank\">http:\/\/areena.yle.fi\/1-2446905<\/a><\/p><p><b>YLEn verkkosivut:<\/b><\/p><p>\u00a0Dos. Pirjo Nikander: Tutkijan n\u00e4k\u00f6kulma: Meill\u00e4 on yh\u00e4 enemm\u00e4n el\u00e4kel\u00e4isi\u00e4 k\u00f6yhi\u00e4 (yle.fi kotimaa) 15.12.2015<\/p><p><a href=\"http:\/\/yle.fi\/uutiset\/tutkijan_nakokulma_meilla_on_yha_enemman_elakelaisia_koyhia\/8505593\"  target=\"_blank\">http:\/\/yle.fi\/uutiset\/tutkijan_nakokulma_meilla_on_yha_enemman_elakelaisia_koyhia\/8505593<\/a><\/p><p>Dos. Pirjo Nikander: Tutkijan kommentti: Me ja toimittaja saman aiheen \u00e4\u00e4rell\u00e4 \u2013 Win-win? (yle kotimaa 14.12.2015)<\/p><p><a href=\"http:\/\/yle.fi\/uutiset\/tutkijan_kommentti_me_ja_toimittaja_saman_aiheen_aarella__win-win\/8505451\"  target=\"_blank\">http:\/\/yle.fi\/uutiset\/tutkijan_kommentti_me_ja_toimittaja_saman_aiheen_aarella__win-win\/8505451<\/a><\/p><p>Toimittaja Tiina Merikannon juttusarja:<\/p><p><a href=\"http:\/\/yle.fi\/uutiset\/elamaa_postin_jalkeen__ylen_juttusarjan_ensimmainen_osa_entisten_postilaisten_uudesta_elamasta\/8520672\"  target=\"_blank\">http:\/\/yle.fi\/uutiset\/elamaa_postin_jalkeen__ylen_juttusarjan_ensimmainen_osa_entisten_postilaisten_uudesta_elamasta\/8520672<\/a><\/p><p>Hankkeen verkkosivulinkki: <a href=\"http:\/\/www.uta.fi\/yky\/2ts\/index.html\"  target=\"_blank\">http:\/\/www.uta.fi\/yky\/2ts\/index.html<\/a><\/p>        <\/div>                                                                                                                  ","_fi_post_name":"laaja-medianakyvyys-gerecin-tutkimushankkeelle-kohti-kaksitahti-suomea","_fi_post_excerpt":"","_fi_post_title":"Laaja median\u00e4kyvyys GERECin tutkimushankkeelle Kohti kaksitahti-Suomea.","_en_post_content":"","_en_post_name":"","_en_post_excerpt":"","_en_post_title":"","edit_language":"en","footnotes":""},"categories":[130,1],"tags":[],"class_list":["post-332","post","type-post","status-publish","format-standard","hentry","category-tiedeuutiset","category-yleinen","entry","no-media"],"_links":{"self":[{"href":"https:\/\/www.gerec.fi\/en\/wp-json\/wp\/v2\/posts\/332","targetHints":{"allow":["GET"]}}],"collection":[{"href":"https:\/\/www.gerec.fi\/en\/wp-json\/wp\/v2\/posts"}],"about":[{"href":"https:\/\/www.gerec.fi\/en\/wp-json\/wp\/v2\/types\/post"}],"author":[{"embeddable":true,"href":"https:\/\/www.gerec.fi\/en\/wp-json\/wp\/v2\/users\/1"}],"replies":[{"embeddable":true,"href":"https:\/\/www.gerec.fi\/en\/wp-json\/wp\/v2\/comments?post=332"}],"version-history":[{"count":1,"href":"https:\/\/www.gerec.fi\/en\/wp-json\/wp\/v2\/posts\/332\/revisions"}],"predecessor-version":[{"id":5373,"href":"https:\/\/www.gerec.fi\/en\/wp-json\/wp\/v2\/posts\/332\/revisions\/5373"}],"wp:attachment":[{"href":"https:\/\/www.gerec.fi\/en\/wp-json\/wp\/v2\/media?parent=332"}],"wp:term":[{"taxonomy":"category","embeddable":true,"href":"https:\/\/www.gerec.fi\/en\/wp-json\/wp\/v2\/categories?post=332"},{"taxonomy":"post_tag","embeddable":true,"href":"https:\/\/www.gerec.fi\/en\/wp-json\/wp\/v2\/tags?post=332"}],"curies":[{"name":"wp","href":"https:\/\/api.w.org\/{rel}","templated":true}]}}