{"id":330,"date":"2018-12-11T20:17:07","date_gmt":"2018-12-11T20:17:07","guid":{"rendered":"https:\/\/gerec.fi\/2018\/12\/11\/gerec-ja-cost-action-ageism-1\/"},"modified":"2019-02-21T17:41:50","modified_gmt":"2019-02-21T15:41:50","slug":"","status":"publish","type":"post","link":"https:\/\/www.gerec.fi\/en\/gerec-ja-cost-action-ageism-1\/","title":{"rendered":"","raw":""},"content":{"rendered":"","protected":false,"raw":""},"excerpt":{"rendered":"GERECn tutkijat osallistuvat Cost Action Ageism\u00b4n toimintaan. Lue uutiskirje t\u00e4st\u00e4. Gerontologian tutkimuskeskusPL 35, 40014 Jyv\u00e4skyl\u00e4n yliopistoK\u00e4yntiosoite: Rautpohjankatu 8Gerontologian tutkimuskeskus33014 Tampereen yliopistoK\u00e4yntiosoite: Arvo Ylp\u00f6n katu 34","protected":false,"raw":""},"author":1,"featured_media":0,"comment_status":"open","ping_status":"open","sticky":false,"template":"","format":"standard","meta":{"_mi_skip_tracking":false,"_fi_post_content":"<div id=\"articleHeader\"><\/div>                                                                                                                                                                                                                     <div id=\"parent-fieldname-description\">                   GERECn tutkijat osallistuvat Cost Action Ageism\u00b4n toimintaan.                <\/div>                                                                                                                       <div id=\"content-core\">                                                             <div id=\"parent-fieldname-text\">            <p>Lue uutiskirje <a href=\"http:\/\/www.gerec.fi\/ajankohtaista\/cost-action-ageism\"  target=\"_blank\">t\u00e4st\u00e4<\/a>.<\/p>        <\/div>                                                                                                                              <div id=\"portal-footer-wrapper\">    <div id=\"portal-footer\">            <div id=\"portal-footer-content\"><table><tbody><tr><td colspan=\"2\"><p>Gerontologian tutkimuskeskus<\/p><p>PL 35, <br \/>40014 Jyv\u00e4skyl\u00e4n yliopisto<\/p><p>K\u00e4yntiosoite: Rautpohjankatu 8<\/p><\/td><td colspan=\"2\"><p>Gerontologian tutkimuskeskus<\/p><p>33014 Tampereen yliopisto<\/p>K\u00e4yntiosoite: Arvo Ylp\u00f6n katu 34<\/td><\/tr><\/tbody><\/table><\/div>    ","_fi_post_name":"gerec-ja-cost-action-ageism-1","_fi_post_excerpt":"","_fi_post_title":"GEREC ja COST Action Ageism","_en_post_content":"","_en_post_name":"","_en_post_excerpt":"","_en_post_title":"","edit_language":"en","footnotes":""},"categories":[130,1],"tags":[],"class_list":["post-330","post","type-post","status-publish","format-standard","hentry","category-tiedeuutiset","category-yleinen","entry","no-media"],"_links":{"self":[{"href":"https:\/\/www.gerec.fi\/en\/wp-json\/wp\/v2\/posts\/330","targetHints":{"allow":["GET"]}}],"collection":[{"href":"https:\/\/www.gerec.fi\/en\/wp-json\/wp\/v2\/posts"}],"about":[{"href":"https:\/\/www.gerec.fi\/en\/wp-json\/wp\/v2\/types\/post"}],"author":[{"embeddable":true,"href":"https:\/\/www.gerec.fi\/en\/wp-json\/wp\/v2\/users\/1"}],"replies":[{"embeddable":true,"href":"https:\/\/www.gerec.fi\/en\/wp-json\/wp\/v2\/comments?post=330"}],"version-history":[{"count":1,"href":"https:\/\/www.gerec.fi\/en\/wp-json\/wp\/v2\/posts\/330\/revisions"}],"predecessor-version":[{"id":5371,"href":"https:\/\/www.gerec.fi\/en\/wp-json\/wp\/v2\/posts\/330\/revisions\/5371"}],"wp:attachment":[{"href":"https:\/\/www.gerec.fi\/en\/wp-json\/wp\/v2\/media?parent=330"}],"wp:term":[{"taxonomy":"category","embeddable":true,"href":"https:\/\/www.gerec.fi\/en\/wp-json\/wp\/v2\/categories?post=330"},{"taxonomy":"post_tag","embeddable":true,"href":"https:\/\/www.gerec.fi\/en\/wp-json\/wp\/v2\/tags?post=330"}],"curies":[{"name":"wp","href":"https:\/\/api.w.org\/{rel}","templated":true}]}}