{"id":33,"date":"2018-10-10T10:08:43","date_gmt":"2018-10-10T08:08:43","guid":{"rendered":"https:\/\/gerec.fi\/vaitos-19-10-liikkumiskyky-edellyttaa-fyysisen-toimintakyvyn-lisaksi-myos-tiedonkasittelya\/"},"modified":"2019-02-21T17:41:52","modified_gmt":"2019-02-21T15:41:52","slug":"","status":"publish","type":"post","link":"https:\/\/www.gerec.fi\/en\/vaitos-19-10-liikkumiskyky-edellyttaa-fyysisen-toimintakyvyn-lisaksi-myos-tiedonkasittelya\/","title":{"rendered":"","raw":""},"content":{"rendered":"","protected":false,"raw":""},"excerpt":{"rendered":"Tuoreen v\u00e4it\u00f6stutkimuksen mukaan i\u00e4kk\u00e4iden henkil\u00f6iden tiedonk\u00e4sittelytoiminnot vaikuttavat heid\u00e4n liikkumisaktiivisuuteensa elinpiiriss\u00e4. TtM Taina Poranen-Clarkin gerontologian ja kansanterveyden alaan kuuluva v\u00e4it\u00f6skirjatutkimus vahvistaa tietoa aivojen tiedonk\u00e4sittelytoimintojen merkityksest\u00e4 liikkumiskyvylle. Lis\u00e4ksi tutkimus tuo lis\u00e4\u00e4 ymm\u00e4rryst\u00e4 aivoterveydest\u00e4 huolehtimisen merkityksest\u00e4 koko elinkaaren ajan. - Liikkumiskyky edellytt\u00e4\u00e4 fyysisen&hellip;","protected":false,"raw":""},"author":1,"featured_media":0,"comment_status":"closed","ping_status":"closed","sticky":false,"template":"","format":"standard","meta":{"_mi_skip_tracking":false,"_fi_post_content":"<p>Tuoreen v\u00e4it\u00f6stutkimuksen mukaan i\u00e4kk\u00e4iden henkil\u00f6iden tiedonk\u00e4sittelytoiminnot vaikuttavat heid\u00e4n liikkumisaktiivisuuteensa elinpiiriss\u00e4. TtM Taina Poranen-Clarkin gerontologian ja kansanterveyden alaan kuuluva v\u00e4it\u00f6skirjatutkimus vahvistaa tietoa aivojen tiedonk\u00e4sittelytoimintojen merkityksest\u00e4 liikkumiskyvylle. Lis\u00e4ksi tutkimus tuo lis\u00e4\u00e4 ymm\u00e4rryst\u00e4 aivoterveydest\u00e4 huolehtimisen merkityksest\u00e4 koko elinkaaren ajan.<\/p> <p>- Liikkumiskyky edellytt\u00e4\u00e4 fyysisen toimintakyvyn lis\u00e4ksi my\u00f6s tiedonk\u00e4sittely\u00e4. Samat aivoalueet ovat osallisena sek\u00e4 kognitiivisessa toiminnanohjauksessa ett\u00e4 motoristen toimintojen ohjauksessa, Poranen-Clark kiteytt\u00e4\u00e4.<\/p> <p>Tutkimuksessa liikkumiskyky\u00e4 mitattiin liikkumisaktiivisuus elinpiiriss\u00e4 mittarilla, joka kuvaa henkil\u00f6n toteutunutta liikkumista omassa elinpiiriss\u00e4\u00e4n huomioiden liikkumisen laajuuden, m\u00e4\u00e4r\u00e4n sek\u00e4 mahdollisen avun tarpeen liikkumiseen<b>. <\/b>Tutkimustulokset osoittivat, ett\u00e4 henkil\u00f6ill\u00e4, joilla oli parempi kognitiivinen toiminnanohjaus, oli my\u00f6s laajempi liikkumisaktiivisuus elinpiiriss\u00e4. T\u00e4t\u00e4 yhteytt\u00e4 selitti parempi alaraajojen toimintakyky ja se, ett\u00e4 heill\u00e4 ei ollut vaikeuksia k\u00e4ytt\u00e4\u00e4 kulkuneuvoja liikkumiseensa.<\/p> <p>- Kahden vuoden seurannassa nousi esille, ett\u00e4 kognitiivinen toiminnanohjaus on voimakkaampi ennustaja liikkumisaktiivisuudelle elinpiiriss\u00e4 kuin toisin p\u00e4in, Poranen-Clark lis\u00e4\u00e4.<\/p> <h3><b>K\u00e4\u00adve\u00adle\u00adm\u00e4\u00e4n op\u00adpi\u00admi\u00adsi\u00e4l\u00adl\u00e4 yh\u00adteyk\u00adsi\u00e4 van\u00adhuu\u00adden toi\u00admin\u00adta\u00adkykyyn<\/b><\/h3> <p>Poranen-Clark tutki v\u00e4it\u00f6skirjassaan my\u00f6s varhaislapsuuden ja varhaisen aikuisuuden yhteyksi\u00e4 vanhuuden toimintakykyyn.<\/p> <p>- El\u00e4m\u00e4nkulkututkimus mahdollistaa el\u00e4m\u00e4n alkuvaiheen kehitysvaiheiden yhteyksien tarkastelemisen suhteessa vanhuuden toimintakykyyn, Poranen-Clark toteaa.<\/p> <p>Varhaisempi k\u00e4velem\u00e4\u00e4n oppiminen ja paremmat \u00e4lylliset taidot nuoruudessa saattavat vaikuttaa my\u00f6nteisesti henkil\u00f6n toimintakykyyn vanhuudessa.<\/p> <p>-\u00a0 Varhainen lapsuus on ajankohta, jolloin tapahtuu vilkasta aivotoiminnan kehityst\u00e4 samanaikaisesti motorisen kehityksen kanssa. Varhainen aikuisuus noin kahdenkymmenen ik\u00e4vuoden tiet\u00e4mill\u00e4 on ajanjakso, jolloin aivojen kehitys on saavuttamassa huippunsa. N\u00e4ill\u00e4 kehitysvaiheilla voi olla kauaskantoisia vaikutuksia vanhuuden toimintakykyyn, Poranen-Clark lis\u00e4\u00e4.<\/p> <h3><b>Ai\u00advo\u00adter\u00advey\u00addes\u00adt\u00e4 huo\u00adleh\u00adti\u00admi\u00adnen koko el\u00e4\u00adm\u00e4n\u00adkaa\u00adren ajan tu\u00adkee toi\u00admin\u00adtaa van\u00adhuu\u00addes\u00adsa<\/b><\/h3> <p>Aivojen rakenteellinen ja toiminnallinen reservikapasiteetti karttuu koko el\u00e4m\u00e4n ajan. T\u00e4h\u00e4n vaikuttaa mm. \u00e4lykkyys, koulutus ja aivotoimintoja monipuolisesti haastava ty\u00f6. Hyv\u00e4 kognitiivinen reservikapasiteetti voi toimia puskurina dementoivista sairauksista johtuvia toimintakyvyn heikentymisi\u00e4 vastaan vanhuudessa.<\/p> <p>-\u00a0 Interventioilla, joilla aktivoitaisiin toiminnanohjauksessa tarvittavia tiedonk\u00e4sittelytoimintoja, kuten ongelmanratkaisukyky\u00e4, ty\u00f6muistin k\u00e4ytt\u00f6\u00e4, keskittymiskyky\u00e4 tai joustavaa ajattelukyky\u00e4, voitaisiin mahdollisesti parantaa ik\u00e4\u00e4ntyvien henkil\u00f6iden toimintakyky\u00e4 ja liikkumisaktiivisuutta elinpiiriss\u00e4, Poranen-Clark toteaa.<\/p> <p>Tutkimusaineistoina k\u00e4ytettiin kahden eri tutkimusprojektin aineistoja. Life-Space Mobility in Old Age (LISPE) -projektista tutkimukseen osallistui 157 henkil\u00f6\u00e4. Helsinki Birth Cohort Study -aineistosta tutkimuksessa k\u00e4ytettiin kahta osatutkimusaineistoa. Kognitiivinen kyvykkyys oli mitattu 360 varusmiehelt\u00e4 varhaisessa aikuisuudessa. Heid\u00e4n fyysist\u00e4 suorituskyky\u00e4\u00e4n arvioitiin Short Form 36 -kyselyll\u00e4 kahdesti keskim\u00e4\u00e4rin 61 vuoden sek\u00e4 71 vuoden i\u00e4ss\u00e4. Neuvolakorteista saatu k\u00e4velem\u00e4\u00e4n oppimisik\u00e4 oli tiedossa 368 miehelt\u00e4 ja naiselta, jotka osallistuivat kognitiivisiin testeihin 64 vuoden i\u00e4ss\u00e4. Tiedonk\u00e4sittelyss\u00e4 tarvittavia toimintoja mitattiin tietokonepohjaisella CogState-testist\u00f6ll\u00e4.<\/p> <p>TtM Taina Poranen-Clarkin gerontologian ja kansanterveyden v\u00e4it\u00f6skirjan \"Relationship between cognitive performance and mobility over the life course\" tarkastustilaisuus 19.10.2018 klo 12 alkaen yliopiston vanhassa juhlasalissa, S212.\u00a0Vastav\u00e4itt\u00e4j\u00e4n\u00e4 professori Eija L\u00f6nnroos (It\u00e4-Suomen yliopisto) ja kustoksena professori Taina Rantanen (Jyv\u00e4skyl\u00e4n yliopisto). V\u00e4it\u00f6stilaisuuden kieli on suomi.<\/p> <p><b><br \/>Lis\u00e4tietoja:<\/b><\/p> <ul> <li>Taina Poranen-Clark, 050 5663719, <a href=\"mailto:taina.poranen-clark@jyu.fi\">taina.poranen-clark@jyu.fi<\/a><\/li> <li>Tiedottaja Martta Walker, 040 8054717, martta.a.walker@jyu.fi<\/li> <\/ul> <p>Taina Poranen-Clark valmistui ylioppilaaksi L\u00e4nsipuiston lukiosta, Kokkolasta vuonna 1984. H\u00e4n valmistui kasvatustieteiden maisteriksi luokanopettajan koulutusohjelmasta Jyv\u00e4skyl\u00e4n ylipistosta vuonna 1993. Erikoistumisaineinaan h\u00e4nell\u00e4 oli matematiikka ja liikunta. Luokanopettajan teht\u00e4viss\u00e4 h\u00e4n on ty\u00f6skennellyt yli 15 vuotta. Terveystieteiden maisteriksi Poranen-Clark valmistui Jyv\u00e4skyl\u00e4n yliopistosta vuonna 2013, jonka j\u00e4lkeen h\u00e4n on ty\u00f6skennellyt Gerontologian tutkimuskeskuksessa, Jyv\u00e4skyl\u00e4ss\u00e4, ensin projektitutkijana ja sitten tohtorikoulutettavana. T\u00e4ll\u00e4 hetkell\u00e4 h\u00e4n ty\u00f6skentelee GeroCenter-s\u00e4\u00e4ti\u00f6n P\u00e4iv\u00e4 Farmilla -hankkeessa projektikoordinaattorina.<\/p> <p><b>Julkaisutiedot: <\/b><\/p> <p>Teos on julkaistu sarjassa JYU Dissertations 14, 78 s., Jyv\u00e4skyl\u00e4 2018, ISSN: 2489-9003; 14 ISBN: 978-951-39-7536-4 (PDF). Pysyv\u00e4 linkki v\u00e4it\u00f6skirjaan: <a href=\"https:\/\/jyx.jyu.fi\/bitstream\/handle\/123456789\/59671\/978-951-39-7536-4.pdf?sequence=1&amp;isAllowed=y\">https:\/\/jyx.jyu.fi\/bitstream\/handle\/123456789\/59671\/978-951-39-7536-4.pdf?sequence=1&amp;isAllowed=y<\/a> ISBN: 978-951-39-7536-4.<\/p> <p>\u00a0<\/p> ","_fi_post_name":"vaitos-19-10-liikkumiskyky-edellyttaa-fyysisen-toimintakyvyn-lisaksi-myos-tiedonkasittelya","_fi_post_excerpt":"","_fi_post_title":"V\u00e4it\u00f6s 19.10.: Liikkumiskyky edellytt\u00e4\u00e4 fyysisen toimintakyvyn lis\u00e4ksi my\u00f6s tiedonk\u00e4sittely\u00e4","_en_post_content":"","_en_post_name":"","_en_post_excerpt":"","_en_post_title":"","edit_language":"en","footnotes":""},"categories":[130,1],"tags":[],"class_list":["post-33","post","type-post","status-publish","format-standard","hentry","category-tiedeuutiset","category-yleinen","entry","no-media"],"_links":{"self":[{"href":"https:\/\/www.gerec.fi\/en\/wp-json\/wp\/v2\/posts\/33","targetHints":{"allow":["GET"]}}],"collection":[{"href":"https:\/\/www.gerec.fi\/en\/wp-json\/wp\/v2\/posts"}],"about":[{"href":"https:\/\/www.gerec.fi\/en\/wp-json\/wp\/v2\/types\/post"}],"author":[{"embeddable":true,"href":"https:\/\/www.gerec.fi\/en\/wp-json\/wp\/v2\/users\/1"}],"replies":[{"embeddable":true,"href":"https:\/\/www.gerec.fi\/en\/wp-json\/wp\/v2\/comments?post=33"}],"version-history":[{"count":1,"href":"https:\/\/www.gerec.fi\/en\/wp-json\/wp\/v2\/posts\/33\/revisions"}],"predecessor-version":[{"id":5348,"href":"https:\/\/www.gerec.fi\/en\/wp-json\/wp\/v2\/posts\/33\/revisions\/5348"}],"wp:attachment":[{"href":"https:\/\/www.gerec.fi\/en\/wp-json\/wp\/v2\/media?parent=33"}],"wp:term":[{"taxonomy":"category","embeddable":true,"href":"https:\/\/www.gerec.fi\/en\/wp-json\/wp\/v2\/categories?post=33"},{"taxonomy":"post_tag","embeddable":true,"href":"https:\/\/www.gerec.fi\/en\/wp-json\/wp\/v2\/tags?post=33"}],"curies":[{"name":"wp","href":"https:\/\/api.w.org\/{rel}","templated":true}]}}