{"id":327,"date":"2018-12-11T20:17:07","date_gmt":"2018-12-11T20:17:07","guid":{"rendered":"https:\/\/gerec.fi\/2018\/12\/11\/pirjo-nikander-journal-of-ageing-and-later-life-2013lehden-associate-editoriksi\/"},"modified":"2019-02-21T17:41:51","modified_gmt":"2019-02-21T15:41:51","slug":"","status":"publish","type":"post","link":"https:\/\/www.gerec.fi\/en\/pirjo-nikander-journal-of-ageing-and-later-life-2013lehden-associate-editoriksi\/","title":{"rendered":"","raw":""},"content":{"rendered":"","protected":false,"raw":""},"excerpt":{"rendered":"Pirjo Nikander Tampereen yliopistosta ja Gerecist\u00e4 valittu International Journal of Ageing and Later Life \u2013lehden associate editoriksi 1.1.2016 Kansainv\u00e4linen International Journal of Ageing and Later Life (IJAL) palvelee ik\u00e4\u00e4ntymisen sosiaalisisiin ja kulttuurisiin aspekteihin keskittyv\u00e4\u00e4 tieteellist\u00e4 tutkimusta. Lehti ottaa mielell\u00e4\u00e4n vastaan&hellip;","protected":false,"raw":""},"author":1,"featured_media":0,"comment_status":"open","ping_status":"open","sticky":false,"template":"","format":"standard","meta":{"_mi_skip_tracking":false,"_fi_post_content":"<div id=\"articleHeader\"><\/div>                                                                                                                                                                                                                     <div id=\"parent-fieldname-description\">                   Pirjo Nikander Tampereen yliopistosta ja Gerecist\u00e4 valittu International Journal of Ageing and Later Life \u2013lehden associate editoriksi 1.1.2016                <\/div>                                                                                                                       <div id=\"content-core\">                                                             <div id=\"parent-fieldname-text\">            <p>Kansainv\u00e4linen International Journal of Ageing and Later Life (IJAL) palvelee ik\u00e4\u00e4ntymisen sosiaalisisiin ja kulttuurisiin aspekteihin keskittyv\u00e4\u00e4 tieteellist\u00e4 tutkimusta. Lehti ottaa mielell\u00e4\u00e4n vastaan sek\u00e4 teoreettisia ett\u00e4 k\u00e4sitteellisi\u00e4 k\u00e4sikirjoituksia jotka edist\u00e4v\u00e4t ik\u00e4\u00e4ntymisen ilmi\u00f6iden ymm\u00e4rryst\u00e4. Lehden p\u00e4\u00e4toimittaja on Peter \u00d6berg, Ruotsi. Linkin takana tietoa lehden laajasta kansainv\u00e4lisest\u00e4 toimituskunnasta. Open access lehten\u00e4 IJAL tarjoaa my\u00f6s sinun tutkimuksellesi laajan lukijakunnan ja n\u00e4kyvyyden.<\/p><p><span><a href=\"http:\/\/www.ep.liu.se\/ej\/ijal\/editorial.html\"  target=\"_blank\">http:\/\/www.ep.liu.se\/ej\/ijal\/editorial.html<\/a><\/span><\/p><\/div>                                                                                                                  ","_fi_post_name":"pirjo-nikander-journal-of-ageing-and-later-life-2013lehden-associate-editoriksi","_fi_post_excerpt":"","_fi_post_title":"Pirjo Nikander Journal of Ageing and Later Life \u2013lehden associate editoriksi","_en_post_content":"","_en_post_name":"","_en_post_excerpt":"","_en_post_title":"","edit_language":"en","footnotes":""},"categories":[130,1],"tags":[],"class_list":["post-327","post","type-post","status-publish","format-standard","hentry","category-tiedeuutiset","category-yleinen","entry","no-media"],"_links":{"self":[{"href":"https:\/\/www.gerec.fi\/en\/wp-json\/wp\/v2\/posts\/327","targetHints":{"allow":["GET"]}}],"collection":[{"href":"https:\/\/www.gerec.fi\/en\/wp-json\/wp\/v2\/posts"}],"about":[{"href":"https:\/\/www.gerec.fi\/en\/wp-json\/wp\/v2\/types\/post"}],"author":[{"embeddable":true,"href":"https:\/\/www.gerec.fi\/en\/wp-json\/wp\/v2\/users\/1"}],"replies":[{"embeddable":true,"href":"https:\/\/www.gerec.fi\/en\/wp-json\/wp\/v2\/comments?post=327"}],"version-history":[{"count":1,"href":"https:\/\/www.gerec.fi\/en\/wp-json\/wp\/v2\/posts\/327\/revisions"}],"predecessor-version":[{"id":5368,"href":"https:\/\/www.gerec.fi\/en\/wp-json\/wp\/v2\/posts\/327\/revisions\/5368"}],"wp:attachment":[{"href":"https:\/\/www.gerec.fi\/en\/wp-json\/wp\/v2\/media?parent=327"}],"wp:term":[{"taxonomy":"category","embeddable":true,"href":"https:\/\/www.gerec.fi\/en\/wp-json\/wp\/v2\/categories?post=327"},{"taxonomy":"post_tag","embeddable":true,"href":"https:\/\/www.gerec.fi\/en\/wp-json\/wp\/v2\/tags?post=327"}],"curies":[{"name":"wp","href":"https:\/\/api.w.org\/{rel}","templated":true}]}}