{"id":326,"date":"2018-12-11T20:17:07","date_gmt":"2018-12-11T20:17:07","guid":{"rendered":"https:\/\/gerec.fi\/2018\/12\/11\/tyokyvyttomyyselakkeelle-siirtyminen-vahentaa-sairaalahoidon-tarvetta\/"},"modified":"2019-02-21T16:39:48","modified_gmt":"2019-02-21T14:39:48","slug":"","status":"publish","type":"post","link":"https:\/\/www.gerec.fi\/en\/tyokyvyttomyyselakkeelle-siirtyminen-vahentaa-sairaalahoidon-tarvetta\/","title":{"rendered":"","raw":""},"content":{"rendered":"","protected":false,"raw":""},"excerpt":{"rendered":"Uusista el\u00e4kkeensaajista noin 25 prosenttia siirtyy ty\u00f6kyvytt\u00f6myysel\u00e4kkeelle, p\u00e4\u00e4osin mielenterveyteen tai tuki- ja liikuntaelimiin liittyvien syiden vuoksi.- M\u00e4\u00e4r\u00e4 on huomattava ja siksi on t\u00e4rke\u00e4\u00e4 tiet\u00e4\u00e4, kuinka ik\u00e4\u00e4ntyminen vaikuttaa t\u00e4h\u00e4n terveytens\u00e4 puolesta haavoittuvaan ryhm\u00e4\u00e4n, dosentti Monika von Bonsdorff Jyv\u00e4skyl\u00e4n yliopistosta toteaa. Ty\u00f6kyvytt\u00f6myysel\u00e4kkeelle&hellip;","protected":false,"raw":""},"author":1,"featured_media":0,"comment_status":"open","ping_status":"open","sticky":false,"template":"","format":"standard","meta":{"_mi_skip_tracking":false,"_fi_post_content":"<div id=\"articleHeader\"><\/div>                                                                                                                                                                                                                     <div id=\"parent-fieldname-description\">                   Uusista el\u00e4kkeensaajista noin 25 prosenttia siirtyy ty\u00f6kyvytt\u00f6myysel\u00e4kkeelle, p\u00e4\u00e4osin mielenterveyteen tai tuki- ja liikuntaelimiin liittyvien syiden vuoksi.- M\u00e4\u00e4r\u00e4 on huomattava ja siksi on t\u00e4rke\u00e4\u00e4 tiet\u00e4\u00e4, kuinka ik\u00e4\u00e4ntyminen vaikuttaa t\u00e4h\u00e4n terveytens\u00e4 puolesta haavoittuvaan ryhm\u00e4\u00e4n, dosentti Monika von Bonsdorff Jyv\u00e4skyl\u00e4n yliopistosta toteaa.                 <\/div>                                                                                                                       <div id=\"content-core\">                                                             <div id=\"parent-fieldname-text\">            <p><b>Ty\u00f6kyvytt\u00f6myysel\u00e4kkeelle siirtyminen kohensi terveytt\u00e4<\/b><\/p><p><span>Syd\u00e4n- ja verisuonisairauksien ja liikunta- ja tukielinsairauksien sek\u00e4 mielenterveysongelmien vuoksi ty\u00f6kyvytt\u00f6myysel\u00e4kkeelle siirtyneiden sairaalahoidon tarve kasvoi selv\u00e4sti siirtymist\u00e4 edelt\u00e4v\u00e4n\u00e4 vuonna. Ty\u00f6kyvytt\u00f6myysel\u00e4kkeelle siirtyminen n\u00e4ytti vaikuttavan positiivisesti ik\u00e4\u00e4ntyvien henkil\u00f6iden terveyteen, sill\u00e4 hoidon tarve laski siirtymisen j\u00e4lkeisen\u00e4 vuonna. Hoidon tarpeen lasku saattoi johtua ty\u00f6n aiheuttaman rasituksen poistumisesta.<\/span><\/p><p><span>- Erityisesti mielenterveysongelmien vuoksi ty\u00f6kyvytt\u00f6myysel\u00e4kkeelle siirtyneiden naisten terveyteen tulisi kiinnitt\u00e4\u00e4 huomiota, sill\u00e4 heid\u00e4n keskuudessaan ei tapahtunut vastaavaa laskua, von Bonsdorff korostaa.<\/span><\/p><p><span>Vanhuusel\u00e4kkeelle siirtyneiden sairaalahoidon tarve oli kauttaaltaan pienemp\u00e4\u00e4 verrattuna ty\u00f6kyvytt\u00f6myysel\u00e4kkeelle siirtyneisiin, eik\u00e4 el\u00e4kkeelle siirtyminen vaikuttanut sairaalahoidon tarpeen vaihteluun.<\/span><\/p><p><b>Parempi ty\u00f6kyky keski-i\u00e4ss\u00e4 suojaa vanhuuden liikkumisvaikeuksilta<\/b><\/p><p><span>Ty\u00f6el\u00e4m\u00e4 saattaa joko hidastaa tai nopeuttaa liikkumiskyvyn vaikeuksien ilmaantumista. Kunta-alan pitkitt\u00e4istutkimuksessa liikkumiskyvyn todettiin olevan huonompi ty\u00f6kyvytt\u00f6myysel\u00e4kkeelle siirtyneiden keskuudessa verrattuna vanhuusel\u00e4kkeelle siirtyneisiin. Lis\u00e4ksi keski-i\u00e4n ty\u00f6kyvyn havaittiin suojaavan vanhuus- ja ty\u00f6kyvytt\u00f6myysel\u00e4kkeelle siirtyneit\u00e4 vanhuuden liikkumiskyvyn heikkenemiselt\u00e4.<\/span><\/p><p><span>- Ty\u00f6kyvyn tukeminen keski-i\u00e4ss\u00e4 kantaa siis pitk\u00e4ll\u00e4 aikav\u00e4lill\u00e4 hedelm\u00e4\u00e4, vaikka lyhyell\u00e4 aikav\u00e4lill\u00e4 se ei onnistuisi ennaltaehk\u00e4isem\u00e4\u00e4n ty\u00f6kyvytt\u00f6myysel\u00e4kkeelle siirtymist\u00e4, von Bonsdorff huomauttaa.<\/span><\/p><p><span>Keski-i\u00e4n ty\u00f6kyvyn vaikutusmekanismit vanhuuden liikkumiskykyyn voivat liitty\u00e4 keski-i\u00e4n resursseihin, motivaatioseikkoihin tai mahdollisuuteen s\u00e4ilytt\u00e4\u00e4 tihe\u00e4mpi sosiaalinen verkosto. Ik\u00e4\u00e4ntyneiden liikkumiskyvyn tukemisella on taloudellinen merkitys, sill\u00e4 heikentynyt liikkumiskyky vaarantaa itsen\u00e4isen asumisen ja aktiivisen ik\u00e4\u00e4ntymisen.<\/span><\/p><p><span>Tutkimukset toteutettiin Jyv\u00e4skyl\u00e4n yliopiston terveystieteiden laitoksen Gerontologian tutkimuskeskuksessa. Ne perustuvat Ty\u00f6terveyslaitoksen\u00a028 vuoden\u00a0seuranta-aineistoon, jossa oli mukana l\u00e4hes 6000 kunta-alan ty\u00f6ntekij\u00e4\u00e4 ja toimihenkil\u00f6\u00e4. Heit\u00e4 on seurattu vuosien 1981 ja 2009 v\u00e4lisen\u00e4 aikana viiten\u00e4 ajankohtana. Tutkijaryhm\u00e4 koostuu Jyv\u00e4skyl\u00e4n yliopiston Gerontologian tutkimuskeskuksen, Ty\u00f6terveyslaitoksen ja Tampereen yliopiston tutkijoista.<\/span><\/p><p><span>Suomen Akatemian ja Kuntien el\u00e4kevakuutuksen rahoittaman\u00a0tutkimuksen tulokset\u00a0julkaistiin BMC Public Health ja Journal of Public Health -lehdiss\u00e4.<\/span><\/p><p><strong>Lis\u00e4tietoja:<br \/><\/strong><span>Tutkijatohtori, dosentti Monika von Bonsdorff, Gerontologian tutkimuskeskus, Jyv\u00e4skyl\u00e4n yliopisto, p. 040\u00a0541 2524, <\/span><a href=\"mailto:\/\/monika.bonsdorff@jyu.fi\"  target=\"_blank\">monika.bonsdorff@jyu.fi<\/a><\/p><p>Alkuper\u00e4isjulkaisut:<\/p><p><span>von Bonsdorff ME, Rantanen T, T\u00f6rm\u00e4kangas T, Kulmala J, Hinrichs T, Seitsamo J, Nyg\u00e5rd C-H, Ilmarinen J, von Bonsdorff MB. Midlife work ability and mobility limitation in old age among non-disability and disability retirees - a prospective study. BMC Public Health, 2016;16:154, doi: 10.1186\/s12889-016-2846-y.<\/span><\/p><p><span>von Bonsdorff ME, Rantanen T, T\u00f6rm\u00e4kangas T, Kulmala J, Seitsamo J, Nyg\u00e5rd C-H, Ilmarinen J, von Bonsdorff MB. Type of retirement as a determinant of pre- and post of retirement hospital care use - a prospective study. Journal of Public Health, 2015;37:707\u2013715. epub, doi: 10.1093\/pubmed\/fdu100.<\/span><\/p>        <\/div>                                                                                                                  ","_fi_post_name":"tyokyvyttomyyselakkeelle-siirtyminen-vahentaa-sairaalahoidon-tarvetta","_fi_post_excerpt":"","_fi_post_title":"Tutkimusjulkaisu: Ty\u00f6kyvytt\u00f6myysel\u00e4kkeelle siirtyminen v\u00e4hent\u00e4\u00e4 sairaalahoidon tarvetta","_en_post_content":"","_en_post_name":"","_en_post_excerpt":"","_en_post_title":"","edit_language":"en","footnotes":""},"categories":[130,1],"tags":[],"class_list":["post-326","post","type-post","status-publish","format-standard","hentry","category-tiedeuutiset","category-yleinen","entry","no-media"],"_links":{"self":[{"href":"https:\/\/www.gerec.fi\/en\/wp-json\/wp\/v2\/posts\/326","targetHints":{"allow":["GET"]}}],"collection":[{"href":"https:\/\/www.gerec.fi\/en\/wp-json\/wp\/v2\/posts"}],"about":[{"href":"https:\/\/www.gerec.fi\/en\/wp-json\/wp\/v2\/types\/post"}],"author":[{"embeddable":true,"href":"https:\/\/www.gerec.fi\/en\/wp-json\/wp\/v2\/users\/1"}],"replies":[{"embeddable":true,"href":"https:\/\/www.gerec.fi\/en\/wp-json\/wp\/v2\/comments?post=326"}],"version-history":[{"count":1,"href":"https:\/\/www.gerec.fi\/en\/wp-json\/wp\/v2\/posts\/326\/revisions"}],"predecessor-version":[{"id":5367,"href":"https:\/\/www.gerec.fi\/en\/wp-json\/wp\/v2\/posts\/326\/revisions\/5367"}],"wp:attachment":[{"href":"https:\/\/www.gerec.fi\/en\/wp-json\/wp\/v2\/media?parent=326"}],"wp:term":[{"taxonomy":"category","embeddable":true,"href":"https:\/\/www.gerec.fi\/en\/wp-json\/wp\/v2\/categories?post=326"},{"taxonomy":"post_tag","embeddable":true,"href":"https:\/\/www.gerec.fi\/en\/wp-json\/wp\/v2\/tags?post=326"}],"curies":[{"name":"wp","href":"https:\/\/api.w.org\/{rel}","templated":true}]}}