{"id":325,"date":"2018-12-11T20:17:07","date_gmt":"2018-12-11T20:17:07","guid":{"rendered":"https:\/\/gerec.fi\/2018\/12\/11\/gerec-radio-moreenissa-vanhuus-suomessa\/"},"modified":"2019-02-21T17:41:50","modified_gmt":"2019-02-21T15:41:50","slug":"","status":"publish","type":"post","link":"https:\/\/www.gerec.fi\/en\/gerec-radio-moreenissa-vanhuus-suomessa\/","title":{"rendered":"","raw":""},"content":{"rendered":"","protected":false,"raw":""},"excerpt":{"rendered":"Vanhuus Suomessa kuullaan Radio Moreenissa keskiviikkoisin 24.2.2016 alkaen klo 17.30 ja uusintana sunnuntaisin klo 11.30. Radio Moreenin Vanhuus Suomessa -ohjelmasarjassa tarkastellaan vanhenemista useista n\u00e4k\u00f6kulmista. Asiantuntijoiden kanssa keskustellaan vanhenemisen fyysisist\u00e4 ja psyykkisist\u00e4 puolista, vanhan ihmisen asumisesta, hoidosta ja esimerkiksi siit\u00e4, pit\u00e4v\u00e4tk\u00f6&hellip;","protected":false,"raw":""},"author":1,"featured_media":0,"comment_status":"open","ping_status":"open","sticky":false,"template":"","format":"standard","meta":{"_mi_skip_tracking":false,"_fi_post_content":"<div id=\"articleHeader\"><\/div>                                                                                                                                                                                                                     <div id=\"parent-fieldname-description\">                   Vanhuus Suomessa kuullaan Radio Moreenissa keskiviikkoisin 24.2.2016 alkaen klo 17.30 ja uusintana sunnuntaisin klo 11.30.                 <\/div>                                                                                                                       <div id=\"content-core\">                                                             <div id=\"parent-fieldname-text\">            <p>Radio Moreenin Vanhuus Suomessa -ohjelmasarjassa tarkastellaan vanhenemista useista n\u00e4k\u00f6kulmista. Asiantuntijoiden kanssa keskustellaan vanhenemisen fyysisist\u00e4 ja psyykkisist\u00e4 puolista, vanhan ihmisen asumisesta, hoidosta ja esimerkiksi siit\u00e4, pit\u00e4v\u00e4tk\u00f6 robotit huolta tulevaisuuden vanhuksista ihmisten sijaan.<\/p><p><a href=\"http:\/\/radio.uta.fi\/vanhuus-suomessa-radio-moreenin-uudessa-keskusteluohjelmassa-katsotaan-vanhuutta-lempeasti-silmiin\/\"  target=\"_blank\">http:\/\/radio.uta.fi\/vanhuus-suomessa-radio-moreenin-uudessa-keskusteluohjelmassa-katsotaan-vanhuutta-lempeasti-silmiin\/<\/a><\/p>        <\/div>                                                                                                                  ","_fi_post_name":"gerec-radio-moreenissa-vanhuus-suomessa","_fi_post_excerpt":"","_fi_post_title":"GEREC Radio Moreenissa: Mit\u00e4 on vanhuus nyt ja tulevaisuudessa?","_en_post_content":"","_en_post_name":"","_en_post_excerpt":"","_en_post_title":"","edit_language":"en","footnotes":""},"categories":[130,1],"tags":[],"class_list":["post-325","post","type-post","status-publish","format-standard","hentry","category-tiedeuutiset","category-yleinen","entry","no-media"],"_links":{"self":[{"href":"https:\/\/www.gerec.fi\/en\/wp-json\/wp\/v2\/posts\/325","targetHints":{"allow":["GET"]}}],"collection":[{"href":"https:\/\/www.gerec.fi\/en\/wp-json\/wp\/v2\/posts"}],"about":[{"href":"https:\/\/www.gerec.fi\/en\/wp-json\/wp\/v2\/types\/post"}],"author":[{"embeddable":true,"href":"https:\/\/www.gerec.fi\/en\/wp-json\/wp\/v2\/users\/1"}],"replies":[{"embeddable":true,"href":"https:\/\/www.gerec.fi\/en\/wp-json\/wp\/v2\/comments?post=325"}],"version-history":[{"count":1,"href":"https:\/\/www.gerec.fi\/en\/wp-json\/wp\/v2\/posts\/325\/revisions"}],"predecessor-version":[{"id":5366,"href":"https:\/\/www.gerec.fi\/en\/wp-json\/wp\/v2\/posts\/325\/revisions\/5366"}],"wp:attachment":[{"href":"https:\/\/www.gerec.fi\/en\/wp-json\/wp\/v2\/media?parent=325"}],"wp:term":[{"taxonomy":"category","embeddable":true,"href":"https:\/\/www.gerec.fi\/en\/wp-json\/wp\/v2\/categories?post=325"},{"taxonomy":"post_tag","embeddable":true,"href":"https:\/\/www.gerec.fi\/en\/wp-json\/wp\/v2\/tags?post=325"}],"curies":[{"name":"wp","href":"https:\/\/api.w.org\/{rel}","templated":true}]}}