{"id":322,"date":"2018-12-11T20:17:07","date_gmt":"2018-12-11T20:17:07","guid":{"rendered":"https:\/\/gerec.fi\/2018\/12\/11\/gerocenter-saation-kevatseminaari-jyvaskylassa-11\/"},"modified":"2019-02-21T17:41:50","modified_gmt":"2019-02-21T15:41:50","slug":"","status":"publish","type":"post","link":"https:\/\/www.gerec.fi\/en\/gerocenter-saation-kevatseminaari-jyvaskylassa-11\/","title":{"rendered":"","raw":""},"content":{"rendered":"","protected":false,"raw":""},"excerpt":{"rendered":"Digiloikka vanhuspalveluissa - K\u00e4yt\u00e4nn\u00f6n kokemuksia mobiiliteknologian ja virtuaalisten palveluiden hy\u00f6dynt\u00e4misest\u00e4 ik\u00e4ihmisille Seminaariohjelman l\u00f6yd\u00e4t t\u00e4st\u00e4. Gerontologian tutkimuskeskusPL 35, 40014 Jyv\u00e4skyl\u00e4n yliopistoK\u00e4yntiosoite: Rautpohjankatu 8Gerontologian tutkimuskeskus33014 Tampereen yliopistoK\u00e4yntiosoite: Arvo Ylp\u00f6n katu 34","protected":false,"raw":""},"author":1,"featured_media":0,"comment_status":"open","ping_status":"open","sticky":false,"template":"","format":"standard","meta":{"_mi_skip_tracking":false,"_fi_post_content":"<div id=\"articleHeader\"><\/div>                                                                                                                                                                                                                     <div id=\"parent-fieldname-description\">                   Digiloikka vanhuspalveluissa - K\u00e4yt\u00e4nn\u00f6n kokemuksia mobiiliteknologian ja virtuaalisten palveluiden hy\u00f6dynt\u00e4misest\u00e4 ik\u00e4ihmisille                <\/div>                                                                                                                       <div id=\"content-core\">                                                             <div id=\"parent-fieldname-text\">            <p>Seminaariohjelman l\u00f6yd\u00e4t <a href=\"https:\/\/gerec.fi\/wp-content\/uploads\/attachments\/GC_seminaariohjelma_2016.pdf\"  target=\"_blank\">t\u00e4st\u00e4.<\/a><\/p>        <\/div>                                                                                                                              <div id=\"portal-footer-wrapper\">    <div id=\"portal-footer\">            <div id=\"portal-footer-content\"><table><tbody><tr><td colspan=\"2\"><p>Gerontologian tutkimuskeskus<\/p><p>PL 35, <br \/>40014 Jyv\u00e4skyl\u00e4n yliopisto<\/p><p>K\u00e4yntiosoite: Rautpohjankatu 8<\/p><\/td><td colspan=\"2\"><p>Gerontologian tutkimuskeskus<\/p><p>33014 Tampereen yliopisto<\/p>K\u00e4yntiosoite: Arvo Ylp\u00f6n katu 34<\/td><\/tr><\/tbody><\/table><\/div>    ","_fi_post_name":"gerocenter-saation-kevatseminaari-jyvaskylassa-11","_fi_post_excerpt":"","_fi_post_title":"GeroCenter s\u00e4\u00e4ti\u00f6n kev\u00e4tseminaari Jyv\u00e4skyl\u00e4ss\u00e4 11.4.2016","_en_post_content":"","_en_post_name":"","_en_post_excerpt":"","_en_post_title":"","edit_language":"en","footnotes":""},"categories":[130,1],"tags":[],"class_list":["post-322","post","type-post","status-publish","format-standard","hentry","category-tiedeuutiset","category-yleinen","entry","no-media"],"_links":{"self":[{"href":"https:\/\/www.gerec.fi\/en\/wp-json\/wp\/v2\/posts\/322","targetHints":{"allow":["GET"]}}],"collection":[{"href":"https:\/\/www.gerec.fi\/en\/wp-json\/wp\/v2\/posts"}],"about":[{"href":"https:\/\/www.gerec.fi\/en\/wp-json\/wp\/v2\/types\/post"}],"author":[{"embeddable":true,"href":"https:\/\/www.gerec.fi\/en\/wp-json\/wp\/v2\/users\/1"}],"replies":[{"embeddable":true,"href":"https:\/\/www.gerec.fi\/en\/wp-json\/wp\/v2\/comments?post=322"}],"version-history":[{"count":1,"href":"https:\/\/www.gerec.fi\/en\/wp-json\/wp\/v2\/posts\/322\/revisions"}],"predecessor-version":[{"id":5363,"href":"https:\/\/www.gerec.fi\/en\/wp-json\/wp\/v2\/posts\/322\/revisions\/5363"}],"wp:attachment":[{"href":"https:\/\/www.gerec.fi\/en\/wp-json\/wp\/v2\/media?parent=322"}],"wp:term":[{"taxonomy":"category","embeddable":true,"href":"https:\/\/www.gerec.fi\/en\/wp-json\/wp\/v2\/categories?post=322"},{"taxonomy":"post_tag","embeddable":true,"href":"https:\/\/www.gerec.fi\/en\/wp-json\/wp\/v2\/tags?post=322"}],"curies":[{"name":"wp","href":"https:\/\/api.w.org\/{rel}","templated":true}]}}