{"id":32,"date":"2018-10-23T08:22:26","date_gmt":"2018-10-23T06:22:26","guid":{"rendered":"https:\/\/gerec.fi\/vaitos-26-10-2018-tek%c2%adno%c2%adlo%c2%adgi%c2%adset-apu%c2%adva%c2%adli%c2%adneet-pa%c2%adran%c2%adta%c2%advat-muis%c2%adti%c2%adsai%c2%adraan-ar%c2%adkea-oi%c2%adkein-kay%c2%adtet%c2%adty%c2%adna\/"},"modified":"2019-02-21T17:41:52","modified_gmt":"2019-02-21T15:41:52","slug":"","status":"publish","type":"post","link":"https:\/\/www.gerec.fi\/en\/vaitos-26-10-2018-tek%c2%adno%c2%adlo%c2%adgi%c2%adset-apu%c2%adva%c2%adli%c2%adneet-pa%c2%adran%c2%adta%c2%advat-muis%c2%adti%c2%adsai%c2%adraan-ar%c2%adkea-oi%c2%adkein-kay%c2%adtet%c2%adty%c2%adna\/","title":{"rendered":"","raw":""},"content":{"rendered":"","protected":false,"raw":""},"excerpt":{"rendered":"V\u00e4it\u00f6stutkimuksessa tarkasteltiin muistisairaiden henkil\u00f6iden ja heid\u00e4n l\u00e4heistens\u00e4 kokemuksia teknologian k\u00e4ytt\u00f6\u00f6notosta ja vaikutuksista heid\u00e4n arkeensa. Erityisen\u00e4 tarkastelun kohteena olivat teknologiaan liittyv\u00e4t tarpeet, koetut hy\u00f6dyt ja haitat sek\u00e4 eettiset haasteet. - Sosiaaliset tarpeet sek\u00e4 autonomian s\u00e4ilytt\u00e4miseen ja liikkumiseen liittyv\u00e4t tarpeet korostuvat muistisairaiden&hellip;","protected":false,"raw":""},"author":1,"featured_media":0,"comment_status":"closed","ping_status":"closed","sticky":false,"template":"","format":"standard","meta":{"_mi_skip_tracking":false,"_fi_post_content":"<p>V\u00e4it\u00f6stutkimuksessa tarkasteltiin muistisairaiden henkil\u00f6iden ja heid\u00e4n l\u00e4heistens\u00e4 kokemuksia teknologian k\u00e4ytt\u00f6\u00f6notosta ja vaikutuksista heid\u00e4n arkeensa. Erityisen\u00e4 tarkastelun kohteena olivat teknologiaan liittyv\u00e4t tarpeet, koetut hy\u00f6dyt ja haitat sek\u00e4 eettiset haasteet.<\/p> <p>- Sosiaaliset tarpeet sek\u00e4 autonomian s\u00e4ilytt\u00e4miseen ja liikkumiseen liittyv\u00e4t tarpeet korostuvat muistisairaiden ihmisten arjessa. Teknologia voi auttaa, kunhan huomioidaan koko muistisairasta ihmist\u00e4 ymp\u00e4r\u00f6iv\u00e4 sosiaalinen verkosto, huolellinen ja toistuva ohjaus, teknologian k\u00e4yt\u00f6n oikea-aikaisuus ja muistisairaan henkil\u00f6n motivointi laitteen k\u00e4ytt\u00f6\u00f6n, kiteytt\u00e4\u00e4 tohtorikoulutettava Merja Riikonen Jyv\u00e4skyl\u00e4n yliopiston liikuntatieteellisest\u00e4 tiedekunnasta.<\/p> <p>Tutkimuksessa ilmeni, ett\u00e4 teknologiaa hy\u00f6dynt\u00e4v\u00e4 ymp\u00e4rist\u00f6 rajoittaa muistisairaan autonomiaa v\u00e4hemm\u00e4n kuin ymp\u00e4rist\u00f6, jossa sit\u00e4 ei k\u00e4ytet\u00e4. Rajoittaminen ja lukitut ovet voidaan korvata erilaisilla teknologisilla ratkaisuilla.<\/p> <p>- Teknologialla, kuten esimerkiksi seurantarannekkeella on kuitenkin my\u00f6s negatiivisia vaikutuksia, jos siin\u00e4 on muistisairaan ihmisen arkea h\u00e4iritsevi\u00e4 elementtej\u00e4, se aiheuttaa kiistaa l\u00e4heisen ja sairastuneen v\u00e4lill\u00e4 tai jos se leimaa k\u00e4ytt\u00e4j\u00e4\u00e4ns\u00e4, Riikonen lis\u00e4\u00e4.<\/p> <h3>Tek\u00adno\u00adlo\u00adgian k\u00e4yt\u00adt\u00f6\u00e4 tu\u00adlee har\u00adki\u00adta yk\u00adsi\u00adl\u00f6\u00adkoh\u00adtai\u00adses\u00adti<\/h3> <p>Oikein k\u00e4ytettyn\u00e4 teknologia tukee muistisairaan ihmisen arkea, s\u00e4ilytt\u00e4\u00e4 muistisairaan arvokkuuden kokemusta, parantaa l\u00e4heisen jaksamista eik\u00e4 h\u00e4iritse muistisairaan ihmisen arkea.<\/p> <p>- Teknologian k\u00e4yt\u00f6n eettisyyden tai ep\u00e4eettisyyden kussakin tilanteessa m\u00e4\u00e4rittelee muistisairaan ihmisen tarve, motivaatio, kokemus laitteesta, aikaisemman el\u00e4m\u00e4n kokemukset saman tyyppisist\u00e4 tilanteista, persoona ja my\u00f6s sairauden vaihe, Riikonen luettelee.<\/p> <p>- Tilanne tulisi harkita jokaisen muistisairaan ihmisen kohdalla yksil\u00f6llisesti.<\/p> <p>Jos kotona asuvilta muistisairailta ihmisilt\u00e4 puuttuu sosiaalinen verkosto, he erist\u00e4ytyv\u00e4t ja syrj\u00e4ytyv\u00e4t. Lis\u00e4ksi yksin\u00e4isyys altistaa my\u00f6s kodin vangiksi j\u00e4\u00e4miselle.<\/p> <p>- T\u00e4ll\u00e4 hetkell\u00e4 yhteiskunnassamme on iso ryhm\u00e4 muistisairaita ihmisi\u00e4, joiden liikkumista rajoitetaan toistuvasti. Teknologisilla ratkaisuilla voidaan turvallisuutta ja itsem\u00e4\u00e4r\u00e4\u00e4misoikeutta lis\u00e4t\u00e4, koska se mahdollistaa itsen\u00e4isen liikkumisen turvallisesti, Riikonen sanoo.<\/p> <p>Tutkimuksessa k\u00e4ytettiin etnografista n\u00e4k\u00f6kulmaa haastattelemalla ja havainnoimalla muistisairaita ihmisi\u00e4 ja heid\u00e4n l\u00e4heisi\u00e4\u00e4n teknologisten apuv\u00e4lineiden k\u00e4ytt\u00f6tilanteissa. Ensimm\u00e4inen vaihe toteutettiin vuosina 2004\u20132007 ja kohderyhm\u00e4n\u00e4 olivat 25 muistisairautta sairastavaa kotona yksin tai omaishoitajansa kanssa asuvaa henkil\u00f6\u00e4 sek\u00e4 heid\u00e4n 25 l\u00e4heist\u00e4\u00e4n. Koteihin vietiin yhteens\u00e4 29 erilaista laitetta. Toinen keruuvaihe toteutettiin vuosina 2012\u20132014, jolloin 20 muistisairasta ihmist\u00e4 ja 20 heid\u00e4n l\u00e4heist\u00e4\u00e4n osallistui tutkimukseen. Yhteens\u00e4 tutkimukseen osallistui 90 henkil\u00f6\u00e4. Toisessa aineiston keruuvaiheessa teknologinen v\u00e4line oli GPS-kello. Tutkimus toteutettiin Etel\u00e4-Pohjanmaalla.<\/p> <p>FM Merja Riikosen gerontologian ja kansanterveyden v\u00e4it\u00f6skirjan \u201dMuistisairaan ihmisen kokemukset teknologiasta osana arkea - turvaa vai tunkeilevuutta?\u201d tarkastustilaisuus 26.10.2018 klo 12 alkaen Jyv\u00e4skyl\u00e4n yliopiston salissa L304.\u00a0Vastav\u00e4itt\u00e4j\u00e4n\u00e4 dosentti P\u00e4ivi Topo (Ik\u00e4instituutti, Helsinki) ja kustoksena professori\u00a0Taina Rantanen (Jyv\u00e4skyl\u00e4n yliopisto). V\u00e4it\u00f6stilaisuuden kieli on suomi.<\/p> <p>Merja Riikonen valmistui Ilmajoen lukiosta 1986. Filosofian maisteriksi kotimaisesta kirjallisuudesta ja folkloristiikasta Helsingin yliopistosta h\u00e4n valmistui 1995. Vuodesta 1998 alkaen Riikonen on ty\u00f6skennellyt erilaisissa, p\u00e4\u00e4asiassa teknologiaan ja muistisairauteen liittyviss\u00e4 tutkimus- ja kehitt\u00e4misteht\u00e4viss\u00e4. Gerontologian jatko-opinnot h\u00e4n aloitti 2005. T\u00e4ll\u00e4 hetkell\u00e4 h\u00e4n ty\u00f6skentelee FinFami Etel\u00e4n-Pohjanmaa ry:n vt. toiminnanjohtajana ja ik\u00e4\u00e4ntyneiden omaisty\u00f6ntekij\u00e4n\u00e4.<\/p> <p><b><br \/>Julkaisutiedot:<\/b><\/p> <p>Teos on julkaistu sarjassa JYU Dissertations 24, 87 s., Jyv\u00e4skyl\u00e4 2018, ISSN: 2489-9003, ISBN: 978-951-39-7568-5\u00a0 (PDF). Pysyv\u00e4 linkki v\u00e4it\u00f6skirjaan: <a href=\"http:\/\/urn.f\/URN:ISBN:978-951-39-7568-5\" rel=\"noopener noreferrer\" target=\"_blank\">http:\/\/urn.f\/URN:ISBN:978-951-39-7568-5<\/a><\/p> <p><b><br \/>Lis\u00e4tietoja:<\/b><\/p> <ul> <li>FM Merja Riikonen, 045\u00a0265 8881, <a href=\"mailto:merkku.riikonen@gmail.com\">merkku.riikonen@gmail.com<\/a><\/li> <li>Tiedottaja Martta Walker, 040 8054717, <a href=\"mailto:martta.a.walker@jyu.fi\">martta.a.walker@jyu.fi<\/a><\/li> <\/ul> ","_fi_post_name":"vaitos-26-10-2018-tek%c2%adno%c2%adlo%c2%adgi%c2%adset-apu%c2%adva%c2%adli%c2%adneet-pa%c2%adran%c2%adta%c2%advat-muis%c2%adti%c2%adsai%c2%adraan-ar%c2%adkea-oi%c2%adkein-kay%c2%adtet%c2%adty%c2%adna","_fi_post_excerpt":"","_fi_post_title":"V\u00e4it\u00f6s 26.10.2018: Tek\u00adno\u00adlo\u00adgi\u00adset apu\u00adv\u00e4\u00adli\u00adneet pa\u00adran\u00adta\u00advat muis\u00adti\u00adsai\u00adraan ar\u00adkea oi\u00adkein k\u00e4y\u00adtet\u00adty\u00adn\u00e4","_en_post_content":"","_en_post_name":"","_en_post_excerpt":"","_en_post_title":"","edit_language":"en","footnotes":""},"categories":[130,1],"tags":[],"class_list":["post-32","post","type-post","status-publish","format-standard","hentry","category-tiedeuutiset","category-yleinen","entry","no-media"],"_links":{"self":[{"href":"https:\/\/www.gerec.fi\/en\/wp-json\/wp\/v2\/posts\/32","targetHints":{"allow":["GET"]}}],"collection":[{"href":"https:\/\/www.gerec.fi\/en\/wp-json\/wp\/v2\/posts"}],"about":[{"href":"https:\/\/www.gerec.fi\/en\/wp-json\/wp\/v2\/types\/post"}],"author":[{"embeddable":true,"href":"https:\/\/www.gerec.fi\/en\/wp-json\/wp\/v2\/users\/1"}],"replies":[{"embeddable":true,"href":"https:\/\/www.gerec.fi\/en\/wp-json\/wp\/v2\/comments?post=32"}],"version-history":[{"count":1,"href":"https:\/\/www.gerec.fi\/en\/wp-json\/wp\/v2\/posts\/32\/revisions"}],"predecessor-version":[{"id":5347,"href":"https:\/\/www.gerec.fi\/en\/wp-json\/wp\/v2\/posts\/32\/revisions\/5347"}],"wp:attachment":[{"href":"https:\/\/www.gerec.fi\/en\/wp-json\/wp\/v2\/media?parent=32"}],"wp:term":[{"taxonomy":"category","embeddable":true,"href":"https:\/\/www.gerec.fi\/en\/wp-json\/wp\/v2\/categories?post=32"},{"taxonomy":"post_tag","embeddable":true,"href":"https:\/\/www.gerec.fi\/en\/wp-json\/wp\/v2\/tags?post=32"}],"curies":[{"name":"wp","href":"https:\/\/api.w.org\/{rel}","templated":true}]}}