{"id":316,"date":"2018-12-11T20:17:07","date_gmt":"2018-12-11T20:17:07","guid":{"rendered":"https:\/\/gerec.fi\/2018\/12\/11\/erc-advanced-grant-professori-taina-rantaselle\/"},"modified":"2019-02-21T17:41:50","modified_gmt":"2019-02-21T15:41:50","slug":"","status":"publish","type":"post","link":"https:\/\/www.gerec.fi\/en\/erc-advanced-grant-professori-taina-rantaselle\/","title":{"rendered":"","raw":""},"content":{"rendered":"","protected":false,"raw":""},"excerpt":{"rendered":"Ik\u00e4\u00e4ntymistutkimukseen yli kaksi miljoonaa euroa Jyv\u00e4skyl\u00e4n yliopistoon Euroopan tutkimusneuvosto on my\u00f6nt\u00e4nyt professori Taina Rantaselle arvostetun, yli kahden miljoonan euron suuruisen ERC Advanced Grant -rahoituksen. Se on laatuaan ensimm\u00e4inen Jyv\u00e4skyl\u00e4n yliopistossa. Sen saajat ovat erityisen ansioituneita, varttuneita tutkijoita.\u00a0Rantanen tutkii aktiivisena vanhenemista&hellip;","protected":false,"raw":""},"author":1,"featured_media":0,"comment_status":"open","ping_status":"open","sticky":false,"template":"","format":"standard","meta":{"_mi_skip_tracking":false,"_fi_post_content":"<div id=\"articleHeader\"><\/div>                                                                                                                                                                                                                     <div id=\"parent-fieldname-description\">                   Ik\u00e4\u00e4ntymistutkimukseen yli kaksi miljoonaa euroa  Jyv\u00e4skyl\u00e4n yliopistoon                <\/div>                                                                                                                       <div id=\"content-core\">                                                             <div id=\"parent-fieldname-text\">            <p>Euroopan tutkimusneuvosto on my\u00f6nt\u00e4nyt professori <b>Taina Rantaselle<\/b> arvostetun, yli kahden miljoonan euron suuruisen ERC Advanced Grant -rahoituksen. Se on laatuaan ensimm\u00e4inen Jyv\u00e4skyl\u00e4n yliopistossa. Sen saajat ovat erityisen ansioituneita, varttuneita tutkijoita.\u00a0<\/p><p>Rantanen tutkii aktiivisena vanhenemista Jyv\u00e4skyl\u00e4n yliopiston Gerontologian tutkimuskeskuksessa.<br \/>\u00a0\u2013 Aktiivisena vanheneminen tarkoittaa sit\u00e4, ett\u00e4 henkil\u00f6 tekee ja toteuttaa p\u00e4\u00e4t\u00f6kset omista asioistaan, h\u00e4n selvent\u00e4\u00e4. Viime vuosina on puhuttu paljon vanhusten toimintakyvyn merkityksest\u00e4, mutta keskustelu on rajoittunut terveyden ymp\u00e4rille.<\/p><p>Toiveena on l\u00f6yt\u00e4\u00e4 toimintatapoja, joilla vanhusten yhteiskunnallista osallistumista voitaisiin parantaa. <br \/>\u2013 Pit\u00e4isi korostaa sit\u00e4, ett\u00e4 vanhuksilla on oikeus osallistua aktiivisena yhteiskunnan toimintaan omien tavoitteidensa ja kykyjens\u00e4 mukaisesti. Tulee liian suppea kuva, jos tutkijat puhuvat vain toimintakyvyn ongelmista ja palveluntarpeista, Rantanen sanoo.<\/p><p>ERC-projektin tavoitteena on kehitt\u00e4\u00e4 uusi mittari aktiivisena vanhenemisen arviointiin. Toimintakyvyn lis\u00e4ksi tutkijat selvitt\u00e4v\u00e4t vanhuksen tavoitteita, toimintaa ja tyytyv\u00e4isyytt\u00e4. Keskeiset kysymykset ovat: Mit\u00e4 vanhus pystyy tekem\u00e4\u00e4n? Mit\u00e4 h\u00e4n tekee? Mit\u00e4 h\u00e4n haluaisi tehd\u00e4? Miten tyytyv\u00e4inen h\u00e4n on mahdollisuuksiinsa tehd\u00e4?\u00a0\u00a0<\/p><p>Toiveena on my\u00f6s l\u00f6yt\u00e4\u00e4 uusia toimintatapoja, joilla aktiivisena vanhenemista ja osallistumismahdollisuuksia voitaisiin parantaa. <br \/>\u2013 Pit\u00e4isi l\u00e4hte\u00e4 liikkeelle siit\u00e4, mitk\u00e4 ovat ihmisen yksil\u00f6lliset halut, professori tiivist\u00e4\u00e4.\u00a0\u00a0<\/p><p><b>Vanhuksia ei saa vangita kotiin\u00a0<\/b><\/p><p>Rantasen mielest\u00e4 vanhusten pit\u00e4isi muiden tavoin p\u00e4\u00e4st\u00e4 mukaan monenlaisiin el\u00e4m\u00e4ntilanteisiin, k\u00e4ym\u00e4\u00e4n torilla ja kyl\u00e4ilem\u00e4\u00e4n. Kenenk\u00e4\u00e4n ei pit\u00e4isi joutua vangiksi omaan asuntoonsa. <br \/>\u2013 Nyt on menossa sellainen hype, ett\u00e4 vanhusten pit\u00e4isi asua mahdollisimman pitk\u00e4\u00e4n kotona, vaikka kotipalvelut ovat riitt\u00e4m\u00e4tt\u00f6m\u00e4t. Tilanne on hankala. Rajoittunut elinpiiri ja hyv\u00e4 el\u00e4m\u00e4nlaatu eiv\u00e4t esiinny koskaan yhdess\u00e4, Rantanen luonnehtii.\u00a0\u00a0<\/p><p>Rantasen ryhm\u00e4 kutsuu ERC-projektissa tutkimuksiin 75-, 80- ja 85-vuotiaita jyv\u00e4skyl\u00e4l\u00e4isi\u00e4. Tavoitteena on 1 000 osallistujaa. Tutkijat kartoittavat heid\u00e4n toimintakyky\u00e4\u00e4n sek\u00e4 kyselev\u00e4t heid\u00e4n omia tavoitteitaan ja tyytyv\u00e4isyytt\u00e4\u00e4n toimintamahdollisuuksiinsa.<\/p><p>Vastaavan tyyppinen tutkimus on tehty Jyv\u00e4skyl\u00e4ss\u00e4 vuosina 1989\u20131990. <br \/>\u2013 On mielenkiintoista vertailla, ovatko esimerkiksi nykyiset tutkittavat kuntonsa perusteella nuorempia kuin samanik\u00e4iset tutkittavat tuohon aikaan. N\u00e4in voisi ajatella, sill\u00e4 elinik\u00e4 on noussut ja nykyiset 75-vuotiaat ovat kolmisen vuotta kauempana kuolemastaan, Rantanen arvioi.\u00a0\u00a0<\/p><p>Rantasen tutkimusryhm\u00e4 ottaa huomioon monia eri n\u00e4k\u00f6kulmia, sill\u00e4 joukossa on eri tieteenalojen edustajia, muun muassa terveys-, liikunta- ja k\u00e4ytt\u00e4ytymistieteilij\u00f6it\u00e4.<br \/>\u2013 Tavoitteenani on l\u00f6yt\u00e4\u00e4 ratkaisuja. Haluaisin, ett\u00e4 mahdollisimman monella vanhalla ihmisell\u00e4 asiat ovat mahdollisimman hyvin, Rantanen kertoo.\u00a0\u00a0<\/p><p><b>Lis\u00e4tietoja: <\/b><\/p><p>Taina Rantanen, +358 40 805 3590, <a href=\"mailto:\/\/taina.rantanen@jyu.fi\"  target=\"_blank\">taina.rantanen@jyu.fi<\/a><\/p><p>tiedottaja Anitta Kananen <a href=\"mailto:\/\/tiedotus@jyu.fi\"  target=\"_blank\">tiedotus@jyu.fi<\/a>, puh. +358 40 805 4142<\/p><div><div><h4>Lis\u00e4tietoja<\/h4>Taina Rantanen<br \/><a href=\"mailto:\/\/taina.rantanen@jyu.fi\"  target=\"_blank\">taina.rantanen@jyu.fi<\/a><br \/>+358 40 805 3590<\/div>                                                                                                                          ","_fi_post_name":"erc-advanced-grant-professori-taina-rantaselle","_fi_post_excerpt":"","_fi_post_title":"ERC Advanced Grant professori Taina Rantaselle","_en_post_content":"","_en_post_name":"","_en_post_excerpt":"","_en_post_title":"","edit_language":"en","footnotes":""},"categories":[130,1],"tags":[],"class_list":["post-316","post","type-post","status-publish","format-standard","hentry","category-tiedeuutiset","category-yleinen","entry","no-media"],"_links":{"self":[{"href":"https:\/\/www.gerec.fi\/en\/wp-json\/wp\/v2\/posts\/316","targetHints":{"allow":["GET"]}}],"collection":[{"href":"https:\/\/www.gerec.fi\/en\/wp-json\/wp\/v2\/posts"}],"about":[{"href":"https:\/\/www.gerec.fi\/en\/wp-json\/wp\/v2\/types\/post"}],"author":[{"embeddable":true,"href":"https:\/\/www.gerec.fi\/en\/wp-json\/wp\/v2\/users\/1"}],"replies":[{"embeddable":true,"href":"https:\/\/www.gerec.fi\/en\/wp-json\/wp\/v2\/comments?post=316"}],"version-history":[{"count":1,"href":"https:\/\/www.gerec.fi\/en\/wp-json\/wp\/v2\/posts\/316\/revisions"}],"predecessor-version":[{"id":5357,"href":"https:\/\/www.gerec.fi\/en\/wp-json\/wp\/v2\/posts\/316\/revisions\/5357"}],"wp:attachment":[{"href":"https:\/\/www.gerec.fi\/en\/wp-json\/wp\/v2\/media?parent=316"}],"wp:term":[{"taxonomy":"category","embeddable":true,"href":"https:\/\/www.gerec.fi\/en\/wp-json\/wp\/v2\/categories?post=316"},{"taxonomy":"post_tag","embeddable":true,"href":"https:\/\/www.gerec.fi\/en\/wp-json\/wp\/v2\/tags?post=316"}],"curies":[{"name":"wp","href":"https:\/\/api.w.org\/{rel}","templated":true}]}}