{"id":314,"date":"2018-12-11T20:17:07","date_gmt":"2018-12-11T20:17:07","guid":{"rendered":"https:\/\/gerec.fi\/2018\/12\/11\/keski-ian-terveydentila-ja-psyykkiset-oireet-vanhuuden-kognitiivisen-ja-fyysisen-toimintakyvyn-heikentymisen-ennustajina-pscog\/"},"modified":"2018-12-11T20:17:07","modified_gmt":"2018-12-11T20:17:07","slug":"","status":"publish","type":"post","link":"https:\/\/www.gerec.fi\/en\/keski-ian-terveydentila-ja-psyykkiset-oireet-vanhuuden-kognitiivisen-ja-fyysisen-toimintakyvyn-heikentymisen-ennustajina-pscog\/","title":{"rendered":"","raw":""},"content":{"rendered":"","protected":false,"raw":""},"excerpt":{"rendered":"Keski-i\u00e4n terveydentila ja psyykkiset oireet vanhuuden kognitiivisen ja fyysisen toimintakyvyn heikentymisen ennustajina (PSCog) Keski-i\u00e4n terveydentila ja psyykkiset oireet vanhuuden kognitiivisen ja fyysisen toimintakyvyn heikentymisen ennustajina (PSCog) Tutkimuksen tarkoituksena on selvitt\u00e4\u00e4 keski-i\u00e4n psykososiaalisten oireiden, kuten stressin ja ty\u00f6h\u00f6n liittyvien negatiivisten reaktioiden,&hellip;","protected":false,"raw":""},"author":1,"featured_media":0,"comment_status":"open","ping_status":"open","sticky":false,"template":"","format":"standard","meta":{"_mi_skip_tracking":false,"_fi_post_content":"<div id=\"articleHeader\"><h1>                    Keski-i\u00e4n terveydentila ja psyykkiset oireet vanhuuden kognitiivisen ja fyysisen toimintakyvyn heikentymisen ennustajina (PSCog)                <\/h1><\/div>                                                                                                                                                                                                                                                                                                                                            <div id=\"content-core\">                                                     <div id=\"parent-fieldname-text-925ae1b4-f0e8-4ec6-920e-a950b5ad878b\">            <p style=\"text-align: left; \"><b><span style=\"text-decoration: underline;\">Keski-i\u00e4n terveydentila ja psyykkiset oireet vanhuuden kognitiivisen ja fyysisen toimintakyvyn heikentymisen ennustajina (PSCog) <\/span><\/b><\/p><p>Tutkimuksen tarkoituksena on selvitt\u00e4\u00e4 keski-i\u00e4n psykososiaalisten oireiden, kuten stressin ja ty\u00f6h\u00f6n liittyvien negatiivisten reaktioiden, sek\u00e4 itse arvioidun terveydentilan yhteytt\u00e4 kognitiivisten kykyjen heikentymiseen, dementiaan, Alzheimerin tautiin\u00a0ja toiminnan vajauksien syntyyn vanhuudessa. Lis\u00e4ksi selvitet\u00e4\u00e4n, onko fyysisen ja psyykkisen toimintakyvyn heikentymisen taustalla\u00a0mahdollisesti samoja riskitekij\u00f6it\u00e4. Tutkimuksen tarkoituksena on\u00a0l\u00f6yt\u00e4\u00e4 tekij\u00f6it\u00e4, joihin vaikuttamalla ik\u00e4\u00e4ntyneiden fyysisen ja psyykkisen toimintakyvyn heikentymist\u00e4 voidaan hidastaa.<\/p><p>Tutkimus toteutetaan vuosina 2011\u20132014 Jyv\u00e4skyl\u00e4n yliopiston Gerontologian tutkimuskeskuksen, Tukholman Karoliinisen Instituutin ja It\u00e4-Suomen\u00a0yliopiston v\u00e4lisen\u00e4 yhteisty\u00f6n\u00e4. Tutkimuksen aineistoina k\u00e4ytet\u00e4\u00e4n kolmea jo olemassa olevaa epidemiologista pitkitt\u00e4isaineistoa (WRACA, CAIDE, GeMS), joissa seuranta-aika on noin 30 vuotta. T\u00e4llaisten aineistojen kautta saadaan ainutlaatuista tietoa ik\u00e4\u00e4ntymisprosessista ja siihen keski-i\u00e4st\u00e4 asti vaikuttavista tekij\u00f6ist\u00e4.<\/p><p style=\"text-align: left; \"><b>Vastuullinen tutkija<\/b><\/p><p style=\"text-align: left; \">Tutkijatohtori Jenni Kulmala, jenni.kulmala[at]jyu.fi<\/p><p style=\"text-align: left; \"><b>Rahoittajat<\/b><\/p><p style=\"text-align: left; \">Suomen Akatemia<\/p><p style=\"text-align: left; \"><b>Yhteisty\u00f6tahoja<\/b><\/p><p>Aging Research Centre (ARC), Karolinska Institutet, Tukholma<\/p><p>It\u00e4-Suomen yliopisto<\/p><p>Terveyden ja hyvinvoinnin laitos (THL)<\/p><p>Ty\u00f6terveyslaitos<\/p><p style=\"text-align: left; \"><b>Keskeiset julkaisut<\/b><\/p><p>Kulmala J, von Bonsdorff MB, Stenholm S, T\u00f6rm\u00e4kangas T, von Bonsdorff ME, Nyg\u00e5rd CH, Klockars M, Seitsamo J, Ilmarinen J, Rantanen T. Perceived stress symptoms in midlife predict disability in old age. A 28-year prospective cohort study. J Gerontol A Biol Sci Med Sci. 2013;Aug;68(8):984-91. doi: 10.1093\/gerona\/gls339<\/p><p style=\"text-align: justify; \"><span>Kulmala J,\u00a0Irma Nyk\u00e4nen, Minna M\u00e4nty, Sirpa Hartikainen. <\/span><span>The Association between Frailty and Dementia. <\/span><span>A Population-Based Study. <\/span><span>Gerontology. <\/span><span>2013 Aug 17. [Epub ahead of print].<\/span><\/p>                    <\/div>                                                                                                                      ","_fi_post_name":"keski-ian-terveydentila-ja-psyykkiset-oireet-vanhuuden-kognitiivisen-ja-fyysisen-toimintakyvyn-heikentymisen-ennustajina-pscog","_fi_post_excerpt":"","_fi_post_title":"Keski-i\u00e4n terveydentila ja psyykkiset oireet vanhuuden kognitiivisen ja fyysisen toimintakyvyn heikentymisen ennustajina (PSCog)","_en_post_content":"","_en_post_name":"","_en_post_excerpt":"","_en_post_title":"","edit_language":"en","footnotes":""},"categories":[1],"tags":[],"class_list":["post-314","post","type-post","status-publish","format-standard","hentry","category-yleinen","entry","no-media"],"_links":{"self":[{"href":"https:\/\/www.gerec.fi\/en\/wp-json\/wp\/v2\/posts\/314","targetHints":{"allow":["GET"]}}],"collection":[{"href":"https:\/\/www.gerec.fi\/en\/wp-json\/wp\/v2\/posts"}],"about":[{"href":"https:\/\/www.gerec.fi\/en\/wp-json\/wp\/v2\/types\/post"}],"author":[{"embeddable":true,"href":"https:\/\/www.gerec.fi\/en\/wp-json\/wp\/v2\/users\/1"}],"replies":[{"embeddable":true,"href":"https:\/\/www.gerec.fi\/en\/wp-json\/wp\/v2\/comments?post=314"}],"version-history":[{"count":0,"href":"https:\/\/www.gerec.fi\/en\/wp-json\/wp\/v2\/posts\/314\/revisions"}],"wp:attachment":[{"href":"https:\/\/www.gerec.fi\/en\/wp-json\/wp\/v2\/media?parent=314"}],"wp:term":[{"taxonomy":"category","embeddable":true,"href":"https:\/\/www.gerec.fi\/en\/wp-json\/wp\/v2\/categories?post=314"},{"taxonomy":"post_tag","embeddable":true,"href":"https:\/\/www.gerec.fi\/en\/wp-json\/wp\/v2\/tags?post=314"}],"curies":[{"name":"wp","href":"https:\/\/api.w.org\/{rel}","templated":true}]}}