{"id":313,"date":"2018-12-11T20:17:07","date_gmt":"2018-12-11T20:17:07","guid":{"rendered":"https:\/\/gerec.fi\/2018\/12\/11\/yksilolliset-ja-tyohon-liittyvat-tekijat-dynaamisen-elakkeelle-siirtymisen-ja-aktiivisen-ikaantymisen-ennustajina-dynamo\/"},"modified":"2018-12-11T20:17:07","modified_gmt":"2018-12-11T20:17:07","slug":"","status":"publish","type":"post","link":"https:\/\/www.gerec.fi\/en\/yksilolliset-ja-tyohon-liittyvat-tekijat-dynaamisen-elakkeelle-siirtymisen-ja-aktiivisen-ikaantymisen-ennustajina-dynamo\/","title":{"rendered":"","raw":""},"content":{"rendered":"","protected":false,"raw":""},"excerpt":{"rendered":"Yksil\u00f6lliset ja ty\u00f6h\u00f6n liittyv\u00e4t tekij\u00e4t dynaamisen el\u00e4kkeelle siirtymisen ja aktiivisen ik\u00e4\u00e4ntymisen ennustajina (Dynamo) Yksil\u00f6lliset ja ty\u00f6h\u00f6n liittyv\u00e4t tekij\u00e4t dynaamisen el\u00e4kkeelle siirtymisen ja aktiivisen ik\u00e4\u00e4ntymisen ennustajina (Dynamo) T\u00e4ss\u00e4 monitieteisess\u00e4 tutkimushankkeessa yhdistyv\u00e4t terveys- ja taloustieteet sek\u00e4 psykologinen n\u00e4k\u00f6kulma. Tutkimuksessa tarkastellaan el\u00e4m\u00e4nkulun n\u00e4k\u00f6kulmasta&hellip;","protected":false,"raw":""},"author":1,"featured_media":0,"comment_status":"open","ping_status":"open","sticky":false,"template":"","format":"standard","meta":{"_mi_skip_tracking":false,"_fi_post_content":"<div id=\"articleHeader\"><h1>                    Yksil\u00f6lliset ja ty\u00f6h\u00f6n liittyv\u00e4t tekij\u00e4t dynaamisen el\u00e4kkeelle siirtymisen ja aktiivisen ik\u00e4\u00e4ntymisen ennustajina (Dynamo)                <\/h1><\/div>                                                                                                                                                                                                                                                                                                                                            <div id=\"content-core\">                                                     <div id=\"parent-fieldname-text-343e33ae-f148-4b99-a8d9-3b57dfa5943b\">            <p style=\"text-align: left; \"><b><span style=\"text-decoration: underline;\">Yksil\u00f6lliset ja ty\u00f6h\u00f6n liittyv\u00e4t tekij\u00e4t dynaamisen el\u00e4kkeelle siirtymisen ja aktiivisen ik\u00e4\u00e4ntymisen ennustajina (Dynamo) <\/span><\/b><\/p><p style=\"text-align: left; \">T\u00e4ss\u00e4 monitieteisess\u00e4 tutkimushankkeessa yhdistyv\u00e4t terveys- ja taloustieteet sek\u00e4 psykologinen n\u00e4k\u00f6kulma. Tutkimuksessa tarkastellaan el\u00e4m\u00e4nkulun n\u00e4k\u00f6kulmasta lapsuuden ja varhaisnuoruuden persoonallisuuden kehityksen yhteyksi\u00e4 keski-i\u00e4n ty\u00f6ss\u00e4 jatkamisaikeisin. Lis\u00e4ksi tarkastellaan ty\u00f6el\u00e4m\u00e4n pitk\u00e4aikaisia vaikutuksia vanhuuden terveyteen, kykyyn suoriutua p\u00e4ivitt\u00e4isist\u00e4 toiminnoista ja hyvinvointiin. Tutkimuksessa hy\u00f6dynnet\u00e4\u00e4n aineistoa Jyv\u00e4skyl\u00e4n yliopiston Lapsesta aikuiseksi \u2013tutkimuksesta (LAKU 1968-2009) <a href=\"https:\/\/www.jyu.fi\/ytk\/laitokset\/psykologia\/en\/research\/programs-and-projects\/jyls\"  target=\"_blank\">https:\/\/www.jyu.fi\/ytk\/laitokset\/psykologia\/en\/research\/programs-and-projects\/jyls<\/a> sek\u00e4 aineistoa Ty\u00f6terveyslaitoksen Ik\u00e4\u00e4ntyv\u00e4 kunta-ty\u00f6ntekij\u00e4 \u2013 tutkimuksesta (KVTEL 1981-2009).<\/p><p style=\"text-align: left; \">Tutkimus tuottaa tietoa, joka hy\u00f6dynt\u00e4\u00e4 ty\u00f6el\u00e4m\u00e4n toimijoita ty\u00f6ntekij\u00f6iden ty\u00f6ss\u00e4 jatkamisen kannustamisessa sek\u00e4 vanhuuden aikaisen aktiivisen el\u00e4m\u00e4n tukemisessa. Tutkimushankkeeseen sis\u00e4ltyy liikkuvuusjaksoja, jotka vietet\u00e4\u00e4n Yhdysvalloissa, University of Floridassa sek\u00e4 Aalto-yliopiston kauppakorkeakoulussa. Hanke toteutetaan 1.6.2012-31.1.2015 v\u00e4lisen\u00e4 aikana.<\/p><p style=\"text-align: left; \"><b>Vastuullinen tutkija<\/b><\/p><p style=\"text-align: left; \">Tutkijatohtori Monika von Bonsdorff, KTT; monika.bonsdorff[at]jyu.fi, terveystieteiden laitos, Jyv\u00e4skyl\u00e4n yliopisto<\/p><p style=\"text-align: left; \"><b>Hankkeen rahoittaja<\/b><\/p><p style=\"text-align: left; \">Suomen Akatemia<\/p><p style=\"text-align: left; \"><b>Yhteisty\u00f6tahoja<\/b><\/p><p style=\"text-align: left; \">Aalto-yliopiston kauppakorkeakoulu ja University of Florida, Gainesville,\u00a0FL, USA<\/p>                    <\/div>                                                                                                                      ","_fi_post_name":"yksilolliset-ja-tyohon-liittyvat-tekijat-dynaamisen-elakkeelle-siirtymisen-ja-aktiivisen-ikaantymisen-ennustajina-dynamo","_fi_post_excerpt":"","_fi_post_title":"Yksil\u00f6lliset ja ty\u00f6h\u00f6n liittyv\u00e4t tekij\u00e4t dynaamisen el\u00e4kkeelle siirtymisen ja aktiivisen ik\u00e4\u00e4ntymisen ennustajina (Dynamo)","_en_post_content":"","_en_post_name":"","_en_post_excerpt":"","_en_post_title":"","edit_language":"en","footnotes":""},"categories":[1],"tags":[],"class_list":["post-313","post","type-post","status-publish","format-standard","hentry","category-yleinen","entry","no-media"],"_links":{"self":[{"href":"https:\/\/www.gerec.fi\/en\/wp-json\/wp\/v2\/posts\/313","targetHints":{"allow":["GET"]}}],"collection":[{"href":"https:\/\/www.gerec.fi\/en\/wp-json\/wp\/v2\/posts"}],"about":[{"href":"https:\/\/www.gerec.fi\/en\/wp-json\/wp\/v2\/types\/post"}],"author":[{"embeddable":true,"href":"https:\/\/www.gerec.fi\/en\/wp-json\/wp\/v2\/users\/1"}],"replies":[{"embeddable":true,"href":"https:\/\/www.gerec.fi\/en\/wp-json\/wp\/v2\/comments?post=313"}],"version-history":[{"count":0,"href":"https:\/\/www.gerec.fi\/en\/wp-json\/wp\/v2\/posts\/313\/revisions"}],"wp:attachment":[{"href":"https:\/\/www.gerec.fi\/en\/wp-json\/wp\/v2\/media?parent=313"}],"wp:term":[{"taxonomy":"category","embeddable":true,"href":"https:\/\/www.gerec.fi\/en\/wp-json\/wp\/v2\/categories?post=313"},{"taxonomy":"post_tag","embeddable":true,"href":"https:\/\/www.gerec.fi\/en\/wp-json\/wp\/v2\/tags?post=313"}],"curies":[{"name":"wp","href":"https:\/\/api.w.org\/{rel}","templated":true}]}}