{"id":311,"date":"2018-12-11T20:17:07","date_gmt":"2018-12-11T20:17:07","guid":{"rendered":"https:\/\/gerec.fi\/2018\/12\/11\/tervaskannot-90-tutkimuksen-tiedonkeruu-etenee\/"},"modified":"2018-12-11T20:17:07","modified_gmt":"2018-12-11T20:17:07","slug":"","status":"publish","type":"post","link":"https:\/\/www.gerec.fi\/en\/tervaskannot-90-tutkimuksen-tiedonkeruu-etenee\/","title":{"rendered":"","raw":""},"content":{"rendered":"","protected":false,"raw":""},"excerpt":{"rendered":"Tervaskannot 90+- tutkimuksen tiedonkeruu etenee Tutkimuslomakkeet l\u00e4htiv\u00e4t kirjeess\u00e4 yhteens\u00e4 2530 tamperelaiselle vuonna 1928 ja sit\u00e4 aikaisemmin syntyneille henkil\u00f6lle torstaina 22. maaliskuuta. Voit seurata tutkimuksen etenemist\u00e4 t\u00e4ll\u00e4 sivulla (uusimmasta vanhimpaan). Lis\u00e4\u00e4mme p\u00e4ivityksi\u00e4 tutkimuksen eri vaiheista. Maanantaina 21.5.Tutkimuksen tiedonkeruu on edennyt hyvin.&hellip;","protected":false,"raw":""},"author":1,"featured_media":0,"comment_status":"open","ping_status":"open","sticky":false,"template":"","format":"standard","meta":{"_mi_skip_tracking":false,"_fi_post_content":"<div id=\"articleHeader\"><h1>                    Tervaskannot 90+- tutkimuksen tiedonkeruu etenee                <\/h1><\/div>                                                                                                                                                                                                                     <div id=\"parent-fieldname-description\">                   Tutkimuslomakkeet l\u00e4htiv\u00e4t kirjeess\u00e4 yhteens\u00e4 2530 tamperelaiselle vuonna 1928 ja sit\u00e4 aikaisemmin syntyneille henkil\u00f6lle torstaina 22. maaliskuuta. Voit seurata tutkimuksen etenemist\u00e4 t\u00e4ll\u00e4 sivulla (uusimmasta vanhimpaan). Lis\u00e4\u00e4mme p\u00e4ivityksi\u00e4 tutkimuksen eri vaiheista.                 <\/div>                                                                                                                       <div id=\"content-core\">                                                     <div id=\"parent-fieldname-text-5b76bdf0640c463eadcd887c90f09568\">            <p><strong>Maanantaina 21.5.<\/strong><\/p><p>Tutkimuksen tiedonkeruu on edennyt hyvin. selv\u00e4 enemmist\u00f6 kyselyn saajista on vastannut ja tutkimusta on esitelty monissa tiedotusv\u00e4lineiss\u00e4 ja tilaisuuksissa. Sote- uudistuksesta k\u00e4ydyt keskustelut ovat tehneet todenmukaisen tiedon saamisen kaikkein vanhimpien ihmisten tilanteesta ja tarpeista entist\u00e4 t\u00e4rke\u00e4mm\u00e4ksi.<\/p><p>\u00a0Viime viikolla l\u00e4hetimme muistutuskirjeen niille tutkimusryhm\u00e4\u00e4n kuuluville joilta emme viel\u00e4 ole saaneet vastausta. Jos kuulut tutkittaviin, muista vastata! Jos sinulla on yli 90-vuotias omainen tai asiakas, pyyd\u00e4mme, ett\u00e4 muistuttaisit h\u00e4nt\u00e4 tutkimuksesta, auttaisit vastaamisessa ja tarvittaessa vastaisit h\u00e4nen puolestaan.<\/p><p><b>Tiistaihin 17.4. <\/b>menness\u00e4\u00a0on saapunut 1391 vastausta.<\/p><p>Olemme saaneet tutkittavilta monenlaisia terveisi\u00e4, my\u00f6s valokuvia. T\u00e4ss\u00e4 kuvassa on Helka Haavisto s.1923 ja poikansa Esko, omaishoitaja sek\u00e4 omaishoitajan lomittaja, tekniikan ylioppilas Konsta Peltoniemi. Ulkoilu pirist\u00e4\u00e4!<\/p><p><strong>Perjantaina 13.4<\/strong>.\u00a0olemme saaneet jo 1250 vastausta, eli noin puolet kirjeen saajista on \u00a0vastannut. Odottelemme siis viel\u00e4 toista puolikasta!<\/p><p>Tamperelainen \u2013lehti kertoi tutkimuksestamme keskiviikkona 11.4.<\/p><p><strong>Maanantaiaamup\u00e4iv\u00e4\u00e4n 9.4.<\/strong> menness\u00e4 olemme saaneet jo yli 700 vastausta. T\u00e4m\u00e4 on hieno alku. Suuret kiitokset kaikille t\u00e4h\u00e4nastiselle vastaajille!<\/p><p>Toivomme kovasti, ett\u00e4 jokainen kirjeen saanut vastaa. Jokaisen vastaus on ainutlaatuinen ja oikean kuvan saamiseksi t\u00e4m\u00e4n ik\u00e4ryhm\u00e4n el\u00e4m\u00e4st\u00e4 tarvitsemme vastauksen ihan jokaiselta.<\/p><p>Monet kyselyn saaneet ovat my\u00f6s soittaneet meille. Puhelut ovat v\u00e4litt\u00e4neet meille paljon tietoa heid\u00e4n el\u00e4m\u00e4ntilanteestaan ja mielipiteist\u00e4\u00e4n. Kiitos!<\/p><p>Omaisilta olemme saaneet kuulla joidenkin tutkittaviemme hiljattaisesta poismenosta. Olemme hyvin kiitollisia, ett\u00e4 omaiset ovat jaksaneet ottaa meihin yhteytt\u00e4.<\/p><p>Tutkimuksemme onnistuminen on kokonaan riippuvainen tutkittaviemme, heid\u00e4n omaistensa ja ik\u00e4\u00e4ntyneiden palveluiden ty\u00f6ntekij\u00f6iden yhteisty\u00f6st\u00e4. Arvostamme sit\u00e4 suuresti.<\/p><p>Odottelemme siis lis\u00e4\u00e4 vastauksia ja olemme iloisia jokaisesta!<\/p><p>YLEn Pirkanmaan Uutiset kutsui Marja Jylh\u00e4 haastateltavaksi tutkimuksesta<strong> tiistaina 27.3.<\/strong> Aamulehti kertoi tutkimuksesta n\u00e4kyv\u00e4sti p\u00e4\u00e4si\u00e4islauantaina lauantaina 31.3.<\/p><\/div>                                                                                                                      ","_fi_post_name":"tervaskannot-90-tutkimuksen-tiedonkeruu-etenee","_fi_post_excerpt":"","_fi_post_title":"Tervaskannot 90+- tutkimuksen tiedonkeruu etenee","_en_post_content":"","_en_post_name":"","_en_post_excerpt":"","_en_post_title":"","edit_language":"en","footnotes":""},"categories":[1],"tags":[],"class_list":["post-311","post","type-post","status-publish","format-standard","hentry","category-yleinen","entry","no-media"],"_links":{"self":[{"href":"https:\/\/www.gerec.fi\/en\/wp-json\/wp\/v2\/posts\/311","targetHints":{"allow":["GET"]}}],"collection":[{"href":"https:\/\/www.gerec.fi\/en\/wp-json\/wp\/v2\/posts"}],"about":[{"href":"https:\/\/www.gerec.fi\/en\/wp-json\/wp\/v2\/types\/post"}],"author":[{"embeddable":true,"href":"https:\/\/www.gerec.fi\/en\/wp-json\/wp\/v2\/users\/1"}],"replies":[{"embeddable":true,"href":"https:\/\/www.gerec.fi\/en\/wp-json\/wp\/v2\/comments?post=311"}],"version-history":[{"count":0,"href":"https:\/\/www.gerec.fi\/en\/wp-json\/wp\/v2\/posts\/311\/revisions"}],"wp:attachment":[{"href":"https:\/\/www.gerec.fi\/en\/wp-json\/wp\/v2\/media?parent=311"}],"wp:term":[{"taxonomy":"category","embeddable":true,"href":"https:\/\/www.gerec.fi\/en\/wp-json\/wp\/v2\/categories?post=311"},{"taxonomy":"post_tag","embeddable":true,"href":"https:\/\/www.gerec.fi\/en\/wp-json\/wp\/v2\/tags?post=311"}],"curies":[{"name":"wp","href":"https:\/\/api.w.org\/{rel}","templated":true}]}}