{"id":31,"date":"2018-10-23T13:25:00","date_gmt":"2018-10-23T11:25:00","guid":{"rendered":"https:\/\/gerec.fi\/artikkelijulkaisu-pitkaaikaishoidon-filosofisesta-perustasta\/"},"modified":"2019-02-21T17:41:49","modified_gmt":"2019-02-21T15:41:49","slug":"","status":"publish","type":"post","link":"https:\/\/www.gerec.fi\/en\/artikkelijulkaisu-pitkaaikaishoidon-filosofisesta-perustasta\/","title":{"rendered":"","raw":""},"content":{"rendered":"","protected":false,"raw":""},"excerpt":{"rendered":"Tuoreessa artikkelissaan\u00a0Ten forms of recognition and misrecognition in long-term care for older people\u00a0Arto Laitinen ja Jari Pirhonen pohtivat filosofisessa tutkimuksessa nykyisin suosittua tunnustamisen tematiikkaa vanhojen ihmisten pitk\u00e4aikaishoidossa. He esittelev\u00e4t kymmenkohtaisen listauksen tunnustamisen erilaisista ulottuvuuksista, jotka yhdess\u00e4 muodostavat perustan ihmisarvoiselle ja&hellip;","protected":false,"raw":""},"author":1,"featured_media":0,"comment_status":"closed","ping_status":"closed","sticky":false,"template":"","format":"standard","meta":{"_mi_skip_tracking":false,"_fi_post_content":"<p>Tuoreessa artikkelissaan\u00a0<em><a class=\"external\" href=\"http:\/\/www.gerec.fi\/ajankohtaista\/pitkaaikaishoidon-filosofisesta-perustasta\" target=\"_blank\">Ten forms of recognition and misrecognition in long-term care for older people<\/a><\/em>\u00a0Arto Laitinen ja Jari Pirhonen pohtivat filosofisessa tutkimuksessa nykyisin suosittua tunnustamisen tematiikkaa vanhojen ihmisten pitk\u00e4aikaishoidossa. He esittelev\u00e4t kymmenkohtaisen listauksen tunnustamisen erilaisista ulottuvuuksista, jotka yhdess\u00e4 muodostavat perustan ihmisarvoiselle ja persoonalliselle el\u00e4m\u00e4lle pitk\u00e4aikaishoidossa. Kenelle ja miss\u00e4 m\u00e4\u00e4rin pitk\u00e4aikaishoidossa olevien vanhojen ihmisten hyv\u00e4n el\u00e4m\u00e4n edist\u00e4minen kuuluu?<\/p> <p>\u00a0<\/p> <p>Lis\u00e4tietoja:<\/p> <p>Tutkijatohtori Jari Pirhonen, Gerontologian tutkimuskeskus ja Yhteiskuntatieteiden tiedekunta, Tampereen yliopisto, <a href=\"mailto:jari.pirhonen@uta.fi\">jari.pirhonen@uta.fi<\/a>, puh. 050\u00a0318 7336<\/p> <p>Professori Arto Laitinen, Yhteiskuntatieteiden tiedekunta, Tampereen yliopisto, <a href=\"mailto:arto.laitinen@uta.fi\">arto.laitinen@uta.fi<\/a>, puh. 050 318 7018<\/p> ","_fi_post_name":"artikkelijulkaisu-pitkaaikaishoidon-filosofisesta-perustasta","_fi_post_excerpt":"","_fi_post_title":"Artikkelijulkaisu: Pitk\u00e4aikaishoidon filosofisesta perustasta","_en_post_content":"","_en_post_name":"","_en_post_excerpt":"","_en_post_title":"","edit_language":"en","footnotes":""},"categories":[130,1],"tags":[],"class_list":["post-31","post","type-post","status-publish","format-standard","hentry","category-tiedeuutiset","category-yleinen","entry","no-media"],"_links":{"self":[{"href":"https:\/\/www.gerec.fi\/en\/wp-json\/wp\/v2\/posts\/31","targetHints":{"allow":["GET"]}}],"collection":[{"href":"https:\/\/www.gerec.fi\/en\/wp-json\/wp\/v2\/posts"}],"about":[{"href":"https:\/\/www.gerec.fi\/en\/wp-json\/wp\/v2\/types\/post"}],"author":[{"embeddable":true,"href":"https:\/\/www.gerec.fi\/en\/wp-json\/wp\/v2\/users\/1"}],"replies":[{"embeddable":true,"href":"https:\/\/www.gerec.fi\/en\/wp-json\/wp\/v2\/comments?post=31"}],"version-history":[{"count":1,"href":"https:\/\/www.gerec.fi\/en\/wp-json\/wp\/v2\/posts\/31\/revisions"}],"predecessor-version":[{"id":5346,"href":"https:\/\/www.gerec.fi\/en\/wp-json\/wp\/v2\/posts\/31\/revisions\/5346"}],"wp:attachment":[{"href":"https:\/\/www.gerec.fi\/en\/wp-json\/wp\/v2\/media?parent=31"}],"wp:term":[{"taxonomy":"category","embeddable":true,"href":"https:\/\/www.gerec.fi\/en\/wp-json\/wp\/v2\/categories?post=31"},{"taxonomy":"post_tag","embeddable":true,"href":"https:\/\/www.gerec.fi\/en\/wp-json\/wp\/v2\/tags?post=31"}],"curies":[{"name":"wp","href":"https:\/\/api.w.org\/{rel}","templated":true}]}}